{"id":199761,"date":"2025-06-24T03:32:15","date_gmt":"2025-06-24T03:32:15","guid":{"rendered":"https:\/\/www.europesays.com\/fr\/199761\/"},"modified":"2025-06-24T03:32:15","modified_gmt":"2025-06-24T03:32:15","slug":"bordeaux-fete-le-vin-sera-de-retour-en-2026","status":"publish","type":"post","link":"https:\/\/www.europesays.com\/fr\/199761\/","title":{"rendered":"Bordeaux F\u00eate le vin sera de retour en 2026"},"content":{"rendered":"<p><img decoding=\"async\" class=\"\" style=\"width:100%\" src=\"https:\/\/www.europesays.com\/fr\/wp-content\/uploads\/2025\/06\/_Alexis_Lacroix__oeildalex_241750685569057.jpg\" alt=\"Bordeaux F\u00eate le vin 2025\"\/><\/p>\n<p>Bordeaux F\u00eate le vin 2025<\/p>\n<p>Cr\u00e9dit : Alexis Lacroix<\/p>\n<p><a href=\"https:\/\/www.bordeaux-fete-le-vin.com\" rel=\"noopener\" target=\"_blank\"><strong>Bordeaux F\u00eate le vin<\/strong><\/a><strong> a battu son plein cette ann\u00e9e<\/strong>. C&rsquo;est sous le soleil, voir m\u00eame des temp\u00e9ratures caniculaires vendredi et samedi, que des milliers de personnes se sont pr\u00e9ss\u00e9s sur la rive gauche entre la Place du Parlement et le CAPC pour c\u00e9l\u00e9brer les vignobles et appelations de Bordeaux.<\/p>\n<p>Sur les <strong>9 pavillons de vins<\/strong> r\u00e9partis sur l&rsquo;ensemble du site, se sont pas moins de <strong>250 000 d\u00e9gustations<\/strong> qui ont \u00e9t\u00e9 servis aux visiteurs, du ros\u00e9 au rouge en passant par le blanc et le cr\u00e9ment.<\/p>\n<p>Cette ann\u00e9e la nouveaut\u00e9 r\u00e9sidait notamment dans <strong>un second pass de d\u00e9gustation, le Pass 4, incluant 4 d\u00e9gustations <\/strong>qui \u00e9tait demand\u00e9 depuis plusieurs ann\u00e9es par les visiteurs pour \u00eatre propos\u00e9 en plus du Pass10+. Une premi\u00e8re pl\u00e9biscit\u00e9 par les visiteurs puisque le nombre de vente de pass a l\u00e9g\u00e8rement augment\u00e9 cette ann\u00e9e : <strong>35 500 cette ann\u00e9e contre 35000 en 2024.<\/strong><\/p>\n<p>L&rsquo;\u00e9v\u00e8nement tablait aussi sur l&rsquo;aspect environnemental de la d\u00e9marche avec le r\u00e9emploi des bouteilles de vin. <strong>30 000 bouteilles ouvertes pendant ces quatre jours ont d\u00e9j\u00e0 \u00e9t\u00e9 recup\u00e9r\u00e9es et seront tri\u00e9es et lav\u00e9es pour \u00eatre de nouveau utilis\u00e9es<\/strong>.<\/p>\n<p>Bordeaux F\u00eate le vin sera de <strong>retour en 2026<\/strong> (les dates restent \u00e0 confirmer) pour une nouvelle \u00e9dition. Avant une ann\u00e9e 2027 qui s&rsquo;annonce m\u00e9morable puisque Bordeaux F\u00eate le vin accueillera le <strong>d\u00e9part de la Tall Ships Race du 7 au 11 juillet 2027, avec pas moins de 40 grands voiliers du monde entier<\/strong>.\u00a0<\/p>\n","protected":false},"excerpt":{"rendered":"Bordeaux F\u00eate le vin 2025 Cr\u00e9dit : Alexis Lacroix Bordeaux F\u00eate le vin a battu son plein cette&hellip;\n","protected":false},"author":2,"featured_media":199762,"comment_status":"","ping_status":"","sticky":false,"template":"","format":"standard","meta":{"footnotes":""},"categories":[2817],"tags":[1111,11,15021,1997,33916,2904,1777,674,1011,27,16871,26480,12,2219,33917,25,4940,7289,33919,33918],"class_list":{"0":"post-199761","1":"post","2":"type-post","3":"status-publish","4":"format-standard","5":"has-post-thumbnail","7":"category-bordeaux","8":"tag-actu","9":"tag-actualites","10":"tag-blanc","11":"tag-bordeaux","12":"tag-bordeaux-fete-le-fin","13":"tag-bordeaux-metropole","14":"tag-eu","15":"tag-europe","16":"tag-fr","17":"tag-france","18":"tag-grave","19":"tag-medoc","20":"tag-news","21":"tag-nouvelle-aquitaine","22":"tag-quai-rive-gauche","23":"tag-republique-francaise","24":"tag-rose","25":"tag-rouge","26":"tag-saint-emilion","27":"tag-sauterne"},"share_on_mastodon":{"url":"","error":""},"_links":{"self":[{"href":"https:\/\/www.europesays.com\/fr\/wp-json\/wp\/v2\/posts\/199761","targetHints":{"allow":["GET"]}}],"collection":[{"href":"https:\/\/www.europesays.com\/fr\/wp-json\/wp\/v2\/posts"}],"about":[{"href":"https:\/\/www.europesays.com\/fr\/wp-json\/wp\/v2\/types\/post"}],"author":[{"embeddable":true,"href":"https:\/\/www.europesays.com\/fr\/wp-json\/wp\/v2\/users\/2"}],"replies":[{"embeddable":true,"href":"https:\/\/www.europesays.com\/fr\/wp-json\/wp\/v2\/comments?post=199761"}],"version-history":[{"count":0,"href":"https:\/\/www.europesays.com\/fr\/wp-json\/wp\/v2\/posts\/199761\/revisions"}],"wp:featuredmedia":[{"embeddable":true,"href":"https:\/\/www.europesays.com\/fr\/wp-json\/wp\/v2\/media\/199762"}],"wp:attachment":[{"href":"https:\/\/www.europesays.com\/fr\/wp-json\/wp\/v2\/media?parent=199761"}],"wp:term":[{"taxonomy":"category","embeddable":true,"href":"https:\/\/www.europesays.com\/fr\/wp-json\/wp\/v2\/categories?post=199761"},{"taxonomy":"post_tag","embeddable":true,"href":"https:\/\/www.europesays.com\/fr\/wp-json\/wp\/v2\/tags?post=199761"}],"curies":[{"name":"wp","href":"https:\/\/api.w.org\/{rel}","templated":true}]}}