{"id":199763,"date":"2025-06-24T03:33:16","date_gmt":"2025-06-24T03:33:16","guid":{"rendered":"https:\/\/www.europesays.com\/fr\/199763\/"},"modified":"2025-06-24T03:33:16","modified_gmt":"2025-06-24T03:33:16","slug":"la-regle-cest-pas-de-malades-dans-les-couloirs-insiste-le-nouveau-chef-du-pole-urgences-du-chu","status":"publish","type":"post","link":"https:\/\/www.europesays.com\/fr\/199763\/","title":{"rendered":"\u00ab La r\u00e8gle, c\u2019est pas de malades dans les couloirs \u00bb, insiste le nouveau chef du p\u00f4le urgences du CHU"},"content":{"rendered":"<p><strong>pr\u00eates avant l\u2019\u00e9t\u00e9 &#8211; La p\u00e9riode estivale est toujours sensible pour les urgences des centres hospitaliers. Apr\u00e8s une crise en 2022-2023, les urgences du CHU de Bordeaux ont \u00e9t\u00e9 r\u00e9organis\u00e9es, ont recrut\u00e9 et abordent la p\u00e9riode un peu revigor\u00e9es<\/strong><\/p>\n<p>La crise aux <a href=\"https:\/\/www.20minutes.fr\/dossier\/urgences?at_medium=RSS%20feed&amp;at_campaign=ynews&amp;utm_source=yahoo&amp;utm_medium=rss&amp;utm_campaign=news_feed&amp;utm_content=in_article_link\" rel=\"nofollow noopener\" target=\"_blank\" data-ylk=\"slk:urgences;elm:context_link;itc:0;sec:content-canvas\" class=\"link \">urgences<\/a> est derri\u00e8re nous. C\u2019est le message martel\u00e9 aujourd\u2019hui par le <a href=\"https:\/\/www.chu-bordeaux.fr\/?at_medium=RSS%20feed&amp;at_campaign=ynews&amp;utm_source=yahoo&amp;utm_medium=rss&amp;utm_campaign=news_feed&amp;utm_content=in_article_link\" rel=\"nofollow noopener\" target=\"_blank\" data-ylk=\"slk:CHU de Bordeaux;elm:context_link;itc:0;sec:content-canvas\" class=\"link \">CHU de Bordeaux<\/a>. \u00ab On est lundi matin, on a g\u00e9r\u00e9 186 passages dans les derni\u00e8res 24 heures (pic li\u00e9 \u00e0 la f\u00eate de la musique) et il n\u2019y a pas de malades dans les couloirs, c\u2019est la r\u00e8gle depuis que je suis arriv\u00e9 dans le service \u00bb, se f\u00e9licite ce lundi Thomas Mesnier, m\u00e9decin urgentiste et chef du p\u00f4le urgences-Samu-Smur du CHU de <a href=\"https:\/\/www.20minutes.fr\/bordeaux\/?at_medium=RSS%20feed&amp;at_campaign=ynews&amp;utm_source=yahoo&amp;utm_medium=rss&amp;utm_campaign=news_feed&amp;utm_content=in_article_link\" rel=\"nofollow noopener\" target=\"_blank\" data-ylk=\"slk:Bordeaux;elm:context_link;itc:0;sec:content-canvas\" class=\"link \">Bordeaux<\/a> depuis septembre 2023.<\/p>\n<p>A la veille de la p\u00e9riode estivale, le CHU veut montrer qu\u2019il a remont\u00e9 la pente apr\u00e8s une crise en 2022 et 2023, deux ann\u00e9es marqu\u00e9es par des d\u00e9missions en cha\u00eene de m\u00e9decins qui ont conduit \u00e0 des fermetures de lits. Il a manqu\u00e9 jusqu\u2019\u00e0 15 m\u00e9decins urgentistes au plus fort de la crise et seuls 40 malades par jour pouvaient alors \u00eatre pris en charge.<\/p>\n<p>Aujourd\u2019hui, s\u2019il manque encore deux m\u00e9decins, le service a repris et m\u00eame am\u00e9lior\u00e9 son rythme d\u2019avant crise, avec une moyenne de 150 patients par jour. Si tout n\u2019est pas rose, la dynamique semble meilleure et port\u00e9e par des travaux d\u2019ampleur sur le secteur des urgences, \u00e0 hauteur de 40 millions d\u2019euros, pour d\u00e9but 2030.<\/p>\n<p>Plus de box et donc moins de d\u00e9lais d\u2019attente<\/p>\n<p>Ce lundi matin, en arrivant aux urgences de Pellegrin, pas de salles d\u2019attente bond\u00e9es ou d\u2019\u00e9nervement dans les couloirs. Le d\u00e9lai (hors urgences vitales) pour voir une infirmi\u00e8re est de 8 minutes, 109 minutes pour acc\u00e9der \u00e0 une consultation et 94 minutes pour les soins d\u2019urgence. Des d\u00e9lais raisonnables et qui sont affich\u00e9s po(&#8230;)<\/p>\n<p><a href=\"https:\/\/www.20minutes.fr\/sante\/4159968-20250623-bordeaux-regle-malades-couloirs-insiste-nouveau-chef-pole-urgences-chu?at_medium=RSS%20feed&amp;at_campaign=ynews&amp;utm_source=yahoo&amp;utm_medium=rss&amp;utm_campaign=news_feed&amp;utm_content=read_more_link\" rel=\"nofollow noopener\" target=\"_blank\" data-ylk=\"slk:Lire la suite sur 20minutes;elm:context_link;itc:0;sec:content-canvas\" class=\"link \">Lire la suite sur 20minutes<\/a><\/p>\n<p>\u00c0 lire aussi :<br \/><a href=\"https:\/\/www.20minutes.fr\/sante\/4153227-20250514-bye-bye-look-annees-1970-vetuste-chu-bordeaux-grace-plan-1-4-milliard-euros?at_medium=RSS%20feed&amp;at_campaign=ynews&amp;utm_source=yahoo&amp;utm_medium=rss&amp;utm_campaign=news_feed&amp;utm_content=related_content_link\" rel=\"nofollow noopener\" target=\"_blank\" data-ylk=\"slk:Bye bye le look des ann\u00e9es 1970 et \u00ab la v\u00e9tust\u00e9 \u00bb pour le CHU de Bordeaux gr\u00e2ce \u00e0 un plan \u00e0 1,4 milliard d\u2019euros;elm:context_link;itc:0;sec:content-canvas\" class=\"link \">Bye bye le look des ann\u00e9es 1970 et \u00ab la v\u00e9tust\u00e9 \u00bb pour le CHU de Bordeaux gr\u00e2ce \u00e0 un plan \u00e0 1,4 milliard d\u2019euros<\/a><br \/><a href=\"https:\/\/www.20minutes.fr\/faits_divers\/4118612-20241030-bordeaux-plaque-plafond-maternite-ecroule-patiente-chu?at_medium=RSS%20feed&amp;at_campaign=ynews&amp;utm_source=yahoo&amp;utm_medium=rss&amp;utm_campaign=news_feed&amp;utm_content=related_content_link\" rel=\"nofollow noopener\" target=\"_blank\" data-ylk=\"slk:Bordeaux : Une plaque du plafond de la maternit\u00e9 s\u2019\u00e9croule sur une patiente du CHU;elm:context_link;itc:0;sec:content-canvas\" class=\"link \">Bordeaux : Une plaque du plafond de la maternit\u00e9 s\u2019\u00e9croule sur une patiente du CHU<\/a><\/p>\n","protected":false},"excerpt":{"rendered":"pr\u00eates avant l\u2019\u00e9t\u00e9 &#8211; La p\u00e9riode estivale est toujours sensible pour les urgences des centres hospitaliers. Apr\u00e8s une&hellip;\n","protected":false},"author":2,"featured_media":199764,"comment_status":"","ping_status":"","sticky":false,"template":"","format":"standard","meta":{"footnotes":""},"categories":[2817],"tags":[1111,11,1997,11421,7417,1777,674,1011,27,29637,33920,12,2219,25,6444],"class_list":{"0":"post-199763","1":"post","2":"type-post","3":"status-publish","4":"format-standard","5":"has-post-thumbnail","7":"category-bordeaux","8":"tag-actu","9":"tag-actualites","10":"tag-bordeaux","11":"tag-chu-de-bordeaux","12":"tag-du-chu","13":"tag-eu","14":"tag-europe","15":"tag-fr","16":"tag-france","17":"tag-lundi-matin","18":"tag-medecins-urgentistes","19":"tag-news","20":"tag-nouvelle-aquitaine","21":"tag-republique-francaise","22":"tag-urgences"},"share_on_mastodon":{"url":"","error":""},"_links":{"self":[{"href":"https:\/\/www.europesays.com\/fr\/wp-json\/wp\/v2\/posts\/199763","targetHints":{"allow":["GET"]}}],"collection":[{"href":"https:\/\/www.europesays.com\/fr\/wp-json\/wp\/v2\/posts"}],"about":[{"href":"https:\/\/www.europesays.com\/fr\/wp-json\/wp\/v2\/types\/post"}],"author":[{"embeddable":true,"href":"https:\/\/www.europesays.com\/fr\/wp-json\/wp\/v2\/users\/2"}],"replies":[{"embeddable":true,"href":"https:\/\/www.europesays.com\/fr\/wp-json\/wp\/v2\/comments?post=199763"}],"version-history":[{"count":0,"href":"https:\/\/www.europesays.com\/fr\/wp-json\/wp\/v2\/posts\/199763\/revisions"}],"wp:featuredmedia":[{"embeddable":true,"href":"https:\/\/www.europesays.com\/fr\/wp-json\/wp\/v2\/media\/199764"}],"wp:attachment":[{"href":"https:\/\/www.europesays.com\/fr\/wp-json\/wp\/v2\/media?parent=199763"}],"wp:term":[{"taxonomy":"category","embeddable":true,"href":"https:\/\/www.europesays.com\/fr\/wp-json\/wp\/v2\/categories?post=199763"},{"taxonomy":"post_tag","embeddable":true,"href":"https:\/\/www.europesays.com\/fr\/wp-json\/wp\/v2\/tags?post=199763"}],"curies":[{"name":"wp","href":"https:\/\/api.w.org\/{rel}","templated":true}]}}