{"id":199884,"date":"2025-06-24T04:48:19","date_gmt":"2025-06-24T04:48:19","guid":{"rendered":"https:\/\/www.europesays.com\/fr\/199884\/"},"modified":"2025-06-24T04:48:19","modified_gmt":"2025-06-24T04:48:19","slug":"toulouse-autour-de-lune-des-stations-de-metro-les-plus-avancees-de-la-ligne-c-les-projets-vont-bon-train","status":"publish","type":"post","link":"https:\/\/www.europesays.com\/fr\/199884\/","title":{"rendered":"Toulouse. Autour de l&rsquo;une des stations de m\u00e9tro les plus avanc\u00e9es de la ligne C, les projets vont bon train"},"content":{"rendered":"<p>            Par<br \/>\n        <strong><br \/>\n            <a href=\"https:\/\/actu.fr\/auteur\/mareva-laville-actu-fr\" title=\"Consulter tous les articles de Mar\u00e9va Laville\" target=\"_blank\" rel=\"noopener\">Mar\u00e9va Laville<\/a><br \/>\n        <\/strong><\/p>\n<p>        Publi\u00e9 le<\/p>\n<p>            24 juin 2025 \u00e0 6h04        <\/p>\n<p>C\u2019est un quartier en pleine mutation qui s\u2019appr\u00eate \u00e0 devenir un v\u00e9ritable lieu de vie ou, a minima, de transition. Au sud-est de <a href=\"http:\/\/www.actu.fr\/toulouse\" target=\"_blank\" rel=\"noopener\">Toulouse<\/a>, \u00e0 <strong>Montaudran<\/strong>, deux stations de m\u00e9tro sont en pleine construction\u2009: <a href=\"https:\/\/actu.fr\/occitanie\/toulouse_31555\/images-ligne-c-du-metro-a-toulouse-un-passage-critique-au-lancement-du-premier-tunnelier_61468953.html\" target=\"_blank\" rel=\"noopener\">Montaudran Gare<\/a> et<a href=\"https:\/\/actu.fr\/occitanie\/toulouse_31555\/images-on-peut-deja-voir-a-quoi-ressemblera-la-premiere-station-aerienne-de-la-ligne-c-du-metro-de-toulouse_62790872.html\" target=\"_blank\" rel=\"noopener\"> Aerospace Campus<\/a>. \u00c0 la fin 2028, elles seront desservies par la future <strong>ligne C du m\u00e9tro<\/strong> toulousain, ce qui ouvrira la voie \u00e0 bien plus encore\u2026 Am\u00e9nagements, logements, parc, voici tout ce qui attend les Toulousains de ce quartier.<\/p>\n<p>    <a href=\"https:\/\/www.google.com\/maps\/embed?pb=!1m18!1m12!1m3!1d2891.0687909356766!2d1.4897152131339582!3d43.56344967098609!2m3!1f0!2f0!3f0!3m2!1i1024!2i768!4f13.1!3m3!1m2!1s0x12aebd3c1a773625%3A0xee0ca850c00a43!2sAerospace%20Campus%20%7C%20Future%20station%20de%20m%C3%A9tro!5e0!3m2!1sfr!2sfr!4v1750687919742!5m2!1sfr!2sfr\" title=\"Ouvrie le lien\" target=\"_blank\" rel=\"noopener\">Cliquez ici pour visualiser le contenu<\/a><\/p>\n<p>De la nature \u00e0 foison autour de la station<\/p>\n<p class=\" wall-content\">\u00ab\u2009On a d\u00e9j\u00e0 pr\u00e9sent\u00e9 les premi\u00e8res esquisses en comit\u00e9 de quartier\u2009\u00bb, se r\u00e9jouit Emilion Esnault, le maire de quartier. Depuis plusieurs ann\u00e9es, la M\u00e9tropole planche sur les am\u00e9nagements qui entoureront et agr\u00e9menteront les alentours du m\u00e9tro.<\/p>\n<p class=\" wall-content\">Autour de la<a href=\"https:\/\/actu.fr\/occitanie\/toulouse_31555\/images-on-peut-deja-voir-a-quoi-ressemblera-la-premiere-station-aerienne-de-la-ligne-c-du-metro-de-toulouse_62790872.html\" target=\"_blank\" rel=\"noopener\"> station a\u00e9rienne perch\u00e9e \u00e0 11 m\u00e8tres de haut<\/a>, l\u2019une des plus avanc\u00e9es du chantier, le bitume depuis toujours connu par les habitu\u00e9s du secteur laissera place \u00e0 un<strong> vaste espace vert.<\/strong> \u00ab\u00a0\u00c7a va cr\u00e9er un vrai paysage qui sera la prolongation de tout l\u2019<strong>am\u00e9nagement v\u00e9g\u00e9tal<\/strong> qu\u2019on fait sur la piste des G\u00e9ants, celle des pionniers de l\u2019A\u00e9ropostale.<\/p>\n<p class=\" wall-content\">Cette sorte de \u00ab\u2009trame verte\u2009\u00bb joindra l\u2019UGC au centre d\u2019innovation d\u00e9di\u00e9 \u00e0 l\u2019a\u00e9ronautique et au spatial, le <a href=\"https:\/\/actu.fr\/occitanie\/toulouse_31555\/la-question-pas-si-bete-il-y-a-quoi-dans-le-batiment-b612-de-toulouse_44137384.html\" target=\"_blank\" rel=\"noopener\">B612,<\/a> et \u00e0 la <a href=\"https:\/\/actu.fr\/occitanie\/toulouse_31555\/au-bord-du-peripherique-la-tour-altiplano-sera-l-un-des-immeubles-les-plus-hauts-de-toulouse_60413162.html\" target=\"_blank\" rel=\"noopener\">Tour Altiplano<\/a> situ\u00e9e juste \u00e0 c\u00f4t\u00e9. \u00ab\u2009Ce sera tr\u00e8s vert, paysager, avec des arbres\u2009\u00bb, se r\u00e9jouit Emilion Esnault.<\/p>\n<p>Bus, parking \u00e0 v\u00e9lo, m\u00e9tro\u2026<\/p>\n<p class=\" wall-content\">Ce nouvel espace qui sortira de terre pour l\u2019arriv\u00e9e du m\u00e9tro \u2013 fin 2028, ndlr. -, \u00ab\u2009puisqu\u2019il faut d\u00e9j\u00e0 que l\u2019emprise de Tiss\u00e9o soit lib\u00e9r\u00e9e pour pouvoir y travailler\u2009\u00bb, pr\u00e9cise le maire de quartier, ne servira pas simplement \u00e0 amener un peu de nature dans ce quartier en plein d\u00e9veloppement.<\/p>\n<p>    <img   decoding=\"async\" loading=\"lazy\" src=\"https:\/\/www.europesays.com\/fr\/wp-content\/uploads\/2025\/06\/montaudran-innovation-campus-c-beview-tisseo-collectivites-sequences-architecture-et-urbanisme-ti-96.jpeg\" alt=\"Voici \u00e0 quoi ressemblera, d'apr\u00e8s le croquis du cabinet d'architectes S\u00e9quences, la future station Aerospace Campus de la ligne C du m\u00e9tro de Toulouse.\" width=\"960\" height=\"640\"\/><br \/>\n    Voici \u00e0 quoi ressemblera, d\u2019apr\u00e8s le croquis du cabinet d\u2019architectes S\u00e9quences, la future station Aerospace Campus de la ligne C du m\u00e9tro de Toulouse. (\u00a9SEQUENCES ARCHITECTURE ET URBANISME \/ Beview \/ Tiss\u00e9o Collectivit\u00e9)<\/p>\n<p class=\" wall-content\">Il s\u2019accompagnera \u00e9galement d\u2019un <strong>p\u00f4le d\u2019\u00e9change<\/strong> pas tout \u00e0 fait multimodal, mais presque. Au pied de la station passera la <strong>future ligne de bus Lin\u00e9o 7,<\/strong> qui roulera \u00e0 partir mois de septembre prochain. Elle va dans un premier temps permettre de connecter <a href=\"https:\/\/actu.fr\/occitanie\/saint-orens-de-gameville_31506\/cette-future-ligne-de-bus-express-va-relier-toulouse-de-sa-banlieue-le-trace-rallonge_61986340.html\" target=\"_blank\" rel=\"noopener\">la station Universit\u00e9 Paul Sabatier (ligne B du m\u00e9tro) \u00e0 la commune de Saint-Orens<\/a>, en passant par le quartier <strong>Malep\u00e8re<\/strong>. Mais ensuite, \u00ab\u2009ce bus aura aussi vocation \u00e0 relier <strong>Saint-Orens<\/strong> et Malep\u00e8re \u00e0 la station <strong>Aerospace Campus<\/strong> de la ligne C du m\u00e9tro\u2009\u00bb.<\/p>\n<p class=\" wall-content\">Pour les plus sportifs, des <strong>parkings \u00e0 v\u00e9lo<\/strong> s\u2019ajouteront \u00e0 cet espace qui accueillera les divers flux\u2026 qui devraient \u00eatre nombreux, indique le maire du quartier.<\/p>\n<p>Une desserte pour 10\u2009000 emplois<\/p>\n<blockquote class=\"ac-article-quote wall-content\">\n<p>On desservira les 10 000 emplois de la ZAC Aerospace dont une partie est d\u00e9j\u00e0 l\u00e0. Il y a d\u00e9j\u00e0 plusieurs b\u00e2timents, mais au fur et \u00e0 mesure de l&rsquo;urbanisation, des bureaux s&rsquo;ajouteront, des habitants arriveront&#8230;<\/p>\n<p>    <strong>Emilion Esnault<\/strong><br \/>\n        maire du quartier    <\/p><\/blockquote>\n<p class=\" wall-content\">\u00c0 quelques m\u00e8tres de la future station de m\u00e9tro, c\u00f4t\u00e9 Malep\u00e8re, <strong>6\u2009700 logements sont en cours de construction<\/strong>. D\u00e9j\u00e0 \u00ab\u2009\u00e0 la fin du mandat, 5\u2009000\u00a0habitants d\u00e9barqueront\u2009\u00bb. Tandis que non loin, au Palays, d\u00e9j\u00e0 4\u2009000 salari\u00e9s et 2\u2009000 sous-traitants travaillent sur le site <a href=\"https:\/\/actu.fr\/occitanie\/toulouse_31555\/suppressions-de-postes-chez-airbus-defence-and-space-voici-combien-d-emplois-vont-disparaitre-a-toulouse_61960253.html#:~:text=%C3%80%20Toulouse%2C%20plusieurs%20centaines%20d&#039;emplois%20devraient%20dispara%C3%AEtre.&amp;text=Mercredi%2016%20octobre%202024%2C%20Airbus,%2C%20l&#039;inqui%C3%A9tude%20reste%20vive.\" target=\"_blank\" rel=\"noopener\">d\u2019Airbus Defence and Space.<\/a> La zone a donc v\u00e9ritablement vocation \u00e0 devenir une petite fourmili\u00e8re en entr\u00e9e et sortie de journ\u00e9e de travail<\/p>\n<p class=\" wall-content\">L\u2019id\u00e9e est donc de rendre ces mouvements les plus agr\u00e9ables et \u00ab\u2009apaisants\u2009\u00bb possibles. \u00ab\u2009ce p\u00f4le d\u2019\u00e9change sera assez unique. G\u00e9n\u00e9ralement, ces p\u00f4les sont plut\u00f4t min\u00e9raux. L\u00e0, l\u2019id\u00e9e, c\u2019est de faire \u00e7a au c\u0153ur de l\u2019espace v\u00e9g\u00e9talis\u00e9\u2009\u00bb, vante le maire de quartier Emilion Esnault.<\/p>\n<p>    <img   decoding=\"async\" loading=\"lazy\" src=\"https:\/\/www.europesays.com\/fr\/wp-content\/uploads\/2025\/06\/parvis-aerospace-960x640.png\" alt=\"Voici les plans imagin\u00e9s par la M\u00e9tropole de Toulouse pour am\u00e9nager le quartier autour de la future station Aerospace Campus.\" width=\"960\" height=\"640\"\/><br \/>\n    Voici les plans imagin\u00e9s par la M\u00e9tropole de Toulouse pour am\u00e9nager le quartier autour de la future station Aerospace Campus. (\u00a9Toulouse M\u00e9tropole)Une passerelle pour les pi\u00e9tons et cyclistes<\/p>\n<p class=\" wall-content\">Pour y acc\u00e9der \u00e0 bicyclette ou trottinette, le Ville de Toulouse a \u00e9galement tenu \u00e0 clarifier et s\u00e9curiser le cheminement v\u00e9lo. Si le positionnement entre les voitures et le bus s\u2019av\u00e8re bien clair aux abords de la future station de m\u00e9tro, il reste encore du chemin entre les pi\u00e9tons et les cyclistes. Notamment sous le passage de la rocade, o\u00f9 \u00ab\u2009ce n\u2019est pas confort pour les pi\u00e9tons et les v\u00e9los, et o\u00f9 il y a des conflits d\u2019usage\u2009\u00bb.<\/p>\n<p class=\" wall-content\">Un autre ouvrage va \u00eatre perc\u00e9 \u00e0 quelques m\u00e8tres de celui qui existe sur la rue Andr\u00e9 Villet, <a href=\"https:\/\/actu.fr\/occitanie\/toulouse_31555\/c-est-l-un-des-quartiers-les-plus-mal-fichus-de-toulouse-ce-projet-doit-tout-changer_60996415.html\" target=\"_blank\" rel=\"noopener\">comme vous en parlait Actu Toulouse il y a peu.<\/a> Il permettra la r\u00e9alisation d\u2019une passerelle de 55\u00a0m\u00e8tres sur l\u2019Hers-Mort, via la construction au pr\u00e9alable d\u2019un tunnel long de 65\u00a0m\u00e8tres et large de 5,10 m\u00e8tres. Ces deux structures seront destin\u00e9es uniquement aux pi\u00e9tons et v\u00e9los, pour assurer une continuit\u00e9. L\u2019am\u00e9nagement permettra une connexion avec une autre piste cyclable et verra le jour en 2026, deux ans avant l\u2019ouverture de la station. Id\u00e9al, \u00e0 nouveau, pour les Airbusiens et habitants du quartier Malep\u00e8re.<\/p>\n<p>    <a href=\"https:\/\/www.google.com\/maps\/embed?pb=!1m18!1m12!1m3!1d5782.082614066207!2d1.491398313133944!3d43.564022370986166!2m3!1f0!2f0!3f0!3m2!1i1024!2i768!4f13.1!3m3!1m2!1s0x12aebdc5b9c5f4a9%3A0x1ef88951fd7309c0!2sRue%20Andr%C3%A9%20Villet%2C%2031400%20Toulouse!5e0!3m2!1sfr!2sfr!4v1750687896344!5m2!1sfr!2sfr\" title=\"Ouvrie le lien\" target=\"_blank\" rel=\"noopener\">Cliquez ici pour visualiser le contenu<\/a><\/p>\n<p class=\" wall-content\">Suivez toute l\u2019actualit\u00e9 de vos villes et m\u00e9dias favoris en vous inscrivant \u00e0 <a href=\"https:\/\/moncompte.actu.fr\" title=\"D\u00e9couvez Mon Actu\" rel=\"nofollow noopener\" data-trk=\"{&quot;cta&quot;:{&quot;action&quot;:&quot;https:\\\/\\\/moncompte.actu.fr&quot;,&quot;category&quot;:&quot;mon compte&quot;,&quot;from&quot;:&quot;article footer&quot;,&quot;name&quot;:&quot;Mon actu&quot;,&quot;type&quot;:&quot;cta&quot;}}\" target=\"_blank\">Mon Actu<\/a>.<\/p>\n<ul class=\"ac-article-tag wall-content\">\n<li><a href=\"https:\/\/actu.fr\/tag\/ligne-c-du-metro-de-toulouse\" data-trk=\"{&quot;cta&quot;:{&quot;action&quot;:&quot;Ligne C du m\\u00e9tro de Toulouse&quot;,&quot;category&quot;:&quot;tag&quot;,&quot;from&quot;:&quot;article footer&quot;,&quot;name&quot;:&quot;Ligne C du m\\u00e9tro de Toulouse&quot;,&quot;type&quot;:&quot;cta&quot;}}\" target=\"_blank\" rel=\"noopener\">#Ligne C du m\u00e9tro de Toulouse<\/a><\/li>\n<li><a href=\"https:\/\/actu.fr\/tag\/toulouse-metropole\" data-trk=\"{&quot;cta&quot;:{&quot;action&quot;:&quot;Toulouse M\\u00e9tropole&quot;,&quot;category&quot;:&quot;tag&quot;,&quot;from&quot;:&quot;article footer&quot;,&quot;name&quot;:&quot;Toulouse M\\u00e9tropole&quot;,&quot;type&quot;:&quot;cta&quot;}}\" target=\"_blank\" rel=\"noopener\">#Toulouse M\u00e9tropole<\/a><\/li>\n<\/ul>\n","protected":false},"excerpt":{"rendered":"Par Mar\u00e9va Laville Publi\u00e9 le 24 juin 2025 \u00e0 6h04 C\u2019est un quartier en pleine mutation qui s\u2019appr\u00eate&hellip;\n","protected":false},"author":2,"featured_media":199885,"comment_status":"","ping_status":"","sticky":false,"template":"","format":"standard","meta":{"footnotes":""},"categories":[2816],"tags":[1111,11,1777,674,1011,27,5224,12,2680,25,104,2312,1090],"class_list":{"0":"post-199884","1":"post","2":"type-post","3":"status-publish","4":"format-standard","5":"has-post-thumbnail","7":"category-toulouse","8":"tag-actu","9":"tag-actualites","10":"tag-eu","11":"tag-europe","12":"tag-fr","13":"tag-france","14":"tag-ligne-c-du-metro-de-toulouse","15":"tag-news","16":"tag-occitanie","17":"tag-republique-francaise","18":"tag-societe","19":"tag-toulouse","20":"tag-toulouse-metropole"},"share_on_mastodon":{"url":"","error":""},"_links":{"self":[{"href":"https:\/\/www.europesays.com\/fr\/wp-json\/wp\/v2\/posts\/199884","targetHints":{"allow":["GET"]}}],"collection":[{"href":"https:\/\/www.europesays.com\/fr\/wp-json\/wp\/v2\/posts"}],"about":[{"href":"https:\/\/www.europesays.com\/fr\/wp-json\/wp\/v2\/types\/post"}],"author":[{"embeddable":true,"href":"https:\/\/www.europesays.com\/fr\/wp-json\/wp\/v2\/users\/2"}],"replies":[{"embeddable":true,"href":"https:\/\/www.europesays.com\/fr\/wp-json\/wp\/v2\/comments?post=199884"}],"version-history":[{"count":0,"href":"https:\/\/www.europesays.com\/fr\/wp-json\/wp\/v2\/posts\/199884\/revisions"}],"wp:featuredmedia":[{"embeddable":true,"href":"https:\/\/www.europesays.com\/fr\/wp-json\/wp\/v2\/media\/199885"}],"wp:attachment":[{"href":"https:\/\/www.europesays.com\/fr\/wp-json\/wp\/v2\/media?parent=199884"}],"wp:term":[{"taxonomy":"category","embeddable":true,"href":"https:\/\/www.europesays.com\/fr\/wp-json\/wp\/v2\/categories?post=199884"},{"taxonomy":"post_tag","embeddable":true,"href":"https:\/\/www.europesays.com\/fr\/wp-json\/wp\/v2\/tags?post=199884"}],"curies":[{"name":"wp","href":"https:\/\/api.w.org\/{rel}","templated":true}]}}