{"id":19990,"date":"2025-04-12T15:02:32","date_gmt":"2025-04-12T15:02:32","guid":{"rendered":"https:\/\/www.europesays.com\/fr\/19990\/"},"modified":"2025-04-12T15:02:32","modified_gmt":"2025-04-12T15:02:32","slug":"les-feux-de-lamour-resume-de-lepisode-du-11-avril-2025-tf1-les-resumes","status":"publish","type":"post","link":"https:\/\/www.europesays.com\/fr\/19990\/","title":{"rendered":"Les Feux de l&rsquo;Amour: R\u00e9sum\u00e9 de l&rsquo;\u00e9pisode du 11 avril 2025 (Tf1) | Les r\u00e9sum\u00e9s"},"content":{"rendered":"<p><a href=\"https:\/\/www.soap-passion.com\/les-feux-de-l-amour\/personnage\/1602-sally.html\" rel=\"nofollow noopener\" target=\"_blank\">Sally<\/a> arrive au Society pour y rejoindre <a href=\"https:\/\/www.soap-passion.com\/les-feux-de-l-amour\/personnage\/6-nick.html\" rel=\"nofollow noopener\" target=\"_blank\">Nick<\/a>. Celui-ci la remercie d&rsquo;avoir accept\u00e9 son invitation, mais le plaisir est pour <a href=\"https:\/\/www.soap-passion.com\/les-feux-de-l-amour\/personnage\/1602-sally.html\" rel=\"nofollow noopener\" target=\"_blank\">Sally<\/a> : Elle ne pouvait pas refuser un d\u00eener entre coll\u00e8gues&#8230; Il y a tant de choses \u00e0 aborder. Pour le travail, bien s\u00fbr ! <\/p>\n<p>En arrivant au N\u00e9on \u00c9carlate, <a href=\"https:\/\/www.soap-passion.com\/les-feux-de-l-amour\/personnage\/80-adam.html\" rel=\"nofollow noopener\" target=\"_blank\">Adam<\/a> remarque <a href=\"https:\/\/www.soap-passion.com\/les-feux-de-l-amour\/personnage\/1089-chelsea.html\" rel=\"nofollow noopener\" target=\"_blank\">Chelsea<\/a> \u00e0 une table dans un coin de la pi\u00e8ce. Elle semble toute triste, et il lui demande de ses nouvelles&#8230; Il aimerait qu&rsquo;elle repense \u00e0 la proposition qu&rsquo;il lui a fait l&rsquo;autre jour. Il se dit que cela pourrait lui changer les id\u00e9es. Ca leur ferait du bien, non seulement \u00e0 elle, mais aussi \u00e0 toute leur famille.<\/p>\n<p><a href=\"https:\/\/www.soap-passion.com\/les-feux-de-l-amour\/personnage\/1-victoria.html\" rel=\"nofollow noopener\" target=\"_blank\">Victoria<\/a> arrive chez Chancellor-Winters, et y retrouve <a href=\"https:\/\/www.soap-passion.com\/les-feux-de-l-amour\/personnage\/64-billy.html\" rel=\"nofollow noopener\" target=\"_blank\">Billy<\/a>. Il faut absolument qu&rsquo;ils parlent. <a href=\"https:\/\/www.soap-passion.com\/les-feux-de-l-amour\/personnage\/1-victoria.html\" rel=\"nofollow noopener\" target=\"_blank\">Victoria<\/a> lui apprend que depuis qu&rsquo;ils ont parl\u00e9 \u00e0 &#8230;<\/p>\n<p>    R\u00e9serv\u00e9 aux abonn\u00e9s !<br \/>\n    &#8230; Il vous reste 93% de ce texte \u00e0 lire.<br \/>\n    <br \/>Soutenez Soap-Passion,  <a href=\"https:\/\/www.soap-passion.com\/login\" rel=\"nofollow noopener\" target=\"_blank\">abonnez-vous<\/a> pour lire la suite !<\/p>\n<p class=\"text-center fst-italic m-5 pb-5\">La s\u00e9rie <b>\u00ab\u00a0Les Feux de l&rsquo;Amour\u00a0\u00bb<\/b> est diffus\u00e9e quotidiennement  en France sur la cha\u00eene TF1 \u00e0 11:00<\/p>\n<p>\u00a9 Soap-Passion.com &#8211; Reproduction compl\u00e8te ou partielle interdite <\/p>\n","protected":false},"excerpt":{"rendered":"Sally arrive au Society pour y rejoindre Nick. Celui-ci la remercie d&rsquo;avoir accept\u00e9 son invitation, mais le plaisir&hellip;\n","protected":false},"author":2,"featured_media":19991,"comment_status":"","ping_status":"","sticky":false,"template":"","format":"standard","meta":{"footnotes":""},"categories":[1356],"tags":[58,59,1011,27,1375,252,1364],"class_list":{"0":"post-19990","1":"post","2":"type-post","3":"status-publish","4":"format-standard","5":"has-post-thumbnail","7":"category-television","8":"tag-divertissement","9":"tag-entertainment","10":"tag-fr","11":"tag-france","12":"tag-les-feux-de-l","13":"tag-television","14":"tag-tv"},"share_on_mastodon":{"url":"https:\/\/pubeurope.com\/@fr\/114325602355572638","error":""},"_links":{"self":[{"href":"https:\/\/www.europesays.com\/fr\/wp-json\/wp\/v2\/posts\/19990","targetHints":{"allow":["GET"]}}],"collection":[{"href":"https:\/\/www.europesays.com\/fr\/wp-json\/wp\/v2\/posts"}],"about":[{"href":"https:\/\/www.europesays.com\/fr\/wp-json\/wp\/v2\/types\/post"}],"author":[{"embeddable":true,"href":"https:\/\/www.europesays.com\/fr\/wp-json\/wp\/v2\/users\/2"}],"replies":[{"embeddable":true,"href":"https:\/\/www.europesays.com\/fr\/wp-json\/wp\/v2\/comments?post=19990"}],"version-history":[{"count":0,"href":"https:\/\/www.europesays.com\/fr\/wp-json\/wp\/v2\/posts\/19990\/revisions"}],"wp:featuredmedia":[{"embeddable":true,"href":"https:\/\/www.europesays.com\/fr\/wp-json\/wp\/v2\/media\/19991"}],"wp:attachment":[{"href":"https:\/\/www.europesays.com\/fr\/wp-json\/wp\/v2\/media?parent=19990"}],"wp:term":[{"taxonomy":"category","embeddable":true,"href":"https:\/\/www.europesays.com\/fr\/wp-json\/wp\/v2\/categories?post=19990"},{"taxonomy":"post_tag","embeddable":true,"href":"https:\/\/www.europesays.com\/fr\/wp-json\/wp\/v2\/tags?post=19990"}],"curies":[{"name":"wp","href":"https:\/\/api.w.org\/{rel}","templated":true}]}}