{"id":199904,"date":"2025-06-24T04:59:10","date_gmt":"2025-06-24T04:59:10","guid":{"rendered":"https:\/\/www.europesays.com\/fr\/199904\/"},"modified":"2025-06-24T04:59:10","modified_gmt":"2025-06-24T04:59:10","slug":"le-futur-quartier-charenton-bercy-fige-autour-dun-projet-de-chemin-pieton","status":"publish","type":"post","link":"https:\/\/www.europesays.com\/fr\/199904\/","title":{"rendered":"le futur quartier Charenton-Bercy fig\u00e9 autour d&rsquo;un projet de chemin pi\u00e9ton"},"content":{"rendered":"<p>            Par<br \/>\n        <strong><br \/>\n            <a href=\"https:\/\/actu.fr\/auteur\/emilie-salabelle\" title=\"Consulter tous les articles de Emilie Salabelle\" target=\"_blank\" rel=\"noopener\">Emilie Salabelle<\/a><br \/>\n        <\/strong><\/p>\n<p>        Publi\u00e9 le<\/p>\n<p>            24 juin 2025 \u00e0 6h46        <\/p>\n<p>C\u2019est la pomme de discorde qui envenime les discussions et fait patiner l\u2019avanc\u00e9e de la <strong><a href=\"https:\/\/actu.fr\/ile-de-france\/paris_75056\/fermeture-de-bercy-2-modifications-de-l-echangeur-quel-avenir-pour-la-porte-de-bercy-a-paris_50399490.html\" target=\"_blank\" rel=\"noopener\">ZAC Bercy-Charenton<\/a><\/strong>, vaste projet urbain <a href=\"https:\/\/actu.fr\/ile-de-france\/paris_75056\/a-quoi-va-ressembler-le-futur-quartier-charenton-bercy-bientot-en-phase-de-construction_61234812.html\" target=\"_blank\" rel=\"noopener\">\u00e0 cheval entre Paris et le Val-de-Marne<\/a>, au niveau de l\u2019inhospitali\u00e8re porte de <a href=\"https:\/\/actu.fr\/tag\/bercy\" target=\"_blank\" rel=\"noopener\">Bercy<\/a>. Le <strong>prolongement pi\u00e9ton provisoire<\/strong>, pr\u00e9vu dans la continuit\u00e9 de la rue Baron-le-Roy jusqu\u2019au boulevard Poniatowski, demand\u00e9 de longue date par la<a href=\"https:\/\/actu.fr\/tag\/mairie-de-paris\" target=\"_blank\" rel=\"noopener\"> Ville de Paris<\/a> et attendu de pied ferme par les acteurs et usagers du <strong>tiers lieu Bercy-Encore<\/strong> (ex-<a href=\"https:\/\/actu.fr\/ile-de-france\/paris_75056\/guinguette-ressourcerie-spectacles-ce-que-vous-reserve-la-friche-bercy-beaucoup-pour-2023_57783130.html\" target=\"_blank\" rel=\"noopener\">Bercy Beaucoup<\/a>), annonc\u00e9 pour 2022\/2023, n\u2019a toujours pas vu le jour. Le blocage vient du c\u00f4t\u00e9 de la SNCF, qui poss\u00e8de les terrains sur lequel est pr\u00e9vu le trac\u00e9, regrettent des \u00e9lus parisiens.<\/p>\n<p>\u00ab\u2009Un lieu de passage entre Paris et sa banlieue\u2009\u00bb<\/p>\n<p class=\" wall-content\">Lors du lancement officiel de la <a href=\"https:\/\/actu.fr\/ile-de-france\/paris_75056\/guinguette-ressourcerie-tout-savoir-sur-le-tiers-lieu-qui-remplace-bercy-beaucoup-a-paris_62802952.html\" target=\"_blank\" rel=\"noopener\">nouvelle friche festive et \u00e9colo Bercy-Encore<\/a>, qui se situe \u00e0 l\u2019emplacement du <strong>futur parc<\/strong> imagin\u00e9 pour la ZAC et doit en pr\u00e9figurer les usages, <a href=\"https:\/\/actu.fr\/ile-de-france\/paris_75056\/metro-entierement-accessible-a-paris-impossible-selon-lamia-el-aaraje-l-adjointe-au-handicap_61584384.html\" target=\"_blank\" rel=\"noopener\">Lamia El Aaraje<\/a>, adjointe d\u2019<a href=\"https:\/\/actu.fr\/tag\/anne-hidalgo\" target=\"_blank\" rel=\"noopener\">Anne Hidalgo<\/a> en charge de l\u2019urbanisme et du <a href=\"https:\/\/actu.fr\/tag\/grand-paris-express\" target=\"_blank\" rel=\"noopener\">Grand Paris<\/a>, a tenu \u00e0 enfoncer le clou\u2009: \u00ab\u2009il faut qu\u2019on avance sur cette question du cheminement provisoire\u2009\u00bb, a-t-elle appel\u00e9 \u00e0 l\u2019adresse de la SNCF. L\u2019enjeu est de taille. Le futur quartier est aujourd\u2019hui <strong>tr\u00e8s enclav\u00e9<\/strong>, avec pour voisins imm\u00e9diats des infrastructures lourdes de transports\u2009: voies ferr\u00e9es, <a href=\"https:\/\/actu.fr\/tag\/peripherique\" target=\"_blank\" rel=\"noopener\">boulevard p\u00e9riph\u00e9rique<\/a>, \u00e9changeur de Bercy, A4, quai de Bercy\u2026<\/p>\n<p>    <img   decoding=\"async\" loading=\"lazy\" src=\"https:\/\/www.europesays.com\/fr\/wp-content\/uploads\/2025\/06\/img-1808-960x640.jpg\" alt=\"Le trac\u00e9 du cheminement provisoire attendu.\" width=\"960\" height=\"640\"\/><br \/>\n    Le trac\u00e9 du cheminement provisoire attendu. (\u00a9ES \/ actu Paris)<\/p>\n<p class=\" wall-content\">La ZAC doit r\u00e9pondre \u00e0 cette probl\u00e9matique\u2009: \u00ab\u2009On veut en faire un lieu de passage m\u00e9tropolitain. La marque du p\u00e9riph\u00e9rique doit \u00eatre gomm\u00e9e, avec la cr\u00e9ation d\u2019<strong>un lieu de passage entre Paris et sa banlieue<\/strong>\u2009\u00bb, appelle l\u2019adjointe.<\/p>\n<p>\u00ab\u2009Un d\u00e9tour de 8,5\u00a0km\u2009\u00bb<\/p>\n<p class=\" wall-content\">Pour le moment, on en est encore loin. Au c\u0153ur de cet \u00e9cosyst\u00e8me, le tiers-lieu actuel est difficilement accessible. \u00ab\u2009Aujourd\u2019hui,<strong> il faut faire une boucle<\/strong> pour y acc\u00e9der, il n\u2019y a que deux acc\u00e8s, soit par le <a href=\"https:\/\/actu.fr\/ile-de-france\/paris_75056\/pourquoi-le-quartier-de-bercy-a-paris-etait-il-la-capitale-du-vin_41223381.html\" target=\"_blank\" rel=\"noopener\">Cour Saint-\u00c9milion<\/a>, soit, c\u00f4t\u00e9 Charenton, par qu\u2019on appelle entre nous le\u2009\u00bb chemin coupe-gorge \u00ab\u2009parce qu\u2019il est glauque. Mais il est tr\u00e8s emprunt\u00e9 car c\u2019est l\u2019unique possibilit\u00e9 pour les PMR.\u2009\u00bb \u00ab\u2009Aujourd\u2019hui, pour rejoindre Charenton \u00e0 pied ou \u00e0 v\u00e9lo, il faut faire un d\u00e9tour de 8,5\u00a0km, dans des conditions qui ne sont pas adapt\u00e9es\u2009\u00bb r\u00e9sume la maire (\u00c9cologiste) du 12e arrondissement, Emmanuelle Pierre-Marie.<\/p>\n<p class=\" wall-content\">Au total, ce sont \u00ab\u2009entre <strong>1\u2009000 et 1\u2009500\u00a0personnes<\/strong> qui passent par l\u00e0 tous les jours\u2009\u00bb, note Lamia El Aaraje. Et les besoins ne vont faire que grossir, avec l\u2019arriv\u00e9e, fin ao\u00fbt, de la <a href=\"https:\/\/actu.fr\/ile-de-france\/paris_75056\/travaux-du-centre-pompidou-a-paris-la-bibliotheque-ferme-ce-dimanche-ou-et-quand-va-t-elle-rouvrir_62319011.html\" target=\"_blank\" rel=\"noopener\">Biblioth\u00e8que publique d\u2019information (BPI)<\/a> du <a href=\"https:\/\/actu.fr\/ile-de-france\/paris_75056\/paris-pourquoi-la-place-pompidou-est-elle-barricadee-et-fermee-au-public_62809541.html\" target=\"_blank\" rel=\"noopener\">centre Pompidou<\/a>, qui s\u2019installera pour cinq ans avenue des Terroirs de France, en attendant les <a href=\"https:\/\/actu.fr\/ile-de-france\/paris_75056\/un-saut-dans-le-vide-a-paris-la-fermeture-du-centre-pompidou-angoisse-les-commercants-du-quartier_62353032.html\" target=\"_blank\" rel=\"noopener\">travaux en cours sur son site historique<\/a>.<\/p>\n<p>\u00ab\u2009Entre les mains de la SNCF\u2009\u00bb<\/p>\n<p class=\" wall-content\">Si les projets urbains de cette envergure s\u2019inscrivent toujours dans \u00ab<strong>\u2009un temps extr\u00eamement long<\/strong>\u2009\u00bb, les d\u00e9lais de discussions s\u2019allongent tout particuli\u00e8rement lorsqu\u2019il est question du fameux chemin pi\u00e9ton, confie Lamia El Aaraje \u00e0 actu Paris. \u00ab\u2009La Ville de Paris est tr\u00e8s en attente de ce cheminement. La ZAC n\u2019existe que s\u2019il y a un d\u00e9senclavement de la zone, elle ne pourra pas avancer sans ce cheminement. On exige d\u2019avancer sur ce sujet d\u2019int\u00e9r\u00eat g\u00e9n\u00e9ral.\u2009\u00bb<\/p>\n<p class=\" wall-content\">Les emprises de la SNCF n\u00e9cessiteraient des am\u00e9nagements et une r\u00e9organisation. Les discussions \u00e0 ce sujet tra\u00eenent depuis \u00ab\u2009des ann\u00e9es\u2009\u00bb, nous indique l\u2019\u00e9lue. \u00ab\u2009On a mis une \u00e9quipe enti\u00e8re qui ne travaille que l\u00e0-dessus. Ce n\u2019est pas normal que ce soit si long. Aujourd\u2019hui, c\u2019est entre les mains de la SNCF\u2009\u00bb, appelle-t-elle.<\/p>\n<p class=\" wall-content\">La maire d\u2019arrondissement, Emmanuelle Pierre-Marie, ne dit pas autre chose face au projet qui, lanc\u00e9 en 2008, prend des airs de <strong>serpent de mer<\/strong>, apr\u00e8s une copie corrig\u00e9e en 2022, supprimant les tours et augmentant les espaces verts sous l\u2019action des \u00c9cologistes. \u00ab\u2009Nous, on est pr\u00eat, le projet est pr\u00eat. On attend la SNCF\u2009\u00bb. Contact\u00e9e, la SNCF n\u2019a pas r\u00e9pondu \u00e0 nos sollicitations.<\/p>\n<p class=\" wall-content\">Suivez toute l\u2019actualit\u00e9 de vos villes et m\u00e9dias favoris en vous inscrivant \u00e0 <a href=\"https:\/\/moncompte.actu.fr\" title=\"D\u00e9couvez Mon Actu\" rel=\"nofollow noopener\" data-trk=\"{&quot;cta&quot;:{&quot;action&quot;:&quot;https:\\\/\\\/moncompte.actu.fr&quot;,&quot;category&quot;:&quot;mon compte&quot;,&quot;from&quot;:&quot;article footer&quot;,&quot;name&quot;:&quot;Mon actu&quot;,&quot;type&quot;:&quot;cta&quot;}}\" target=\"_blank\">Mon Actu<\/a>.<\/p>\n","protected":false},"excerpt":{"rendered":"Par Emilie Salabelle Publi\u00e9 le 24 juin 2025 \u00e0 6h46 C\u2019est la pomme de discorde qui envenime les&hellip;\n","protected":false},"author":2,"featured_media":199905,"comment_status":"","ping_status":"","sticky":false,"template":"","format":"standard","meta":{"footnotes":""},"categories":[1888],"tags":[11,14846,1777,674,1011,27,2381,12,626,25,2215,104],"class_list":{"0":"post-199904","1":"post","2":"type-post","3":"status-publish","4":"format-standard","5":"has-post-thumbnail","7":"category-paris","8":"tag-actualites","9":"tag-bercy","10":"tag-eu","11":"tag-europe","12":"tag-fr","13":"tag-france","14":"tag-mairie-de-paris","15":"tag-news","16":"tag-paris","17":"tag-republique-francaise","18":"tag-sncf","19":"tag-societe"},"share_on_mastodon":{"url":"","error":""},"_links":{"self":[{"href":"https:\/\/www.europesays.com\/fr\/wp-json\/wp\/v2\/posts\/199904","targetHints":{"allow":["GET"]}}],"collection":[{"href":"https:\/\/www.europesays.com\/fr\/wp-json\/wp\/v2\/posts"}],"about":[{"href":"https:\/\/www.europesays.com\/fr\/wp-json\/wp\/v2\/types\/post"}],"author":[{"embeddable":true,"href":"https:\/\/www.europesays.com\/fr\/wp-json\/wp\/v2\/users\/2"}],"replies":[{"embeddable":true,"href":"https:\/\/www.europesays.com\/fr\/wp-json\/wp\/v2\/comments?post=199904"}],"version-history":[{"count":0,"href":"https:\/\/www.europesays.com\/fr\/wp-json\/wp\/v2\/posts\/199904\/revisions"}],"wp:featuredmedia":[{"embeddable":true,"href":"https:\/\/www.europesays.com\/fr\/wp-json\/wp\/v2\/media\/199905"}],"wp:attachment":[{"href":"https:\/\/www.europesays.com\/fr\/wp-json\/wp\/v2\/media?parent=199904"}],"wp:term":[{"taxonomy":"category","embeddable":true,"href":"https:\/\/www.europesays.com\/fr\/wp-json\/wp\/v2\/categories?post=199904"},{"taxonomy":"post_tag","embeddable":true,"href":"https:\/\/www.europesays.com\/fr\/wp-json\/wp\/v2\/tags?post=199904"}],"curies":[{"name":"wp","href":"https:\/\/api.w.org\/{rel}","templated":true}]}}