{"id":199910,"date":"2025-06-24T05:02:09","date_gmt":"2025-06-24T05:02:09","guid":{"rendered":"https:\/\/www.europesays.com\/fr\/199910\/"},"modified":"2025-06-24T05:02:09","modified_gmt":"2025-06-24T05:02:09","slug":"en-direct-guerre-en-ukraine-3-morts-dans-des-frappes-russes-dans-le-nord-est-de-lukraine","status":"publish","type":"post","link":"https:\/\/www.europesays.com\/fr\/199910\/","title":{"rendered":"EN DIRECT &#8211; Guerre en Ukraine : 3 morts dans des frappes russes dans le nord-est de l&rsquo;Ukraine"},"content":{"rendered":"<ul class=\"jsx-862013697 ArticleChapo__List\">\n<li class=\"jsx-862013697 ArticleChapo__List_Item flex\">Des frappes de drones russes ont fait 3 morts, dont un enfant de 8 ans, dans l&rsquo;agglom\u00e9ration de Soumy, ville du nord-est de l&rsquo;Ukraine, a annonc\u00e9 mardi matin l&rsquo;administration r\u00e9gionale.<\/li>\n<li class=\"jsx-862013697 ArticleChapo__List_Item flex\">Le maire de Kharkiv a indiqu\u00e9 dans un message sur Telegram que la Russie avait tir\u00e9 7 drones sur la ville du nord-est de l&rsquo;Ukraine pendant la nuit, faisant 3 bless\u00e9es.<\/li>\n<li class=\"jsx-862013697 ArticleChapo__List_Item flex\">Suivez les derni\u00e8res informations.<\/li>\n<\/ul>\n<p><a href=\"https:\/\/www.tf1info.fr\/actualite\/invasion-de-l-ukraine-par-la-russie-une-guerre-qui-dure-12951\/\" rel=\"noopener\" class=\"jsx-484472199 Link jsx-1428418400 jsx-554215408\" target=\"_blank\"><\/p>\n<p style=\"font-weight:400\" class=\"jsx-1837267516\">Suivez la couverture compl\u00e8te<\/p>\n<p style=\"font-weight:800\" class=\"jsx-1837267516\">Ukraine : 4\u1d49 ann\u00e9e de guerre<\/p>\n<p><\/a><\/p>\n<p data-module=\"article-paragraph\" class=\"jsx-3046738180 Paragraph\">Volodymyr Zelensky doit se rendre mercredi \u00e0 Strasbourg pour s&rsquo;adresser au Conseil de l&rsquo;Europe, lors d&rsquo;une visite domin\u00e9e par le projet d&rsquo;instauration d&rsquo;un tribunal sp\u00e9cial pour le crime d&rsquo;agression contre son pays. Le Conseil de l&rsquo;Europe, qui r\u00e9unit 46 pays dont l&rsquo;Ukraine, est la vigie de la d\u00e9mocratie et des droits de l&rsquo;homme sur le continent.<\/p>\n<p data-module=\"article-paragraph\" class=\"jsx-3046738180 Paragraph Paragraph__End\">Dans un communiqu\u00e9, le Conseil de l&rsquo;Europe a pr\u00e9cis\u00e9 lundi que Volodymyr Zelensky s&rsquo;adresserait \u00e0 son comit\u00e9 des ministres, organe qui \u00ab\u00a0est en train de finaliser les instruments juridiques n\u00e9cessaires au lancement\u00a0\u00bb de ce tribunal destin\u00e9 \u00e0 poursuivre les dirigeants russes pour l&rsquo;invasion de l&rsquo;Ukraine.<\/p>\n<p>Minute par minute06:533 MORTS \u00c0 SOUMY<\/p>\n<p>Des frappes de drones russes ont fait trois morts, dont un enfant de huit ans, dans l&rsquo;agglom\u00e9ration de Soumy, ville du nord-est de l&rsquo;Ukraine, a annonc\u00e9 mardi matin l&rsquo;administration r\u00e9gionale. \u00ab\u00a0Vers minuit, les Russes ont attaqu\u00e9 massivement avec des drones un village (&#8230;) Nous avons des informations sur trois morts\u00a0\u00bb, a d\u00e9clar\u00e9 le chef de l&rsquo;administration r\u00e9gionale, Oleg Grygorov. Outre le petit gar\u00e7on, \u00ab\u00a0un homme et une femme sont \u00e9galement morts\u00a0\u00bb, a-t-il pr\u00e9cis\u00e9. \u00ab\u00a0La frappe a pris la vie de personnes issues de familles diff\u00e9rentes. Ils vivaient tous dans la m\u00eame rue.\u00a0\u00bb<\/p>\n<p>Igor Terekhov, maire de Kharkiv, a indiqu\u00e9 dans un message sur Telegram que la Russie avait tir\u00e9 7 drones sur la ville du nord-est de l&rsquo;Ukraine pendant la nuit. Trois personnes ont \u00e9t\u00e9 bless\u00e9es dans les attaques, selon M. Terekhov.<\/p>\n<p>06:52BONJOUR \u00c0 TOUS<\/p>\n<p>Bonjour \u00e0 toutes et \u00e0 tous et bienvenue dans ce direct du mardi 24 juin consacr\u00e9 \u00e0 la guerre en Ukraine.<\/p>\n<p data-module=\"article-paragraph\" class=\"jsx-3046738180 Paragraph\">Le tribunal, dont la cr\u00e9ation a \u00e9t\u00e9 annonc\u00e9e le 9 mai \u00e0 Lviv par l&rsquo;Ukraine et ses alli\u00e9s europ\u00e9ens, aura pour objectif de juger le \u00ab\u00a0crime d&rsquo;agression\u00a0\u00bb, ce que ne peut faire la Cour p\u00e9nale internationale (CPI).<\/p>\n<p data-module=\"article-paragraph\" class=\"jsx-3046738180 Paragraph\">L&rsquo;Ukraine fait partie du Conseil de l&rsquo;Europe mais la Russie en a \u00e9t\u00e9 exclue en 2022, peu apr\u00e8s le d\u00e9but de la guerre entre les deux pays.<\/p>\n<p data-module=\"article-paragraph\" class=\"jsx-3046738180 Paragraph Paragraph__End\"><strong>Retrouvez les derni\u00e8res informations dans le fil ci-dessus.<\/strong><\/p>\n<p>La r\u00e9daction de TF1info avec AFP<\/p>\n","protected":false},"excerpt":{"rendered":"Des frappes de drones russes ont fait 3 morts, dont un enfant de 8 ans, dans l&rsquo;agglom\u00e9ration de&hellip;\n","protected":false},"author":2,"featured_media":199911,"comment_status":"","ping_status":"","sticky":false,"template":"","format":"standard","meta":{"footnotes":""},"categories":[1590],"tags":[1111,11,1921,1777,674,28083,1922,12,132,220,1917,133,1920,134],"class_list":{"0":"post-199910","1":"post","2":"type-post","3":"status-publish","4":"format-standard","5":"has-post-thumbnail","7":"category-ukraine","8":"tag-actu","9":"tag-actualites","10":"tag-article-video","11":"tag-eu","12":"tag-europe","13":"tag-guerre-en-ukraine-une-treve-sera-t-elle-possible","14":"tag-info","15":"tag-news","16":"tag-russie","17":"tag-ukraine","18":"tag-ukraine-4-annee-de-guerre","19":"tag-video","20":"tag-video-international","21":"tag-volodymyr-zelensky"},"share_on_mastodon":{"url":"","error":""},"_links":{"self":[{"href":"https:\/\/www.europesays.com\/fr\/wp-json\/wp\/v2\/posts\/199910","targetHints":{"allow":["GET"]}}],"collection":[{"href":"https:\/\/www.europesays.com\/fr\/wp-json\/wp\/v2\/posts"}],"about":[{"href":"https:\/\/www.europesays.com\/fr\/wp-json\/wp\/v2\/types\/post"}],"author":[{"embeddable":true,"href":"https:\/\/www.europesays.com\/fr\/wp-json\/wp\/v2\/users\/2"}],"replies":[{"embeddable":true,"href":"https:\/\/www.europesays.com\/fr\/wp-json\/wp\/v2\/comments?post=199910"}],"version-history":[{"count":0,"href":"https:\/\/www.europesays.com\/fr\/wp-json\/wp\/v2\/posts\/199910\/revisions"}],"wp:featuredmedia":[{"embeddable":true,"href":"https:\/\/www.europesays.com\/fr\/wp-json\/wp\/v2\/media\/199911"}],"wp:attachment":[{"href":"https:\/\/www.europesays.com\/fr\/wp-json\/wp\/v2\/media?parent=199910"}],"wp:term":[{"taxonomy":"category","embeddable":true,"href":"https:\/\/www.europesays.com\/fr\/wp-json\/wp\/v2\/categories?post=199910"},{"taxonomy":"post_tag","embeddable":true,"href":"https:\/\/www.europesays.com\/fr\/wp-json\/wp\/v2\/tags?post=199910"}],"curies":[{"name":"wp","href":"https:\/\/api.w.org\/{rel}","templated":true}]}}