{"id":199914,"date":"2025-06-24T05:04:15","date_gmt":"2025-06-24T05:04:15","guid":{"rendered":"https:\/\/www.europesays.com\/fr\/199914\/"},"modified":"2025-06-24T05:04:15","modified_gmt":"2025-06-24T05:04:15","slug":"the-prodigy-annonce-2026-royaume-uni-et-irlande-arena-tour-avec-carl-cox","status":"publish","type":"post","link":"https:\/\/www.europesays.com\/fr\/199914\/","title":{"rendered":"The Prodigy Annonce 2026 Royaume-Uni et Irlande Arena Tour avec Carl Cox"},"content":{"rendered":"<p>Le Prodigy a annonc\u00e9 une tourn\u00e9e 2026 UK and Ireland Arena, aux c\u00f4t\u00e9s de \u00abtr\u00e8s sp\u00e9cial\u00bb Carl Cox.<\/p>\n<p>Le groupe \u00e9lectronique embl\u00e9matique jouera 10 dates d&rsquo;ar\u00e8ne en avril de l&rsquo;ann\u00e9e prochaine, \u00e0 partir de l&rsquo;OVO Hydro \u00e0 Glasgow le 15 avril avant les arr\u00eats \u00e0 Manchester, Birmingham, Cardiff, Bournemouth, Leeds, Londres, Belfast et Dublin.<\/p>\n<p>Une liste compl\u00e8te des dates est ci-dessous, et les billets sont disponibles en vente g\u00e9n\u00e9rale du vendredi 27 juin \u00e0 9h via www.theprodigy.com.<\/p>\n<p>Le communiqu\u00e9 de presse officiel se lisait: \u00abLes champions du monde des poids lourds se r\u00e9unissent pour une tourn\u00e9e de Ruckus directement qui voit le prodige exploser \u00e0 travers leur set en titre, interpr\u00e9tant des morceaux \u00e0 partir de leurs sept albums num\u00e9ro un au Royaume-Uni, avec Carl Cox, retournant \u00e0 son genre, brisant trois r\u00e9glementations de vinyle de jeu pour un ensemble de deux heures de portes chaque soir\u00bb.<\/p>\n<p><img fetchpriority=\"high\" decoding=\"async\" class=\"size-full wp-image-3872039\" src=\"https:\/\/www.europesays.com\/fr\/wp-content\/uploads\/2025\/06\/The-Prodigy-Annonce-2026-Royaume-Uni-et-Irlande-Arena-Tour-avec.jpg\" alt=\"Le prodige\" width=\"2000\" height=\"1270\"\/>L&rsquo;affiche de la tourn\u00e9e de Prodigy. Cr\u00e9dit: Concerts SJM\n<\/p>\n<p>Le membre du groupe Liam Howlett a d\u00e9clar\u00e9 dans un communiqu\u00e9: \u00abNous ramenons cette exp\u00e9rience compl\u00e8te de bruit et de battements non-stop des portes \u00e0 se faire d\u00e9foncer. Ce sera cette exp\u00e9rience prodigieuse compl\u00e8te telle qu&rsquo;elle \u00e9tait alors et comment elle continue de nous rejoindre donc donc attendre le mode d&rsquo;attaque complet, facteur neuf\u2026 Allons aller!\u00bb<\/p>\n<p>L&rsquo;annonce vient de l&rsquo;avant sur le prodige en t\u00eate d&rsquo;affiche de l&rsquo;autre \u00e9tape \u00e0 Glastonbury dimanche (29 juin). Leur quatri\u00e8me performance au festival, ce sera le premier sans l&rsquo;ancien homme de front Keith Flint. Le groupe a annul\u00e9 leur apparition au festival de 2019 apr\u00e8s sa mort en mars de la m\u00eame ann\u00e9e, \u00e0 l&rsquo;\u00e2ge de 49 ans.<\/p>\n<p>Les membres survivants sont retourn\u00e9s \u00e0 se produire en 2022. En ao\u00fbt dernier, le groupe a titr\u00e9 la sc\u00e8ne Chevron \u00e0 Reading &amp; Leeds, et Howlett a parl\u00e9 \u00e0 ZikNation de se poursuivre sans leur camarade et ami.<\/p>\n<blockquote class=\"instagram-media\" data-instgrm-captioned=\"\" data-instgrm-permalink=\"https:\/\/www.instagram.com\/reel\/DLP803zsOF0\/?utm_source=ig_embed&amp;utm_campaign=loading\" data-instgrm-version=\"14\" style=\" background:#FFF; border:0; border-radius:3px; box-shadow:0 0 1px 0 rgba(0,0,0,0.5),0 1px 10px 0 rgba(0,0,0,0.15); margin: 1px; max-width:658px; min-width:326px; padding:0; width:99.375%; width:-webkit-calc(100% - 2px); width:calc(100% - 2px);\"><\/blockquote>\n<p>\u00ab\u00a0Apr\u00e8s avoir perdu Keith, nous ne pouvions m\u00eame pas penser ou parler du groupe\u00a0\u00bb, se souvient-il. \u00abJe pense que c&rsquo;est deux ans apr\u00e8s sa mort que moi et Maxim ont commenc\u00e9 \u00e0 en parler.\u00bb Pourrions-nous jouer \u00e0 nouveau en direct? Avons-nous m\u00eame voulu? Pourquoi? Comment? Toute cette merde \u00bb.<\/p>\n<p>Il a poursuivi: \u00abNous avons r\u00e9alis\u00e9 que la seule v\u00e9ritable fa\u00e7on possible de savoir ce que nous ressentirions \u00e9tait de le faire: revenez sur sc\u00e8ne et faisant un tas de concerts. Il \u00e9tait si difficile de marcher sur cette sc\u00e8ne sans notre fr\u00e8re, mais nous avons vraiment ressenti la foule avec nous. Ces concerts \u00e9taient tr\u00e8s charg\u00e9s \u00e9motionnellement, mais nous sommes sortis de l&rsquo;autre bout avec notre r\u00e9ponse\u00bb.<\/p>\n<p><a href=\"https:\/\/www.youtube.com\/watch?v=9uwu-yvqc6i\" target=\"_blank\" rel=\"noopener\">https:\/\/www.youtube.com\/watch?v=9uwu-yvqc6i<\/a><\/p>\n<p>Cela a \u00e9galement inspir\u00e9 la nouvelle musique. \u00abNous poss\u00e9dons notre propre son depuis le d\u00e9but, donc nous ne sommes pas sur le point de changer\u00bb, a-t-il expliqu\u00e9. \u00abIl s&rsquo;agit d&rsquo;\u00e9crire de plus gros morceaux et de trouver diff\u00e9rentes fa\u00e7ons d&rsquo;attaquer sonore la foule lorsque nous jouons en direct\u00bb.<\/p>\n<p>ZikNation La critique de quatre \u00e9toiles de cette lecture et de Leeds ont salu\u00e9 leur \u00e9nergie, disant: \u00abPour une bonne heure, c&rsquo;est le plus grand spectacle sur terre\u00bb, ajoutant que: \u00abL&rsquo;image permanente est celle des promenades de champ de foire du festival en train d&rsquo;\u00e9clater en arri\u00e8re-plan comme les parieurs vibr\u00e9s aux chaos audio-visuels de l&rsquo;avance et au-dessus, de l&rsquo;esprit de Flint bien et vraiment impr\u00e9gn\u00e9\u00bb.<\/p>\n<p><strong>Les dates de la tourn\u00e9e en 2026 du Prodigy en 2026 et en Irlande sont: <\/strong><\/p>\n<p><strong>AVRIL:<\/strong><br \/><strong>15 \u2013 Ovo Hydro, Glasgow<\/strong><br \/><strong>16 \u2013 Coop Live, Manchester<\/strong><br \/><strong>18 \u2013 Utilita Arena, Birmingham<\/strong><br \/><strong>19 \u2013 Utilita Arena, Cardiff<\/strong><br \/><strong>21 \u2013 Bic, Bournemouth<\/strong><br \/><strong>22 \u2013 Premi\u00e8re ar\u00e8ne directe, Leeds<\/strong><br \/><strong>24 \u2013 Wembley Ovo Arena, Londres<\/strong><br \/><strong>25 \u2013 Wembley Ovo Arena, Londres<\/strong><br \/><strong>27 \u2013 L&rsquo;Arena SSE, Belfast<\/strong><br \/><strong>28 \u2013 3arena, Dublin<\/strong><\/p>\n<p>En f\u00e9vrier, le Prodigy&rsquo;s Liam Howlett appelle le groupe au Rock and Roll Hall of Fame: \u00abMake It Happen!\u00bb<\/p>\n<p><script async src=\"\/\/www.instagram.com\/embed.js\"><\/script><\/p>\n","protected":false},"excerpt":{"rendered":"Le Prodigy a annonc\u00e9 une tourn\u00e9e 2026 UK and Ireland Arena, aux c\u00f4t\u00e9s de \u00abtr\u00e8s sp\u00e9cial\u00bb Carl Cox.&hellip;\n","protected":false},"author":2,"featured_media":199915,"comment_status":"","ping_status":"","sticky":false,"template":"","format":"standard","meta":{"footnotes":""},"categories":[1588],"tags":[11,2562,13705,3396,33933,33934,1777,674,516,12,33935,473,1853,1873,3584,1851,1850,1852],"class_list":{"0":"post-199914","1":"post","2":"type-post","3":"status-publish","4":"format-standard","5":"has-post-thumbnail","7":"category-royaume-uni","8":"tag-actualites","9":"tag-annonce","10":"tag-arena","11":"tag-avec","12":"tag-carl","13":"tag-cox","14":"tag-eu","15":"tag-europe","16":"tag-irlande","17":"tag-news","18":"tag-prodigy","19":"tag-royaume-uni","20":"tag-royaume-uni-de-grande-bretagne-et-dirlande-du-nord","21":"tag-royaumeuni","22":"tag-tour","23":"tag-uk","24":"tag-united-kingdom","25":"tag-united-kingdom-of-great-britain-and-northern-ireland"},"share_on_mastodon":{"url":"","error":""},"_links":{"self":[{"href":"https:\/\/www.europesays.com\/fr\/wp-json\/wp\/v2\/posts\/199914","targetHints":{"allow":["GET"]}}],"collection":[{"href":"https:\/\/www.europesays.com\/fr\/wp-json\/wp\/v2\/posts"}],"about":[{"href":"https:\/\/www.europesays.com\/fr\/wp-json\/wp\/v2\/types\/post"}],"author":[{"embeddable":true,"href":"https:\/\/www.europesays.com\/fr\/wp-json\/wp\/v2\/users\/2"}],"replies":[{"embeddable":true,"href":"https:\/\/www.europesays.com\/fr\/wp-json\/wp\/v2\/comments?post=199914"}],"version-history":[{"count":0,"href":"https:\/\/www.europesays.com\/fr\/wp-json\/wp\/v2\/posts\/199914\/revisions"}],"wp:featuredmedia":[{"embeddable":true,"href":"https:\/\/www.europesays.com\/fr\/wp-json\/wp\/v2\/media\/199915"}],"wp:attachment":[{"href":"https:\/\/www.europesays.com\/fr\/wp-json\/wp\/v2\/media?parent=199914"}],"wp:term":[{"taxonomy":"category","embeddable":true,"href":"https:\/\/www.europesays.com\/fr\/wp-json\/wp\/v2\/categories?post=199914"},{"taxonomy":"post_tag","embeddable":true,"href":"https:\/\/www.europesays.com\/fr\/wp-json\/wp\/v2\/tags?post=199914"}],"curies":[{"name":"wp","href":"https:\/\/api.w.org\/{rel}","templated":true}]}}