{"id":199920,"date":"2025-06-24T05:07:11","date_gmt":"2025-06-24T05:07:11","guid":{"rendered":"https:\/\/www.europesays.com\/fr\/199920\/"},"modified":"2025-06-24T05:07:11","modified_gmt":"2025-06-24T05:07:11","slug":"apple-critique-letiquetage-energetique-de-lue-suite-aux-mauvaises-notes-attribuees-a-liphone-et-a-lipad","status":"publish","type":"post","link":"https:\/\/www.europesays.com\/fr\/199920\/","title":{"rendered":"Apple critique l&rsquo;\u00e9tiquetage \u00e9nerg\u00e9tique de l&rsquo;UE suite aux mauvaises notes attribu\u00e9es \u00e0 l&rsquo;iPhone et \u00e0 l&rsquo;iPad"},"content":{"rendered":"<p class=\"bodytext\">En r\u00e9ponse \u00e0 l&rsquo;introduction du label \u00e9nerg\u00e9tique de l&rsquo;UE, Apple a publi\u00e9 un document de 44 pages <a href=\"https:\/\/regulatoryinfo.apple.com\/cwt\/api\/ext\/file?fileId=whitePaperEnergyLabels\/EU_Energy_Label_for_iPhone_and_iPad_EN_1749628569689.pdf\" target=\"_blank\" rel=\"noopener\">https:\/\/regulatoryinfo.apple.com\/cwt\/api\/ext\/file?fileId=whitePaperEnergyLabels\/EU_Energy_Label_for_iPhone_and_iPad_EN_1749628569689.pdf<\/a> expliquant sa propre m\u00e9thodologie de test et critiquant les sp\u00e9cifications de l&rsquo;Union europ\u00e9enne. Selon Apple, les r\u00e9sultats des tests auraient \u00e9t\u00e9 suffisants pour donner \u00e0 l&rsquo;iPhone 16 Pro une meilleure note d&rsquo;un niveau dans les domaines de l&rsquo;efficacit\u00e9 \u00e9nerg\u00e9tique et de la r\u00e9sistance aux chutes, mais pour tenir compte des ambigu\u00eft\u00e9s dans les sp\u00e9cifications des tests, Apple s&rsquo;est r\u00e9trograd\u00e9 d&rsquo;un cran dans chaque cas.&#13;<\/p>\n<p class=\"bodytext\">Cela illustre l&rsquo;un des probl\u00e8mes du label \u00e9nerg\u00e9tique de l&rsquo;UE : tous les tests sont effectu\u00e9s par les fabricants de produits eux-m\u00eames et ne sont v\u00e9rifi\u00e9s par l&rsquo;UE qu&rsquo;au cas par cas. Apple la principale critique de la Commission europ\u00e9enne est que les sp\u00e9cifications sont parfois vagues et sujettes \u00e0 diff\u00e9rentes interpr\u00e9tations, ce qui conduit \u00e0 des m\u00e9thodologies de test diff\u00e9rentes et donc \u00e0 des \u00e9valuations diff\u00e9rentes d&rsquo;un fabricant \u00e0 l&rsquo;autre. Cette situation n&rsquo;est pas atypique pour l&rsquo;UE, puisqu&rsquo;il ne s&rsquo;agit que de sp\u00e9cifications \u00ab\u00a0pr\u00e9liminaires\u00a0\u00bb qui seront mises \u00e0 jour d\u00e8s que des donn\u00e9es suffisantes et un retour d&rsquo;information de la part des fabricants seront disponibles.&#13;<\/p>\n<p class=\"bodytext\">En outre, Apple affirme que certaines des sp\u00e9cifications sont si vagues qu&rsquo;elles n&rsquo;ont gu\u00e8re de sens. Par exemple, l&rsquo;\u00e9valuation de la r\u00e9sistance d&rsquo;un produit aux chutes peut \u00eatre \u00ab\u00a0sur\u00e9valu\u00e9e\u00a0\u00bb de trois niveaux en fonction de l&rsquo;interpr\u00e9tation des param\u00e8tres du test. L&rsquo;UE exige une chute sur une plaque d&rsquo;acier, mais ne fournit aucune information sur le degr\u00e9 de duret\u00e9 ou la texture de la surface, qui peuvent influencer les r\u00e9sultats de mani\u00e8re significative. En outre, seules cinq gouttes sont n\u00e9cessaires, ce qui, selon Apple, est trop peu pour obtenir des r\u00e9sultats fiables<\/p>\n","protected":false},"excerpt":{"rendered":"En r\u00e9ponse \u00e0 l&rsquo;introduction du label \u00e9nerg\u00e9tique de l&rsquo;UE, Apple a publi\u00e9 un document de 44 pages https:\/\/regulatoryinfo.apple.com\/cwt\/api\/ext\/file?fileId=whitePaperEnergyLabels\/EU_Energy_Label_for_iPhone_and_iPad_EN_1749628569689.pdf&hellip;\n","protected":false},"author":2,"featured_media":199921,"comment_status":"","ping_status":"","sticky":false,"template":"","format":"standard","meta":{"footnotes":""},"categories":[1586],"tags":[11,33937,891,33939,33174,1777,674,1779,1011,27,9412,8214,18427,33938,12,1113,5747,25,9411,374,1778,364],"class_list":{"0":"post-199920","1":"post","2":"type-post","3":"status-publish","4":"format-standard","5":"has-post-thumbnail","7":"category-europe","8":"tag-actualites","9":"tag-appleiphone","10":"tag-batterie","11":"tag-duree-de-vie","12":"tag-etiquette-energie","13":"tag-eu","14":"tag-europe","15":"tag-european-union","16":"tag-fr","17":"tag-france","18":"tag-informations-sur-des-ordinateurs-portatifs","19":"tag-ipad","20":"tag-ipad-pro","21":"tag-iphone-16-pro-max","22":"tag-news","23":"tag-nouvelles","24":"tag-rapport","25":"tag-republique-francaise","26":"tag-revues","27":"tag-test","28":"tag-ue","29":"tag-union-europeenne"},"share_on_mastodon":{"url":"","error":""},"_links":{"self":[{"href":"https:\/\/www.europesays.com\/fr\/wp-json\/wp\/v2\/posts\/199920","targetHints":{"allow":["GET"]}}],"collection":[{"href":"https:\/\/www.europesays.com\/fr\/wp-json\/wp\/v2\/posts"}],"about":[{"href":"https:\/\/www.europesays.com\/fr\/wp-json\/wp\/v2\/types\/post"}],"author":[{"embeddable":true,"href":"https:\/\/www.europesays.com\/fr\/wp-json\/wp\/v2\/users\/2"}],"replies":[{"embeddable":true,"href":"https:\/\/www.europesays.com\/fr\/wp-json\/wp\/v2\/comments?post=199920"}],"version-history":[{"count":0,"href":"https:\/\/www.europesays.com\/fr\/wp-json\/wp\/v2\/posts\/199920\/revisions"}],"wp:featuredmedia":[{"embeddable":true,"href":"https:\/\/www.europesays.com\/fr\/wp-json\/wp\/v2\/media\/199921"}],"wp:attachment":[{"href":"https:\/\/www.europesays.com\/fr\/wp-json\/wp\/v2\/media?parent=199920"}],"wp:term":[{"taxonomy":"category","embeddable":true,"href":"https:\/\/www.europesays.com\/fr\/wp-json\/wp\/v2\/categories?post=199920"},{"taxonomy":"post_tag","embeddable":true,"href":"https:\/\/www.europesays.com\/fr\/wp-json\/wp\/v2\/tags?post=199920"}],"curies":[{"name":"wp","href":"https:\/\/api.w.org\/{rel}","templated":true}]}}