{"id":199928,"date":"2025-06-24T05:12:19","date_gmt":"2025-06-24T05:12:19","guid":{"rendered":"https:\/\/www.europesays.com\/fr\/199928\/"},"modified":"2025-06-24T05:12:19","modified_gmt":"2025-06-24T05:12:19","slug":"volley-ball-tous-les-voyants-sont-au-vert-pour-creusot-volley-ball-mais","status":"publish","type":"post","link":"https:\/\/www.europesays.com\/fr\/199928\/","title":{"rendered":"VOLLEY-BALL\u00a0: Tous les voyants sont au vert pour Creusot Volley Ball, mais\u2026"},"content":{"rendered":"<p>24\/06\/2025 03:17<\/p>\n<p>414 lectures<\/p>\n<p><a class=\"share\" href=\"https:\/\/www.creusot-infos.com\/javascript:void(0)\" onclick=\"javascript:popup(&#039;https:\/\/m.facebook.com\/sharer.php?u=https:\/\/www.creusot-infos.com\/news\/sport\/volley-ball\/volley-ball-tous-les-voyants-sont-au-vert-pour-creusot-volley-ball-mais.html&#039;)\" rel=\"nofollow noopener\" target=\"_blank\"><img decoding=\"async\" src=\"https:\/\/www.europesays.com\/fr\/wp-content\/uploads\/2025\/04\/share_facebook.png\"\/><\/a><a class=\"share\" href=\"https:\/\/www.creusot-infos.com\/javascript:void(0)\" onclick=\"javascript:popup(&#039;https:\/\/twitter.com\/intent\/tweet?original_referer=https:\/\/www.creusot-infos.com\/news\/sport\/volley-ball\/volley-ball-tous-les-voyants-sont-au-vert-pour-creusot-volley-ball-mais.html&amp;text=VOLLEY-BALL%C2%A0%3A+Tous+les+voyants+sont+au+vert+pour+Creusot+Volley+Ball%2C+mais%E2%80%A6&amp;tw_p=tweetbutton&amp;url=https:\/\/www.creusot-infos.com\/news\/sport\/volley-ball\/volley-ball-tous-les-voyants-sont-au-vert-pour-creusot-volley-ball-mais.html&#039;)\" rel=\"nofollow noopener\" target=\"_blank\"><img decoding=\"async\" src=\"https:\/\/www.europesays.com\/fr\/wp-content\/uploads\/2025\/04\/share_x.png\"\/><\/a><a class=\"share\" href=\"https:\/\/www.creusot-infos.com\/javascript:void(0)\" onclick=\"javascript:popup(&#039;https:\/\/www.linkedin.com\/sharing\/share-offsite\/?url=https:\/\/www.creusot-infos.com\/news\/sport\/volley-ball\/volley-ball-tous-les-voyants-sont-au-vert-pour-creusot-volley-ball-mais.html&#039;)\" rel=\"nofollow noopener\" target=\"_blank\"><img decoding=\"async\" src=\"https:\/\/www.europesays.com\/fr\/wp-content\/uploads\/2025\/04\/1744230318_230_share_linkedin.png\"\/><\/a><a class=\"print\" href=\"https:\/\/www.creusot-infos.com\/news\/sport\/volley-ball\/volley-ball-tous-les-voyants-sont-au-vert-pour-creusot-volley-ball-mais-print.html\" target=\"_blank\" rel=\"nofollow noopener\"><img decoding=\"async\" src=\"https:\/\/www.europesays.com\/fr\/wp-content\/uploads\/2025\/04\/icon_print.png\"\/> IMPRIMER L&rsquo;ARTICLE<\/a><img decoding=\"async\" class=\"newsFullImg  type:primaryImage\" src=\"https:\/\/www.europesays.com\/fr\/wp-content\/uploads\/2025\/06\/93562_1_full.jpg\"\/><\/p>\n<p>C\u2019est un bilan au-del\u00e0 des esp\u00e9rances qu\u2019a dress\u00e9 le pr\u00e9sident J\u00e9r\u00f4me Martin lors de l\u2019Assembl\u00e9e G\u00e9n\u00e9rale de CVB qui s\u2019est tenue vendredi soir \u00e0 Guynemer.<\/p>\n<p><img decoding=\"async\" class=\"newsFullImg\" newsfullimgreduced=\"\" src=\"https:\/\/www.europesays.com\/fr\/wp-content\/uploads\/2025\/06\/93562_2_full.jpg\"\/><\/p>\n<p>celui du nombre d\u2019\u00e9quipes engag\u00e9es et comme celui du nombre de stagiaires accueillis. L\u2019attrait pour le volley-ball est croissant, mais le club doit faire face \u00e0 quelques inqui\u00e9tudes ou\u00a0 probl\u00e9matiques : n\u00e9cessit\u00e9 de proposer des activit\u00e9s vari\u00e9es, de trouver des financements ou encore d\u2019avoir du mat\u00e9riel et des installations ad\u00e9quats mais aussi p\u00e9renniser le club dans son encadrement, agrandir le bureau et trouver de nouveaux stagiaires et entra\u00eeneurs pour la prochaine saison.<br \/>Concernant les r\u00e9sultats, le sentiment est mitig\u00e9 entre la satisfaction de maintenir l\u2019\u00e9quipe f\u00e9minine en pr\u00e9-nationale, de voir l\u2019\u00e9quipe r\u00e9gionale 1 gar\u00e7on gagner la Coupe d\u00e9partementale et la d\u00e9ception de ne pas avoir de meilleurs r\u00e9sultats ailleurs.\u00a0<br \/>Le nombre de licenci\u00e9s a augment\u00e9 de 13% par rapport \u00e0 la pr\u00e9c\u00e9dente saison, 5 stagiaires STAPS ont \u00e9t\u00e9 accueillis. Le CVB a organis\u00e9 5 challenges et 4 \u00e9v\u00e8nements BFC et F\u00e9d\u00e9rale 1 et particip\u00e9 \u00e0 la Journ\u00e9e de\u00a0 Associations et au Samedi de Bouger. 4 stages CVJ ont eu lieu, 2 en juillet et 2 en ao\u00fbt.\t\t\t\t\t\t\t<\/p>\n<p>\t\t\t\t\t\t\tPour la saison 2025-2026, le club recherche des b\u00e9n\u00e9voles et souhaite renforcer sa structure et\u00a0 trouver un entra\u00eeneur en alternance. Le CVB entend maintenir le challenge inter entreprises au profit d\u2019Octobre Rose et du T\u00e9l\u00e9thon. Rechercher de nouveaux partenaires pour financer les projets du club, renouveler le contrat avec l\u2019\u00e9quipementier et proposer des activit\u00e9s diversifi\u00e9es pendant les vacances scolaires sont les autres perspectives du club.<br \/>Moumen Achou souligne que le CVB est victime de son succ\u00e8s. Il entend les difficult\u00e9s du club dues au manque de b\u00e9n\u00e9voles face \u00e0 l\u2019augmentation du nombre de licenci\u00e9s. Mais il se dit confiant pour l\u2019avenir du club qui b\u00e9n\u00e9ficie d\u2019un essor depuis 3 ans.<br \/>J.S.<br \/><img decoding=\"async\" src=\"https:\/\/www.europesays.com\/fr\/wp-content\/uploads\/2025\/06\/volley-ball-tous-les-voyants-sont-au-vert-pour-creusot-volley-ball-mais-397632.jpg\"\/><img decoding=\"async\" src=\"https:\/\/www.europesays.com\/fr\/wp-content\/uploads\/2025\/06\/volley-ball-tous-les-voyants-sont-au-vert-pour-creusot-volley-ball-mais-429723.jpg\"\/><img decoding=\"async\" src=\"https:\/\/www.europesays.com\/fr\/wp-content\/uploads\/2025\/06\/volley-ball-tous-les-voyants-sont-au-vert-pour-creusot-volley-ball-mais-248720.jpg\"\/><img decoding=\"async\" src=\"https:\/\/www.europesays.com\/fr\/wp-content\/uploads\/2025\/06\/volley-ball-tous-les-voyants-sont-au-vert-pour-creusot-volley-ball-mais-42817.jpg\"\/><br \/>\n<img decoding=\"async\" src=\"https:\/\/www.europesays.com\/fr\/wp-content\/uploads\/2025\/06\/volley-ball-tous-les-voyants-sont-au-vert-pour-creusot-volley-ball-mais-148207.jpg\"\/><img decoding=\"async\" src=\"https:\/\/www.europesays.com\/fr\/wp-content\/uploads\/2025\/06\/volley-ball-tous-les-voyants-sont-au-vert-pour-creusot-volley-ball-mais-78109.jpg\"\/><img decoding=\"async\" src=\"https:\/\/www.europesays.com\/fr\/wp-content\/uploads\/2025\/06\/volley-ball-tous-les-voyants-sont-au-vert-pour-creusot-volley-ball-mais-196051.jpg\"\/><img decoding=\"async\" src=\"https:\/\/www.europesays.com\/fr\/wp-content\/uploads\/2025\/06\/volley-ball-tous-les-voyants-sont-au-vert-pour-creusot-volley-ball-mais-313189.jpg\"\/><br \/><script async src=\"https:\/\/platform.twitter.com\/widgets.js\" charset=\"utf-8\"><\/script><\/p>\n","protected":false},"excerpt":{"rendered":"24\/06\/2025 03:17 414 lectures IMPRIMER L&rsquo;ARTICLE C\u2019est un bilan au-del\u00e0 des esp\u00e9rances qu\u2019a dress\u00e9 le pr\u00e9sident J\u00e9r\u00f4me Martin&hellip;\n","protected":false},"author":2,"featured_media":199929,"comment_status":"","ping_status":"","sticky":false,"template":"","format":"standard","meta":{"footnotes":""},"categories":[1417],"tags":[1011,27,60,1470,1469],"class_list":{"0":"post-199928","1":"post","2":"type-post","3":"status-publish","4":"format-standard","5":"has-post-thumbnail","7":"category-volley","8":"tag-fr","9":"tag-france","10":"tag-sports","11":"tag-volley","12":"tag-volleyball"},"share_on_mastodon":{"url":"","error":""},"_links":{"self":[{"href":"https:\/\/www.europesays.com\/fr\/wp-json\/wp\/v2\/posts\/199928","targetHints":{"allow":["GET"]}}],"collection":[{"href":"https:\/\/www.europesays.com\/fr\/wp-json\/wp\/v2\/posts"}],"about":[{"href":"https:\/\/www.europesays.com\/fr\/wp-json\/wp\/v2\/types\/post"}],"author":[{"embeddable":true,"href":"https:\/\/www.europesays.com\/fr\/wp-json\/wp\/v2\/users\/2"}],"replies":[{"embeddable":true,"href":"https:\/\/www.europesays.com\/fr\/wp-json\/wp\/v2\/comments?post=199928"}],"version-history":[{"count":0,"href":"https:\/\/www.europesays.com\/fr\/wp-json\/wp\/v2\/posts\/199928\/revisions"}],"wp:featuredmedia":[{"embeddable":true,"href":"https:\/\/www.europesays.com\/fr\/wp-json\/wp\/v2\/media\/199929"}],"wp:attachment":[{"href":"https:\/\/www.europesays.com\/fr\/wp-json\/wp\/v2\/media?parent=199928"}],"wp:term":[{"taxonomy":"category","embeddable":true,"href":"https:\/\/www.europesays.com\/fr\/wp-json\/wp\/v2\/categories?post=199928"},{"taxonomy":"post_tag","embeddable":true,"href":"https:\/\/www.europesays.com\/fr\/wp-json\/wp\/v2\/tags?post=199928"}],"curies":[{"name":"wp","href":"https:\/\/api.w.org\/{rel}","templated":true}]}}