{"id":199932,"date":"2025-06-24T05:14:09","date_gmt":"2025-06-24T05:14:09","guid":{"rendered":"https:\/\/www.europesays.com\/fr\/199932\/"},"modified":"2025-06-24T05:14:09","modified_gmt":"2025-06-24T05:14:09","slug":"roland-garros-toni-nadal-cetait-une-defaite-tres-difficile-pour-sinner-contre-alcaraz-jannik-a-manque-un-peu-de-calme-au-moment-crucial-peut-etre-que-son-box-aurait-du-lui-dire-calme-toi","status":"publish","type":"post","link":"https:\/\/www.europesays.com\/fr\/199932\/","title":{"rendered":"Roland Garros > Toni Nadal : \u00ab\u00a0C&rsquo;\u00e9tait une d\u00e9faite tr\u00e8s difficile pour Sinner contre Alcaraz. Jannik a manqu\u00e9 un peu de calme au moment crucial. Peut-\u00eatre que son box aurait d\u00fb lui dire : \u00ab\u00a0Calme-toi !\u00a0\u00bb \u00bb"},"content":{"rendered":"<p>Interrog\u00e9 par nos confr\u00e8res <a href=\"http:\/\/www.ubitennis.com\" data-wpel-link=\"external\" target=\"_blank\" rel=\"nofollow external noopener\">d\u2019Ubitennis<\/a>, Toni Nadal est revenu sur la finale l\u00e9gen\u00addaire entre Sinner et Alcaraz.<\/p>\n<p>\u00ab\u202f<strong>C\u2019\u00e9tait une d\u00e9faite tr\u00e8s diffi\u00adcile. Jannik a manqu\u00e9 un peu de calme au moment crucial. Peut\u2010\u00eatre que son box aurait d\u00fb lui dire\u00a0: \u00ab\u202fCalme\u2010toi\u202f!\u202f\u00bb \u00bb. Je pense que l\u2019Espagnol est menta\u00adle\u00adment un peu sup\u00e9\u00adrieur dans les moments d\u00e9ci\u00adsifs, tandis que l\u2019Italien est meilleur pour imposer un rythme tr\u00e8s \u00e9lev\u00e9 sans commettre d\u2019er\u00adreur\u00a0. Mais au moment cl\u00e9, entre les deux, Carlos est peut\u2010\u00eatre un peu sup\u00e9rieur.<\/strong><\/p>\n<p class=\"post-published-date\" style=\"color: silver; font-size: 75%; text-align: left;\">Publi\u00e9 le lundi 23 juin 2025 \u00e0 17:25<\/p>\n","protected":false},"excerpt":{"rendered":"Interrog\u00e9 par nos confr\u00e8res d\u2019Ubitennis, Toni Nadal est revenu sur la finale l\u00e9gen\u00addaire entre Sinner et Alcaraz. \u00ab\u202fC\u2019\u00e9tait&hellip;\n","protected":false},"author":2,"featured_media":198562,"comment_status":"","ping_status":"","sticky":false,"template":"","format":"standard","meta":{"footnotes":""},"categories":[1415],"tags":[1744,1011,27,1960,2127,60,1467],"class_list":{"0":"post-199932","1":"post","2":"type-post","3":"status-publish","4":"format-standard","5":"has-post-thumbnail","7":"category-tennis","8":"tag-alcaraz","9":"tag-fr","10":"tag-france","11":"tag-nadal","12":"tag-sinner","13":"tag-sports","14":"tag-tennis"},"share_on_mastodon":{"url":"","error":""},"_links":{"self":[{"href":"https:\/\/www.europesays.com\/fr\/wp-json\/wp\/v2\/posts\/199932","targetHints":{"allow":["GET"]}}],"collection":[{"href":"https:\/\/www.europesays.com\/fr\/wp-json\/wp\/v2\/posts"}],"about":[{"href":"https:\/\/www.europesays.com\/fr\/wp-json\/wp\/v2\/types\/post"}],"author":[{"embeddable":true,"href":"https:\/\/www.europesays.com\/fr\/wp-json\/wp\/v2\/users\/2"}],"replies":[{"embeddable":true,"href":"https:\/\/www.europesays.com\/fr\/wp-json\/wp\/v2\/comments?post=199932"}],"version-history":[{"count":0,"href":"https:\/\/www.europesays.com\/fr\/wp-json\/wp\/v2\/posts\/199932\/revisions"}],"wp:featuredmedia":[{"embeddable":true,"href":"https:\/\/www.europesays.com\/fr\/wp-json\/wp\/v2\/media\/198562"}],"wp:attachment":[{"href":"https:\/\/www.europesays.com\/fr\/wp-json\/wp\/v2\/media?parent=199932"}],"wp:term":[{"taxonomy":"category","embeddable":true,"href":"https:\/\/www.europesays.com\/fr\/wp-json\/wp\/v2\/categories?post=199932"},{"taxonomy":"post_tag","embeddable":true,"href":"https:\/\/www.europesays.com\/fr\/wp-json\/wp\/v2\/tags?post=199932"}],"curies":[{"name":"wp","href":"https:\/\/api.w.org\/{rel}","templated":true}]}}