{"id":199935,"date":"2025-06-24T05:17:11","date_gmt":"2025-06-24T05:17:11","guid":{"rendered":"https:\/\/www.europesays.com\/fr\/199935\/"},"modified":"2025-06-24T05:17:11","modified_gmt":"2025-06-24T05:17:11","slug":"un-retour-a-macon-avec-deux-grands-prix-de-formule-4-sur-leau","status":"publish","type":"post","link":"https:\/\/www.europesays.com\/fr\/199935\/","title":{"rendered":"un retour \u00e0 M\u00e2con avec deux grands prix de Formule 4 sur l\u2019eau"},"content":{"rendered":"<p>Le Yacht Motor Club de M\u00e2con organise les 28 et le 29\u00a0juin prochains les deux premi\u00e8res manches du championnat de France de Formule 4 sur l\u2019eau (endurance et vitesse) sur la Sa\u00f4ne, \u00e0 proximit\u00e9 du port de plaisance.<\/p>\n<p>Le public pourra ainsi assister gratuitement \u00e0 quatre courses, mais aussi \u00e0 des d\u00e9monstrations de bateaux de course historiques et d\u2019un bateau \u00e0 moteur \u00e9lectrique de F4.<\/p>\n<p>Maverick racing, team fran\u00e7ais originaire de M\u00e2con, participera avec quatre pilotes\u00a0: <a href=\"https:\/\/www.lejsl.com\/sport\/2022\/06\/02\/un-maconnais-au-championnat-francais-de-formule-4\" target=\"_blank\" rel=\"nofollow noopener\">Camille Broutechoux<\/a> , Steven Henin (de retour apr\u00e8s 15 ans de pause), Alex Bourgeot ( <a href=\"https:\/\/www.lejsl.com\/societe\/2024\/10\/23\/motonautisme-le-ying-et-le-yang-pour-maverick-racing-au-grand-prix-de-zhengzhou\" target=\"_blank\" rel=\"nofollow noopener\">participant au championnat du monde de Formule 1<\/a> ) et <a href=\"https:\/\/www.lejsl.com\/sport\/2024\/09\/16\/premiere-competition-reussie-pour-la-maconnaise-tiffany-courant\" target=\"_blank\" rel=\"nofollow noopener\">Tiffany Courant<\/a> , \u00e0 sa deuxi\u00e8me course.<\/p>\n<p>Le championnat de France inshore compte cette ann\u00e9e quatre grands prix\u00a0: les deux de M\u00e2con, \u00e0 Seurre (21), \u00e0 Caen (14) et \u00e0 Mons, en Belgique.<\/p>\n<p>  \u00ab\u00a0Un des lieux historiques pour ce sport\u00a0\u00bb<\/p>\n<p>\u00ab\u00a0Nous sommes ravis de faire revenir les grands prix de motonautisme \u00e0 M\u00e2con, un des lieux historiques pour ce sport en France et mettre en lumi\u00e8re l\u2019infrastructure du port de plaisance. Samedi et dimanche il y aura une course d\u2019endurance de deux heures \u00e0 partir de 11\u00a0h et une course de vitesse dans l\u2019apr\u00e8s-midi \u00e0 partir de 16\u00a0h\u00a010\u00a0\u00bb, explique C\u00e9dric Deguisne, <a href=\"https:\/\/www.lejsl.com\/sport\/2024\/04\/03\/formule-1-sur-l-eau-un-top-10-au-vietnam-pour-le-maconnais-cedric-deguisne\" target=\"_blank\" rel=\"nofollow noopener\">c\u00e9l\u00e8bre pilote m\u00e2connais de Formule 1 sur l\u2019eau<\/a>.<\/p>\n<p class=\"note\">Programme\u00a0: Samedi 28\u00a0juin\u00a0: Circuit 1 8\u00a0h\u00a030-9\u00a0h\u00a010 Briefing pilotes 9\u00a0h\u00a030-10\u00a0h\u00a010 Essais libres S3 et S\u00e9rie Nationale F4 (40&prime;) 10\u00a0h\u00a020-10\u00a0h\u00a050 Passage de la navigation. 11\u00a0h\u00a0-13\u00a0h\u00a0Endurance (120&prime;) 13\u00a0h\u00a0-14\u00a0h\u00a020 Passage de la navigation. 14\u00a0h\u00a030-15\u00a0h\u00a010 Essais chronos S\u00e9rie Nationale F4 (40&prime;) 15\u00a0h\u00a010-15 h\u00a040 Passage de la navigation. 15\u00a0h\u00a040-16\u00a0h\u00a0D\u00e9monstration de Racer Historique 16\u00a0h- 16\u00a0h\u00a010 Parade et grille de d\u00e9part (10&prime;) 16\u00a0h\u00a010-16\u00a0h\u00a040 Course S\u00e9rie Nationale (30&prime;) 16\u00a0h\u00a045 Ouverture de la navigation. 17\u00a0h Remise des prix. Dimanche 29\u00a0juin\u00a0: Circuit 2 8\u00a0h\u00a030-9\u00a0h Briefing pilotes 9\u00a0h\u00a020-10\u00a0h Essais libre S3 et S\u00e9rie Nationale F4 (40&prime;) 10\u00a0h\u00a010-10\u00a0h\u00a040 Passage de la navigation. 10\u00a0h\u00a045 &#8211; 11\u00a0h\u00a0D\u00e9monstration de Racer Historique 11\u00a0h-13\u00a0h Endurance (120&prime;) 13\u00a0h-14\u00a0h\u00a020 Passage de la navigation. 14\u00a0h\u00a030-15\u00a0h\u00a010 Essais chronos S\u00e9rie Nationale F4 (40&prime;) 15\u00a0h\u00a010-15 h\u00a040 Passage de la navigation. 15\u00a0h\u00a045 &#8211; 16\u00a0h\u00a0D\u00e9monstration de Racer Historique 16\u00a0h\u00a000 16\u00a0h\u00a010 Parade et grille de d\u00e9part (10&prime;) 16\u00a0h\u00a010-16\u00a0h\u00a040 Course S\u00e9rie Nationale (30&prime;) 16\u00a0h\u00a045 Ouverture de la navigation. 17\u00a0h Remise des prix.<\/p>\n","protected":false},"excerpt":{"rendered":"Le Yacht Motor Club de M\u00e2con organise les 28 et le 29\u00a0juin prochains les deux premi\u00e8res manches du&hellip;\n","protected":false},"author":2,"featured_media":199936,"comment_status":"","ping_status":"","sticky":false,"template":"","format":"standard","meta":{"footnotes":""},"categories":[1412],"tags":[3718,1451,107,1452,1453,1454,1455,1011,27,5980,5982,517,60],"class_list":{"0":"post-199935","1":"post","2":"type-post","3":"status-publish","4":"format-standard","5":"has-post-thumbnail","7":"category-f1","8":"tag-edition-macon","9":"tag-f1","10":"tag-fil-info","11":"tag-formula-1","12":"tag-formula1","13":"tag-formule-1","14":"tag-formule1","15":"tag-fr","16":"tag-france","17":"tag-macon","18":"tag-macon-ville","19":"tag-sport","20":"tag-sports"},"share_on_mastodon":{"url":"","error":""},"_links":{"self":[{"href":"https:\/\/www.europesays.com\/fr\/wp-json\/wp\/v2\/posts\/199935","targetHints":{"allow":["GET"]}}],"collection":[{"href":"https:\/\/www.europesays.com\/fr\/wp-json\/wp\/v2\/posts"}],"about":[{"href":"https:\/\/www.europesays.com\/fr\/wp-json\/wp\/v2\/types\/post"}],"author":[{"embeddable":true,"href":"https:\/\/www.europesays.com\/fr\/wp-json\/wp\/v2\/users\/2"}],"replies":[{"embeddable":true,"href":"https:\/\/www.europesays.com\/fr\/wp-json\/wp\/v2\/comments?post=199935"}],"version-history":[{"count":0,"href":"https:\/\/www.europesays.com\/fr\/wp-json\/wp\/v2\/posts\/199935\/revisions"}],"wp:featuredmedia":[{"embeddable":true,"href":"https:\/\/www.europesays.com\/fr\/wp-json\/wp\/v2\/media\/199936"}],"wp:attachment":[{"href":"https:\/\/www.europesays.com\/fr\/wp-json\/wp\/v2\/media?parent=199935"}],"wp:term":[{"taxonomy":"category","embeddable":true,"href":"https:\/\/www.europesays.com\/fr\/wp-json\/wp\/v2\/categories?post=199935"},{"taxonomy":"post_tag","embeddable":true,"href":"https:\/\/www.europesays.com\/fr\/wp-json\/wp\/v2\/tags?post=199935"}],"curies":[{"name":"wp","href":"https:\/\/api.w.org\/{rel}","templated":true}]}}