{"id":199937,"date":"2025-06-24T05:18:08","date_gmt":"2025-06-24T05:18:08","guid":{"rendered":"https:\/\/www.europesays.com\/fr\/199937\/"},"modified":"2025-06-24T05:18:08","modified_gmt":"2025-06-24T05:18:08","slug":"tdf-tour-de-france-van-der-poel-philipsen-les-modestes-ambitions-sur-le-tour","status":"publish","type":"post","link":"https:\/\/www.europesays.com\/fr\/199937\/","title":{"rendered":"TDF. Tour de France &#8211; Van der Poel, Philipsen&#8230; les modestes ambitions sur le Tour"},"content":{"rendered":"<p>Interrog\u00e9 sur les objectifs de son \u00e9quipe\u00a0<strong>Alpecin-Deceuninck<\/strong>,\u00a0le manager <strong>Christoph Roodhooft<\/strong> a d\u00e9clar\u00e9 que ses coureurs auraient pour but de remporter une \u00e9tape lors sur le prochain\u00a0<strong><a href=\"https:\/\/www.cyclismactu.net\/..\/news-tdf-route-tour-de-france-a-quoi-devrait-ressembler-startlist-du-tour-de-france-2025-88207.html\" target=\"_blank\" rel=\"nofollow noopener\">Tour de France<\/a><\/strong>, selon <a href=\"https:\/\/www.cyclingnews.com\/news\/we-havent-thought-that-far-yet-mathieu-van-der-poels-team-focus-on-winning-a-tour-de-france-stage-over-green-jersey-ambitions\/\" target=\"_blank\" rel=\"nofollow noopener\">CyclingNews<\/a>. Dans une \u00e9quipe compos\u00e9e de\u00a0<strong>Mathieu van der Poel<\/strong> et <strong>Jasper Philipsen<\/strong>, la d\u00e9claration \u00e9tonne. Alors qu&rsquo;\u00e0 eux deux, les coureurs ne cumulent pas moins de 10 victoires sur la Grande Boucle, on se satisferait d&rsquo;une \u00e9tape lors des trois semaines de course. \u00ab\u00a0Nous n&rsquo;avons pas de strat\u00e9gie \u00e9tablie pour le maillot vert\u00a0\u00bb a \u00e9galement ajout\u00e9\u00a0<strong>Christoph Roodhooft<\/strong>. Une prudence qui contraste avec le profil plat de la 1\u00e8re \u00e9tape qui pourrait bien voir <strong>Jasper Philipsen<\/strong> endosser le maillot jaune.\u00a0<\/p>\n<p>Vid\u00e9o &#8211; La victoire de Philipsen sur l&rsquo;\u00e9tape 2 du Tour de Belgique Lire la suite de l&rsquo;article&#13;<\/p>\n<p>\u00a0<\/p>\n<p>&#13;<br \/>\nBluff ou inqui\u00e9tude ?&#13;<\/p>\n<p><strong>Jasper Philipsen<\/strong> ne s&rsquo;est pas montr\u00e9e le plus \u00e0 son avantage cette saison. Il n&rsquo;a pour l&rsquo;instant d\u00e9croch\u00e9 que deux succ\u00e8s, dont la deuxi\u00e8me \u00e9tape du\u00a0<strong><a href=\"https:\/\/www.cyclismactu.net\/..\/news-tour-de-belgique-route-jasper-philipsen-prend-sa-revanche-sur-2e-etape-88448.html\" target=\"_blank\" rel=\"nofollow noopener\">Tour de Belgique<\/a><\/strong>\u00a0(ou<strong>\u00a0Baloise Belgium Tour<\/strong>) obtenue le 19 juin 2025. Pour autant, difficile d&rsquo;imaginer qu&rsquo;il n&rsquo;a pas ax\u00e9 sa pr\u00e9paration sur le <strong><a href=\"https:\/\/www.cyclismactu.net\/..\/news-tdf-route-tour-de-france-a-quoi-devrait-ressembler-startlist-du-tour-de-france-2025-88207.html\" target=\"_blank\" rel=\"nofollow noopener\">Tour de France<\/a><\/strong>, et il y a fort \u00e0 parier que celui qui a remport\u00e9 trois \u00e9tapes l&rsquo;an dernier sera \u00e0 son pic de forme en juillet. Pour ce qui est de <strong>Mathieu van der Poel<\/strong>, le vainqueur de<strong> Milan-San Remo<\/strong> et <strong>Paris-Roubaix<\/strong> a empil\u00e9 les places d&rsquo;honneur lors du<strong> Crit\u00e9rium du Dauphin\u00e9<\/strong>. Si une fracture du scapho\u00efde survenue fin mai aurait pu le freiner, elle semble derri\u00e8re lui.\u00a0<\/p>\n<p>&#13;<\/p>\n<p>Dans une \u00e9quipe qui pourrait \u00e9galement s&rsquo;appuyer sur <strong>Kaden Groves<\/strong>, 9 fois vainqueur d&rsquo;\u00e9tapes en Grand Tour, difficile d&rsquo;imaginer qu&rsquo;<strong>Alpecin-Deceuninck<\/strong> se satisferait v\u00e9ritablement d&rsquo;une simple victoire d&rsquo;\u00e9tape lors du <strong><a href=\"https:\/\/www.cyclismactu.net\/..\/news-tdf-route-tour-de-france-a-quoi-devrait-ressembler-startlist-du-tour-de-france-2025-88207.html\" target=\"_blank\" rel=\"nofollow noopener\">Tour de France<\/a><\/strong>. Une d\u00e9claration qui oscille entre le manque de confiance et le coup de bluff.<\/p>\n","protected":false},"excerpt":{"rendered":"Interrog\u00e9 sur les objectifs de son \u00e9quipe\u00a0Alpecin-Deceuninck,\u00a0le manager Christoph Roodhooft a d\u00e9clar\u00e9 que ses coureurs auraient pour but&hellip;\n","protected":false},"author":2,"featured_media":199938,"comment_status":"","ping_status":"","sticky":false,"template":"","format":"standard","meta":{"footnotes":""},"categories":[1411],"tags":[1154,207,211,1011,27,209,60,210,212,208,213],"class_list":{"0":"post-199937","1":"post","2":"type-post","3":"status-publish","4":"format-standard","5":"has-post-thumbnail","7":"category-cyclisme","8":"tag-cycling","9":"tag-cyclisme","10":"tag-ffc","11":"tag-fr","12":"tag-france","13":"tag-route","14":"tag-sports","15":"tag-tour-de-france","16":"tag-uci","17":"tag-velo","18":"tag-world-tour"},"share_on_mastodon":{"url":"","error":""},"_links":{"self":[{"href":"https:\/\/www.europesays.com\/fr\/wp-json\/wp\/v2\/posts\/199937","targetHints":{"allow":["GET"]}}],"collection":[{"href":"https:\/\/www.europesays.com\/fr\/wp-json\/wp\/v2\/posts"}],"about":[{"href":"https:\/\/www.europesays.com\/fr\/wp-json\/wp\/v2\/types\/post"}],"author":[{"embeddable":true,"href":"https:\/\/www.europesays.com\/fr\/wp-json\/wp\/v2\/users\/2"}],"replies":[{"embeddable":true,"href":"https:\/\/www.europesays.com\/fr\/wp-json\/wp\/v2\/comments?post=199937"}],"version-history":[{"count":0,"href":"https:\/\/www.europesays.com\/fr\/wp-json\/wp\/v2\/posts\/199937\/revisions"}],"wp:featuredmedia":[{"embeddable":true,"href":"https:\/\/www.europesays.com\/fr\/wp-json\/wp\/v2\/media\/199938"}],"wp:attachment":[{"href":"https:\/\/www.europesays.com\/fr\/wp-json\/wp\/v2\/media?parent=199937"}],"wp:term":[{"taxonomy":"category","embeddable":true,"href":"https:\/\/www.europesays.com\/fr\/wp-json\/wp\/v2\/categories?post=199937"},{"taxonomy":"post_tag","embeddable":true,"href":"https:\/\/www.europesays.com\/fr\/wp-json\/wp\/v2\/tags?post=199937"}],"curies":[{"name":"wp","href":"https:\/\/api.w.org\/{rel}","templated":true}]}}