{"id":19994,"date":"2025-04-12T15:05:37","date_gmt":"2025-04-12T15:05:37","guid":{"rendered":"https:\/\/www.europesays.com\/fr\/19994\/"},"modified":"2025-04-12T15:05:37","modified_gmt":"2025-04-12T15:05:37","slug":"pourquoi-le-personnage-joue-par-eddy-mitchell-a-pose-probleme-lors-du-tournage-du-film","status":"publish","type":"post","link":"https:\/\/www.europesays.com\/fr\/19994\/","title":{"rendered":"Pourquoi le personnage jou\u00e9 par Eddy Mitchell a pos\u00e9 probl\u00e8me lors du tournage du film ?"},"content":{"rendered":"<p>Il n&rsquo;y a pas d&rsquo;\u00e2ge pour faire rire ! Et s&rsquo;il en fallait des preuves, le cin\u00e9ma fran\u00e7ais n&rsquo;en manque pas, entre le succ\u00e8s des films <a href=\"https:\/\/www.programme-tv.net\/news\/people\/299286-je-noublierai-jamais-tes-precieux-conseils-kev-adams-rend-hommage-a-lactrice-marianne-garcia-decedee-a-lage-de-66-ans-et-avec-qui-il-a-tourne-dans-maison-de-retraite\/\" data-api-deeplink=\"teleloisirs:\/\/news\/299286\" target=\"_blank\" rel=\"noopener\">Maison de retraite avec Kev Adams<\/a>, <a href=\"https:\/\/www.programme-tv.net\/news\/cinema\/306114-cest-quoi-cette-mamie-m6-que-vaut-cette-comedie-avec-chantal-ladesou\/\" data-api-deeplink=\"teleloisirs:\/\/news\/306114\" target=\"_blank\" rel=\"noopener\">C&rsquo;est quoi cette mamie ?! avec Chantal Ladesou<\/a> ou encore <a href=\"https:\/\/www.programme-tv.net\/news\/cinema\/243907-joyeuse-retraite-les-tendres-souvenirs-de-michele-laroque-et-thierry-lhermitte-avec-leurs-grands-parents-video\/\" data-api-deeplink=\"teleloisirs:\/\/news\/243907\" target=\"_blank\" rel=\"noopener\">Joyeux retraite ! avec Mich\u00e8le Laroque et Thierry Lhermitte<\/a>. La com\u00e9die Les Vieux Fourneaux, diffus\u00e9e lundi 7 avril 2025 \u00e0 21h05 sur France 3 en est un autre tr\u00e8s bon exemple. Narrant les aventures de Pierrot, Mimile et Antoine, trois septuag\u00e9naires amis depuis l&rsquo;enfance, cette adaptation de la bande dessin\u00e9e \u00e9ponyme sign\u00e9e Wilfrid Lupano et Paul Cauuet offre son lot de rebondissements, de gags hilarants et m\u00eame de jolis moments de po\u00e9sie.<\/p>\n<p>Qui sont les acteurs du film Les Vieux Fourneaux ?<\/p>\n<p>Il faut dire que pour incarner les trois h\u00e9ros, le r\u00e9alisateur Christophe Duthuron a r\u00e9uni trois pointures du cin\u00e9ma fran\u00e7ais, \u00e0 savoir Pierre Richard, Eddy Mitchell et Roland Giraud. Et chose incroyable, malgr\u00e9 leurs longues et prolifiques carri\u00e8res respectives, <b>il s&rsquo;agit de la toute premi\u00e8re collaboration entre les trois com\u00e9diens <\/b>qui n&rsquo;avaient encore jamais jou\u00e9 ensemble. Une nouveaut\u00e9 qui n&rsquo;a absolument pas inqui\u00e9t\u00e9 le cin\u00e9aste, comme il l&rsquo;explique dans <a href=\"https:\/\/medias.unifrance.org\/medias\/99\/243\/193379\/presse\/les-vieux-fourneaux-dossier-de-presse-francais.pdf\" target=\"_blank\" rel=\"noopener\">le dossier de presse<\/a>. \u00ab\u00a0Pierre, Roland et Eddy ont tous les trois d\u00e9pass\u00e9 depuis longtemps leurs probl\u00e8mes d&rsquo;ego, si tant est, d&rsquo;ailleurs, qu&rsquo;ils n&rsquo;en aient jamais eus. Ce sont des bons vivants qui ont, en partage, le talent, le rire et le sens de la d\u00e9rision\u00a0\u00bb, confie Christophe Duthuron.<\/p>\n<p>                        Le r\u00e9alisateur du film Les Vieux Fourneaux explique pourquoi le personnage d&rsquo;Eddy Mitchell a pos\u00e9 probl\u00e8me<\/p>\n<p>En outre, Christophe Duthuron reconna\u00eet que pour deux des trois com\u00e9diens, la transposition des personnages de la bande dessin\u00e9e au grand \u00e9cran a \u00e9t\u00e9 assez simple. \u00ab\u00a0Physiquement, Pierre est assez proche de Pierrot, il en a le c\u00f4t\u00e9 \u00e9chalas et la blancheur des cheveux. Il a juste fallu lui d\u00e9garnir le front et l&rsquo;affubler de grosses lunettes, des noires rectangulaires \u00e0 la place des rouges arrondies qu&rsquo;il porte souvent dans la vie. Roland aussi a un physique qui se rapproche de celui de son personnage, Antoine. Il en a, en tout cas, la stature et la s\u00e9v\u00e9rit\u00e9 de la m\u00e2choire. On lui a quand m\u00eame demand\u00e9 de se d\u00e9colorer les cheveux en blanc. Apr\u00e8s avoir fait un peu la grimace, le grand acteur qu&rsquo;il est a finalement accept\u00e9 sans trop barguigner ce petit sacrifice\u00a0\u00bb, d\u00e9taille le r\u00e9alisateur. Les choses n&rsquo;ont pas \u00e9t\u00e9 aussi faciles avec le troisi\u00e8me larron. \u00ab\u00a0Le personnage qui nous a pos\u00e9 le plus grand probl\u00e8me a \u00e9t\u00e9 celui de Mimile, tenu par Eddy. Dans la BD, c&rsquo;est un petit gros d\u00e9garni. Autant dire qu&rsquo;on est loin de la prestance et de l&rsquo;insolente jeunesse d&rsquo;Eddy Mitchum, comme je m&rsquo;amusais \u00e0 l&rsquo;appeler. Le &lsquo;personnage&rsquo; d&rsquo;Eddy d\u00e9gage surtout de la force. Or, <b>la dr\u00f4lerie des <\/b><b>Fourneaux<\/b><b> tient aussi \u00e0 ce que ce sont des &lsquo;petits&rsquo; vieux avec de grandes gueules<\/b>. Il a donc fallu cr\u00e9er ailleurs ce d\u00e9calage. Lui trouver une &lsquo;faille&rsquo; pour qu&rsquo;il nous touche imm\u00e9diatement. Il y a la posture vout\u00e9e, le corps cass\u00e9, bien s\u00fbr, mais surtout une tentative un peu ridicule \u2013 parce que perdue d&rsquo;avance \u2013 de retenir l&rsquo;image de sa jeunesse. Je n&rsquo;en reviens toujours pas qu&rsquo;Eddy ait accept\u00e9 la teinture de cheveux corbeau et la moustache dessin\u00e9e au crayon\u00a0\u00bb, raconte Christophe Duthuron. D&rsquo;ailleurs, le r\u00e9sultat a \u00e9t\u00e9 tellement probant qu&rsquo;Eddy Mitchell a rempil\u00e9 pour la suite, Les Vieux fourneaux 2, bons pour l\u2019asile alors que <a href=\"https:\/\/www.programme-tv.net\/news\/cinema\/321570-les-vieux-fourneaux-2-bons-pour-lasile-canal-pourquoi-bernard-le-coq-remplace-t-il-roland-giraud-dans-le-film\/\" data-api-deeplink=\"teleloisirs:\/\/news\/321570\" target=\"_blank\" rel=\"noopener\">Bernard Le Coq a d\u00fb remplacer Roland Giraud<\/a>.<\/p>\n","protected":false},"excerpt":{"rendered":"Il n&rsquo;y a pas d&rsquo;\u00e2ge pour faire rire ! Et s&rsquo;il en fallait des preuves, le cin\u00e9ma fran\u00e7ais&hellip;\n","protected":false},"author":2,"featured_media":19995,"comment_status":"","ping_status":"","sticky":false,"template":"","format":"standard","meta":{"footnotes":""},"categories":[1354],"tags":[5334,244,58,7704,59,1346,1011,27,7707,7710,7709,1360,7705,7706,7708],"class_list":{"0":"post-19994","1":"post","2":"type-post","3":"status-publish","4":"format-standard","5":"has-post-thumbnail","7":"category-films","8":"tag-channel_bandes-annonces","9":"tag-commentaire","10":"tag-divertissement","11":"tag-eddy-mitchell","12":"tag-entertainment","13":"tag-films","14":"tag-fr","15":"tag-france","16":"tag-guid_6073616377001","17":"tag-les-vieux-fourneaux","18":"tag-les-vieux-fourneaux-121966346","19":"tag-movies","20":"tag-pierre-richard","21":"tag-roland-giraud","22":"tag-uuid_e8585796-d54a-4566-abba-0879088bdfb8"},"share_on_mastodon":{"url":"https:\/\/pubeurope.com\/@fr\/114325613650341286","error":""},"_links":{"self":[{"href":"https:\/\/www.europesays.com\/fr\/wp-json\/wp\/v2\/posts\/19994","targetHints":{"allow":["GET"]}}],"collection":[{"href":"https:\/\/www.europesays.com\/fr\/wp-json\/wp\/v2\/posts"}],"about":[{"href":"https:\/\/www.europesays.com\/fr\/wp-json\/wp\/v2\/types\/post"}],"author":[{"embeddable":true,"href":"https:\/\/www.europesays.com\/fr\/wp-json\/wp\/v2\/users\/2"}],"replies":[{"embeddable":true,"href":"https:\/\/www.europesays.com\/fr\/wp-json\/wp\/v2\/comments?post=19994"}],"version-history":[{"count":0,"href":"https:\/\/www.europesays.com\/fr\/wp-json\/wp\/v2\/posts\/19994\/revisions"}],"wp:featuredmedia":[{"embeddable":true,"href":"https:\/\/www.europesays.com\/fr\/wp-json\/wp\/v2\/media\/19995"}],"wp:attachment":[{"href":"https:\/\/www.europesays.com\/fr\/wp-json\/wp\/v2\/media?parent=19994"}],"wp:term":[{"taxonomy":"category","embeddable":true,"href":"https:\/\/www.europesays.com\/fr\/wp-json\/wp\/v2\/categories?post=19994"},{"taxonomy":"post_tag","embeddable":true,"href":"https:\/\/www.europesays.com\/fr\/wp-json\/wp\/v2\/tags?post=19994"}],"curies":[{"name":"wp","href":"https:\/\/api.w.org\/{rel}","templated":true}]}}