{"id":199943,"date":"2025-06-24T05:21:23","date_gmt":"2025-06-24T05:21:23","guid":{"rendered":"https:\/\/www.europesays.com\/fr\/199943\/"},"modified":"2025-06-24T05:21:23","modified_gmt":"2025-06-24T05:21:23","slug":"decouvrez-la-photo-gagnante-du-concours-africa-geographic-photographer-of-the-year-2025","status":"publish","type":"post","link":"https:\/\/www.europesays.com\/fr\/199943\/","title":{"rendered":"d\u00e9couvrez la photo gagnante du concours Africa Geographic Photographer of the Year 2025"},"content":{"rendered":"<p>Le concours\u00a0<strong>Africa Geographic Photographer of the Year 2025<\/strong>\u00a0a d\u00e9voil\u00e9 ses laur\u00e9ats, r\u00e9v\u00e9lant la puissance narrative de la <strong>photographie de nature<\/strong>. Au c\u0153ur de cette \u00e9dition\u202f: le<strong> mouvement<\/strong>, qu\u2019il soit brut, suspendu ou \u00e0 peine esquiss\u00e9. C\u2019est l\u2019image d\u2019un <strong>l\u00e9opard secouant la pluie de son pelage<\/strong> qui a conquis le jury, incarnant la gr\u00e2ce du monde sauvage africain.<\/p>\n<p>Christina Schwenck sublime un instant de gr\u00e2ce f\u00e9line<\/p>\n<p>Le premier prix a \u00e9t\u00e9 attribu\u00e9 \u00e0\u00a0<strong>Christina Schwenck<\/strong>\u00a0pour\u00a0Casting Off, une photo prise dans le parc Kruger, en Afrique du Sud. La sc\u00e8ne, \u00e0 la fois <strong>graphique<\/strong> et captur\u00e9e <strong>sur le vif<\/strong>, capture le moment o\u00f9 <strong>un l\u00e9opard secoue son pelage<\/strong> sous la pluie\u202f: les <strong>gouttelettes<\/strong> dessinent une couronne lumineuse autour de sa t\u00eate. Le jury a salu\u00e9 \u00ab\u202fla puissance de l\u2019instant, sa composition millim\u00e9tr\u00e9e et la profondeur \u00e9motionnelle de l\u2019image\u202f\u00bb.<\/p>\n<p><img decoding=\"async\" width=\"1024\" height=\"683\" loading=\"lazy\" src=\"https:\/\/www.europesays.com\/fr\/wp-content\/uploads\/2025\/06\/1.-christina-schwenck-leopard-knp-south-africa.jpg\" alt=\"\" class=\"wp-image-241850\" style=\"width:770px;height:auto\"  \/>Sortie de la torpeur.\u00a0Un l\u00e9opard d\u00e9tremp\u00e9 \u00e9merge de son sommeil, rejetant la pluie de la nuit. Parc national Kruger, Afrique du Sud. \u00a9 Christina Schwenck<\/p>\n<p>Deux finalistes aux antipodes du spectre \u00e9motionnel<\/p>\n<p>Avec\u00a0Survival by an Inch, le photographe\u00a0<strong>Ernest Porter<\/strong>\u00a0nous plonge dans le d\u00e9sert du Kgalagadi (Afrique du Sud), au moment o\u00f9 un <strong>moineau \u00e0 t\u00eate rouge<\/strong> \u00e9chappe de justesse \u00e0 un <strong>faucon lanier<\/strong>.<\/p>\n<p><img decoding=\"async\" width=\"1024\" height=\"618\" loading=\"lazy\" src=\"https:\/\/www.europesays.com\/fr\/wp-content\/uploads\/2025\/06\/2.-ernest-porter-lanner-finches-kgalagadi-south-africa.jpg\" alt=\"\" class=\"wp-image-241844\"  \/>\u00c0 un cheveu de la survie. \u00a9 Ernest Porter<\/p>\n<p>\u00c0 l\u2019oppos\u00e9,\u00a0Shared Wonder\u00a0de\u00a0<strong>Mary Schrader<\/strong>, captur\u00e9e dans le parc de Bwindi, en Ouganda, montre un <strong>gorille<\/strong> observant un <strong>papillon<\/strong>. Une sc\u00e8ne douce, presque silencieuse, o\u00f9 <strong>le regard du primate<\/strong> et les ailes de l\u2019insecte se r\u00e9pondent dans une palette dor\u00e9e.<\/p>\n<p><img decoding=\"async\" width=\"1024\" height=\"682\" loading=\"lazy\" src=\"https:\/\/www.europesays.com\/fr\/wp-content\/uploads\/2025\/06\/2.-mary-schrader-mountain-gorilla-bwindi-uganda.jpg\" alt=\"\" class=\"wp-image-241848\"  \/>Merveille partag\u00e9e \u00a9 Mary Schrader<\/p>\n<p>Dix mentions sp\u00e9ciales, dix visions du mouvement<\/p>\n<p>Les photographes suivants ont \u00e9t\u00e9 distingu\u00e9s par le titre <strong>Highly Commended<\/strong>, pour des images capturant d\u2019autres variations du mouvement sauvage :<\/p>\n<p><a href=\"https:\/\/www.europesays.com\/fr\/wp-content\/uploads\/2025\/06\/benjamin-loon-lion-closeup-sabie-game-reserve-south-africa.jpg\"><img decoding=\"async\" width=\"1024\" height=\"731\" loading=\"lazy\" data-id=\"241851\" src=\"https:\/\/www.europesays.com\/fr\/wp-content\/uploads\/2025\/06\/benjamin-loon-lion-closeup-sabie-game-reserve-south-africa.jpg\" alt=\"\" class=\"wp-image-241851\"  \/><\/a>\u00a9 Benjamin Loon<\/p>\n<p><a href=\"https:\/\/www.europesays.com\/fr\/wp-content\/uploads\/2025\/06\/jordan-fry-african-elephant-mana-pools-zimbabwe.jpg\"><img decoding=\"async\" width=\"1024\" height=\"682\" loading=\"lazy\" data-id=\"241849\" src=\"https:\/\/www.europesays.com\/fr\/wp-content\/uploads\/2025\/06\/jordan-fry-african-elephant-mana-pools-zimbabwe.jpg\" alt=\"\" class=\"wp-image-241849\"  \/><\/a>\u00a9 Jordan Fry<\/p>\n<p><a href=\"https:\/\/www.europesays.com\/fr\/wp-content\/uploads\/2025\/06\/marcio-lisa-namaqua-chameleon-namibia.jpg\"><img decoding=\"async\" width=\"1024\" height=\"683\" loading=\"lazy\" data-id=\"241847\" src=\"https:\/\/www.europesays.com\/fr\/wp-content\/uploads\/2025\/06\/marcio-lisa-namaqua-chameleon-namibia.jpg\" alt=\"\" class=\"wp-image-241847\"  \/><\/a>\u00a9 Marcio Lisa Namaqua<\/p>\n<p><a href=\"https:\/\/www.europesays.com\/fr\/wp-content\/uploads\/2025\/06\/eric-coiffier-buffalo-and-lion-masai-mara-kenya.jpg\"><img decoding=\"async\" width=\"1024\" height=\"684\" loading=\"lazy\" data-id=\"241846\" src=\"https:\/\/www.europesays.com\/fr\/wp-content\/uploads\/2025\/06\/eric-coiffier-buffalo-and-lion-masai-mara-kenya.jpg\" alt=\"\" class=\"wp-image-241846\"  \/><\/a>\u00a9 Eric Coiffier<\/p>\n<p><a href=\"https:\/\/www.europesays.com\/fr\/wp-content\/uploads\/2025\/06\/marina-cano-cheetahs-dik-dik-samburu-kenya.jpg\"><img decoding=\"async\" width=\"1024\" height=\"709\" loading=\"lazy\" data-id=\"241845\" src=\"https:\/\/www.europesays.com\/fr\/wp-content\/uploads\/2025\/06\/marina-cano-cheetahs-dik-dik-samburu-kenya.jpg\" alt=\"\" class=\"wp-image-241845\"  \/><\/a>\u00a9 Marina Cano<\/p>\n<p><a href=\"https:\/\/www.europesays.com\/fr\/wp-content\/uploads\/2025\/06\/alex-appleby-warthogs-battle-shompole-conservancy-kenya.jpg\"><img decoding=\"async\" width=\"1024\" height=\"593\" loading=\"lazy\" data-id=\"241843\" src=\"https:\/\/www.europesays.com\/fr\/wp-content\/uploads\/2025\/06\/alex-appleby-warthogs-battle-shompole-conservancy-kenya.jpg\" alt=\"\" class=\"wp-image-241843\"  \/><\/a>\u00a9 Alex Appleby<\/p>\n<p><a href=\"https:\/\/www.europesays.com\/fr\/wp-content\/uploads\/2025\/06\/hannes-lochner-lions-in-duststorm-central-kalahari-botswana.jpg\"><img decoding=\"async\" width=\"1024\" height=\"683\" loading=\"lazy\" data-id=\"241842\" src=\"https:\/\/www.europesays.com\/fr\/wp-content\/uploads\/2025\/06\/hannes-lochner-lions-in-duststorm-central-kalahari-botswana.jpg\" alt=\"\" class=\"wp-image-241842\"  \/><\/a>\u00a9 Hannes Lochner<\/p>\n<p><a href=\"https:\/\/www.europesays.com\/fr\/wp-content\/uploads\/2025\/06\/nili-gudhka-elephant-mt-kilimanjaro-amboseli-national-park-kenya.jpg\"><img decoding=\"async\" width=\"1024\" height=\"683\" loading=\"lazy\" data-id=\"241838\" src=\"https:\/\/www.europesays.com\/fr\/wp-content\/uploads\/2025\/06\/nili-gudhka-elephant-mt-kilimanjaro-amboseli-national-park-kenya.jpg\" alt=\"\" class=\"wp-image-241838\"  \/><\/a>\u00a9 Nili Gudhka<\/p>\n<p><a href=\"https:\/\/www.europesays.com\/fr\/wp-content\/uploads\/2025\/06\/tania-cholwich-african-spoon-bill-madikwe-gr-south-africa.jpg\"><img decoding=\"async\" width=\"1024\" height=\"576\" loading=\"lazy\" data-id=\"241837\" src=\"https:\/\/www.europesays.com\/fr\/wp-content\/uploads\/2025\/06\/tania-cholwich-african-spoon-bill-madikwe-gr-south-africa.jpg\" alt=\"\" class=\"wp-image-241837\"  \/><\/a>\u00a9 Tania Cholwich<\/p>\n<p><a href=\"https:\/\/www.europesays.com\/fr\/wp-content\/uploads\/2025\/06\/turgay-uzer-african-forest-elephant-gabon.jpg\"><img decoding=\"async\" width=\"1024\" height=\"634\" loading=\"lazy\" data-id=\"241841\" src=\"https:\/\/www.europesays.com\/fr\/wp-content\/uploads\/2025\/06\/turgay-uzer-african-forest-elephant-gabon.jpg\" alt=\"\" class=\"wp-image-241841\"  \/><\/a>\u00a9 Turgay Uzer<\/p>\n<p><a href=\"https:\/\/www.europesays.com\/fr\/wp-content\/uploads\/2025\/06\/roan-carr-hartley-aerial-tsavo-east-kenya.jpg\"><img decoding=\"async\" width=\"1024\" height=\"683\" loading=\"lazy\" data-id=\"241840\" src=\"https:\/\/www.europesays.com\/fr\/wp-content\/uploads\/2025\/06\/roan-carr-hartley-aerial-tsavo-east-kenya.jpg\" alt=\"\" class=\"wp-image-241840\"  \/><\/a>\u00a9 Roan Carr Hartley<\/p>\n<p><a href=\"https:\/\/www.europesays.com\/fr\/wp-content\/uploads\/2025\/06\/wiki-west-gauteng-south-africa-2.jpg\"><img decoding=\"async\" width=\"1024\" height=\"683\" loading=\"lazy\" data-id=\"241839\" src=\"https:\/\/www.europesays.com\/fr\/wp-content\/uploads\/2025\/06\/wiki-west-gauteng-south-africa-2.jpg\" alt=\"\" class=\"wp-image-241839\"  \/><\/a>\u00a9 Wiki West<\/p>\n<p>Au-del\u00e0 du concours, une mission photographique<\/p>\n<p>Les laur\u00e9ats de cette \u00e9dition se partagent une\u00a0<strong>dotation totale de 10\u202f000 USD<\/strong>, et les trois premiers gagnants sont invit\u00e9s \u00e0 participer \u00e0 un\u00a0<strong>safari photo<\/strong>\u00a0organis\u00e9 par <strong>Africa Geographic Travel<\/strong>, la branche voyage du concours.<\/p>\n<p><img decoding=\"async\" loading=\"lazy\" src=\"https:\/\/www.europesays.com\/fr\/wp-content\/uploads\/2025\/06\/cover-photographer-of-the-year-2025-winner-2.jpg\" alt=\"\"\/><\/p>\n<p><strong><a href=\"https:\/\/africageographic.com\" target=\"_blank\" rel=\"noopener\">Africa Geographic<\/a><\/strong>\u00a0est \u00e0 la fois un\u00a0<strong>m\u00e9dia en ligne d\u00e9di\u00e9 \u00e0 la faune et \u00e0 la conservation africaines<\/strong>, et une\u00a0<strong>agence de voyages sp\u00e9cialis\u00e9e dans les safaris photo<\/strong>. \u00c0 travers ses publications, concours et exp\u00e9ditions, l\u2019organisation promeut une vision engag\u00e9e de la nature : documenter, \u00e9merveiller, prot\u00e9ger.<\/p>\n","protected":false},"excerpt":{"rendered":"Le concours\u00a0Africa Geographic Photographer of the Year 2025\u00a0a d\u00e9voil\u00e9 ses laur\u00e9ats, r\u00e9v\u00e9lant la puissance narrative de la photographie&hellip;\n","protected":false},"author":2,"featured_media":199944,"comment_status":"","ping_status":"","sticky":false,"template":"","format":"standard","meta":{"footnotes":""},"categories":[1358],"tags":[47,33940,879,1348,1384,1385,33941,33942,1386,58,59,33943,1011,27,33944,33945],"class_list":{"0":"post-199943","1":"post","2":"type-post","3":"status-publish","4":"format-standard","5":"has-post-thumbnail","7":"category-arts-et-design","8":"tag-actualite","9":"tag-africa-geographic","10":"tag-afrique","11":"tag-arts","12":"tag-arts-and-design","13":"tag-arts-et-design","14":"tag-christina-schwenck","15":"tag-concours-photo","16":"tag-design","17":"tag-divertissement","18":"tag-entertainment","19":"tag-ernest-porter","20":"tag-fr","21":"tag-france","22":"tag-mary-schrader","23":"tag-photographie-animaliere"},"share_on_mastodon":{"url":"","error":""},"_links":{"self":[{"href":"https:\/\/www.europesays.com\/fr\/wp-json\/wp\/v2\/posts\/199943","targetHints":{"allow":["GET"]}}],"collection":[{"href":"https:\/\/www.europesays.com\/fr\/wp-json\/wp\/v2\/posts"}],"about":[{"href":"https:\/\/www.europesays.com\/fr\/wp-json\/wp\/v2\/types\/post"}],"author":[{"embeddable":true,"href":"https:\/\/www.europesays.com\/fr\/wp-json\/wp\/v2\/users\/2"}],"replies":[{"embeddable":true,"href":"https:\/\/www.europesays.com\/fr\/wp-json\/wp\/v2\/comments?post=199943"}],"version-history":[{"count":0,"href":"https:\/\/www.europesays.com\/fr\/wp-json\/wp\/v2\/posts\/199943\/revisions"}],"wp:featuredmedia":[{"embeddable":true,"href":"https:\/\/www.europesays.com\/fr\/wp-json\/wp\/v2\/media\/199944"}],"wp:attachment":[{"href":"https:\/\/www.europesays.com\/fr\/wp-json\/wp\/v2\/media?parent=199943"}],"wp:term":[{"taxonomy":"category","embeddable":true,"href":"https:\/\/www.europesays.com\/fr\/wp-json\/wp\/v2\/categories?post=199943"},{"taxonomy":"post_tag","embeddable":true,"href":"https:\/\/www.europesays.com\/fr\/wp-json\/wp\/v2\/tags?post=199943"}],"curies":[{"name":"wp","href":"https:\/\/api.w.org\/{rel}","templated":true}]}}