{"id":199947,"date":"2025-06-24T05:23:32","date_gmt":"2025-06-24T05:23:32","guid":{"rendered":"https:\/\/www.europesays.com\/fr\/199947\/"},"modified":"2025-06-24T05:23:32","modified_gmt":"2025-06-24T05:23:32","slug":"les-acteurs-devoilent-leurs-reves-les-plus-fous-en-cas-de-suite-de-la-serie-netflix","status":"publish","type":"post","link":"https:\/\/www.europesays.com\/fr\/199947\/","title":{"rendered":"Les acteurs d\u00e9voilent leurs r\u00eaves les plus fous en cas de suite de la s\u00e9rie Netflix"},"content":{"rendered":"<p>\u00c0 quoi pourrait ressembler la suite d&rsquo;Olympo ? Si vous avez vu les huit \u00e9pisodes de la saison 1, vous vous posez peut-\u00eatre la question ! Les acteurs, eux, ont leur petite id\u00e9e sur une potentielle saison 2 !<\/p>\n<p>La s\u00e9rie num\u00e9ro 1 du moment sur <a href=\"https:\/\/www.programme-tv.net\/news\/series-tv\/331417-nouveautes-netflix-les-sorties-films-series-et-documentaires\/\" data-api-deeplink=\"teleloisirs:\/\/news\/331417\" target=\"_blank\" rel=\"noopener\">Netflix, qui fait le plein de nouveaut\u00e9s en juin<\/a>, aura-t-elle une saison 2 ? <a href=\"https:\/\/www.programme-tv.net\/news\/series-tv\/381196-olympo-on-pensait-avoir-touche-le-fond-avec-elite-mais-netflix-creuse-encore\/\" data-api-deeplink=\"teleloisirs:\/\/news\/381196\" target=\"_blank\" rel=\"noopener\">Olympo<\/a> suit l&rsquo;entra\u00eenement de jeunes athl\u00e8tes dans un centre d&rsquo;excellence sportive. Parmi eux, on retrouve Amaia, la perfectionniste capitaine de l&rsquo;\u00e9quipe nationale de natation synchronis\u00e9e. Un jour, elle se retrouve devanc\u00e9e par sa co\u00e9quipi\u00e8re et meilleure amie N\u00faria, ce qui ouvre les yeux d&rsquo;Amaia qui se rend alors compte que N\u00faria n&rsquo;est pas la seule athl\u00e8te \u00e0 voir ses performances s&rsquo;am\u00e9liorer de fa\u00e7on myst\u00e9rieuse\u2026 La performance justifie-t-elle de d\u00e9passer les limites ? Netflix n&rsquo;a pas pour l&rsquo;instant confirm\u00e9 le renouvellement d&rsquo;Olympo mais ses acteurs ont une petite id\u00e9e de la suite qu&rsquo;ils aimeraient offrir et les nouveaux personnages qui pourraient s&rsquo;ajouter \u00e0 l&rsquo;intrigue.<\/p>\n<p>Olympo : une star du tennis mondial au casting de la saison 2 ?<\/p>\n<p>En cas de renouvellement d&rsquo;Olympo pour une saison 2, quels sportifs recruteraient les membres du casting d\u00e9j\u00e0 en place ? Pour Agust\u00edn Della Corte, la r\u00e9ponse est sans appel : \u00ab\u00a0Rafa Nadal !\u00a0\u00bb explique-t-il au site espagnol Marca. Si on en croit <a href=\"https:\/\/www.programme-tv.net\/news\/series-tv\/381548-olympo-netflix-l-interprete-de-roque-agustin-della-corte-est-il-reellement-rugbyman\/\" data-api-deeplink=\"teleloisirs:\/\/news\/381548\" target=\"_blank\" rel=\"noopener\">l&rsquo;acteur qui interpr\u00e8te Roque<\/a>, un jeune espoir du rugby, l&rsquo;ex-tennisman pourrait jouer \u00ab\u00a0le r\u00f4le du m\u00e9chant, le plus m\u00e9chant de tous\u00a0\u00bb. \u00ab\u00a0Ce serait le patron qui prend les d\u00e9cisions les plus difficiles, le patron de Nico Furtado\u00a0\u00bb, envisage Agust\u00edn Della Corte. Quant \u00e0 Clara Galle, la star de la saga \u00c0 travers ma fen\u00eatre, qui a <a href=\"https:\/\/www.programme-tv.net\/news\/series-tv\/380846-olympo-netflix-deux-stars-de-la-serie-sont-en-couple-dans-la-vie\/\" data-api-deeplink=\"teleloisirs:\/\/news\/380846\" target=\"_blank\" rel=\"noopener\">officialis\u00e9 son couple avec un autre acteur de la s\u00e9rie<\/a> et qui joue ici le personnage d&rsquo;Amaia, elle verrait bien l&rsquo;arriv\u00e9e de \u00ab\u00a0<a href=\"https:\/\/www.programme-tv.net\/biographie\/2108-rodman-dennis\/\" data-link-people=\"a53512e4-bdba-4182-9931-f21ed59d3030\" target=\"_blank\" rel=\"noopener\">Dennis Rodman<\/a>, des Chicago Bulls\u00a0\u00bb. Selon l&rsquo;actrice, le sportif \u00ab\u00a0serait g\u00e9nial dans le r\u00f4le du fr\u00e8re de Zoe, semant la pagaille au CAR et organisant des f\u00eates dans la piscine\u00a0\u00bb.<\/p>\n<p>                        Olympo : des r\u00eaves toujours plus fous pour la suite !<\/p>\n<p>Les deux acteurs ne sont pas les seuls \u00e0 r\u00eaver d&rsquo;int\u00e9grer des sportifs \u00e0 la renomm\u00e9e mondiale \u00e0 la suite de l&rsquo;intrigue d&rsquo;Olympo. \u00ab\u00a0J&rsquo;aimerais bien <a href=\"https:\/\/www.programme-tv.net\/biographie\/231399-ronaldo-cristiano\/\" data-link-people=\"b3912feb-ca0c-404b-890a-b0df9a53161a\" target=\"_blank\" rel=\"noopener\">Cristiano Ronaldo<\/a>. Je lui donnerais un r\u00f4le en relation avec Roque\u00a0\u00bb, sugg\u00e8re ainsi Nuno Gallego, qui incarne Cristian. Nira Osahia, qui joue Zoe, estime de son c\u00f4t\u00e9, qu&rsquo;Ana Peleteiro, sp\u00e9cialiste du triple saut, aurait sa place dans une suite. \u00ab\u00a0J&rsquo;aimerais bien la voir. Elle a une \u00e9nergie tr\u00e8s cool. \u00c7a pourrait \u00eatre tr\u00e8s dr\u00f4le\u00a0\u00bb, glisse-t-elle, toujours \u00e0 Marc.<\/p>\n<p>Article \u00e9crit en collaboration avec 6Medias<\/p>\n","protected":false},"excerpt":{"rendered":"\u00c0 quoi pourrait ressembler la suite d&rsquo;Olympo ? Si vous avez vu les huit \u00e9pisodes de la saison&hellip;\n","protected":false},"author":2,"featured_media":199948,"comment_status":"","ping_status":"","sticky":false,"template":"","format":"standard","meta":{"footnotes":""},"categories":[1356],"tags":[244,58,59,1011,27,127,33753,1722,1721,129,252,1364],"class_list":{"0":"post-199947","1":"post","2":"type-post","3":"status-publish","4":"format-standard","5":"has-post-thumbnail","7":"category-television","8":"tag-commentaire","9":"tag-divertissement","10":"tag-entertainment","11":"tag-fr","12":"tag-france","13":"tag-netflix","14":"tag-olympo","15":"tag-pub-streaming-netflix","16":"tag-su00e9rie-netflix","17":"tag-svod","18":"tag-television","19":"tag-tv"},"share_on_mastodon":{"url":"","error":""},"_links":{"self":[{"href":"https:\/\/www.europesays.com\/fr\/wp-json\/wp\/v2\/posts\/199947","targetHints":{"allow":["GET"]}}],"collection":[{"href":"https:\/\/www.europesays.com\/fr\/wp-json\/wp\/v2\/posts"}],"about":[{"href":"https:\/\/www.europesays.com\/fr\/wp-json\/wp\/v2\/types\/post"}],"author":[{"embeddable":true,"href":"https:\/\/www.europesays.com\/fr\/wp-json\/wp\/v2\/users\/2"}],"replies":[{"embeddable":true,"href":"https:\/\/www.europesays.com\/fr\/wp-json\/wp\/v2\/comments?post=199947"}],"version-history":[{"count":0,"href":"https:\/\/www.europesays.com\/fr\/wp-json\/wp\/v2\/posts\/199947\/revisions"}],"wp:featuredmedia":[{"embeddable":true,"href":"https:\/\/www.europesays.com\/fr\/wp-json\/wp\/v2\/media\/199948"}],"wp:attachment":[{"href":"https:\/\/www.europesays.com\/fr\/wp-json\/wp\/v2\/media?parent=199947"}],"wp:term":[{"taxonomy":"category","embeddable":true,"href":"https:\/\/www.europesays.com\/fr\/wp-json\/wp\/v2\/categories?post=199947"},{"taxonomy":"post_tag","embeddable":true,"href":"https:\/\/www.europesays.com\/fr\/wp-json\/wp\/v2\/tags?post=199947"}],"curies":[{"name":"wp","href":"https:\/\/api.w.org\/{rel}","templated":true}]}}