{"id":199953,"date":"2025-06-24T05:27:13","date_gmt":"2025-06-24T05:27:13","guid":{"rendered":"https:\/\/www.europesays.com\/fr\/199953\/"},"modified":"2025-06-24T05:27:13","modified_gmt":"2025-06-24T05:27:13","slug":"le-psg-va-defier-linter-miami-de-messi-en-8e-de-finale","status":"publish","type":"post","link":"https:\/\/www.europesays.com\/fr\/199953\/","title":{"rendered":"Le PSG va d\u00e9fier l\u2019Inter Miami de Messi en 8e de finale"},"content":{"rendered":"<p>Un nul mais la qualification. L\u2019Inter Miami, qui menait de deux buts, port\u00e9e par <a href=\"https:\/\/www.20minutes.fr\/sport\/luis_suarez\/\" target=\"_blank\" class=\"color-ultramarine c-link\" rel=\"nofollow noopener\">Luis Suarez<\/a>, a finalement conc\u00e9d\u00e9 le nul (2-2) contre Palmeiras, lundi au Hard Rock Stadium. Les deux \u00e9quipes vont tout de m\u00eame acc\u00e9der aux 8e de finale du <a href=\"https:\/\/www.20minutes.fr\/sport\/football\/coupe-monde-clubs\/\" target=\"_blank\" class=\"color-ultramarine c-link\" rel=\"nofollow noopener\">Mondial des clubs<\/a>.<\/p>\n<p>Les Floridiens d\u00e9fieront le <a href=\"https:\/\/www.20minutes.fr\/sport\/psg\/\" target=\"_blank\" class=\"color-ultramarine c-link\" rel=\"nofollow noopener\">PSG<\/a>, dimanche \u00e0 Atlanta. Et ce sera toute une histoire pour les retrouvailles entre <a href=\"https:\/\/www.20minutes.fr\/sport\/lionel_messi\/\" target=\"_blank\" class=\"color-ultramarine c-link\" rel=\"nofollow noopener\">Lionel Messi<\/a> et son ancienne \u00e9quipe qu\u2019il avait quitt\u00e9e apr\u00e8s deux ans sans convaincre, en se plaignant m\u00eame de ne pas avoir \u00e9t\u00e9 heureux dans la capitale fran\u00e7aise.<\/p>\n<p>Messi comme t\u00eate d\u2019affiche<\/p>\n<p>Apr\u00e8s les \u00e9liminations des Seattle Sounders et du Los Angeles FC, il y aura donc bien un repr\u00e9sentant de la MLS au prochain tour. Et ce sera l\u2019Inter des vieux briscards en pr\u00e9retraite, Suarez donc mais aussi Sergio Busquets et \u00e9videmment Messi, pour qui cette qualification constitue un beau cadeau d\u2019anniversaire \u00e0 la veille de c\u00e9l\u00e9brer ses 38 ans.<\/p>\n<\/p>\n<p>L\u2019Argentin est sans conteste une des t\u00eates de gondole de cette comp\u00e9tition. Aussi, le voir continuer l\u2019aventure au-del\u00e0 de la phase de groupes est la meilleure publicit\u00e9 qui soit pour la popularisation du foot aux <a href=\"https:\/\/www.20minutes.fr\/monde\/etats-unis\/\" target=\"_blank\" class=\"color-ultramarine c-link\" rel=\"nofollow noopener\">Etats-Unis<\/a>. Arriver en 8e de finale est d\u00e9j\u00e0 une belle performance et \u00e0 quelques minutes pr\u00e8s, c\u2019\u00e9tait m\u00eame la premi\u00e8re place du groupe A qui tendait les bras de l\u2019Inter. Finalement elle \u00e9choit \u00e0 Palmeiras, qui sera oppos\u00e9 au Botafogo de Rio de Janeiro, \u00e0 Philadelphie samedi.<\/p>\n<p>Suarez tr\u00e8s en forme<\/p>\n<p>Avant de se r\u00e9veiller dans les 20 derni\u00e8res minutes, l\u2019\u00e9quipe de Sao Paulo a \u00e9t\u00e9 bouscul\u00e9e. Car pour ce qui est de la grinta, Miami n\u2019en a pas manqu\u00e9 et celui qui en transpirait le plus fut Luis Suarez, gamin toujours aussi \u00e9lectrique \u00e0 38 ans.<\/p>\n<p><a href=\"https:\/\/www.20minutes.fr\/sport\/football\/\" target=\"_blank\" class=\"c-link c-btn c-btn--primary\" rel=\"nofollow noopener\">Notre dossier Football<\/a><\/p>\n<p>C\u2019est lui qui a d\u00e9vi\u00e9 superbement de la poitrine un ballon de relance de Federico Redondo, dans le bon timing de course de Tadeo Allende, parti remporter son face \u00e0 face avec le gardien (1-0, 16e). C&rsquo;est lui aussi, en solo cette fois, qui a doubl\u00e9 le score. Parti des 45 m\u00e8tres, il a r\u00e9ussi son double contact entre deux joueurs, avant de forcer le passage sur un ultime d\u00e9fenseur aid\u00e9 par un contre favorable, puis d\u2019envoyer le ballon dans la lucarne du gauche.<\/p>\n<p>Du Suarez vintage, p\u00e9riode Bar\u00e7a, qu\u2019a forc\u00e9ment appr\u00e9ci\u00e9 de retrouver Lionel Messi. L\u2019Argentin, plut\u00f4t discret en premi\u00e8re p\u00e9riode, a \u00e9t\u00e9 dans les bons coups de la seconde, mais sans faire mouche, que ce soit sur sa frappe \u00e0 ras de terre bien capt\u00e9e par le gardien (49e) ou sur cette vol\u00e9e qui a fr\u00f4l\u00e9 la transversale (58e).<\/p>\n<p>Ce faisant Miami a manqu\u00e9 de faire le break et, \u00e0 ce niveau, ce sont autant de raisons donn\u00e9es \u00e0 l\u2019adversaire d\u2019encore croire en son \u00e9toile. Elle s\u2019est produite en deux temps. D\u2019abord c\u2019est Paulinho, tr\u00e8s bien trouv\u00e9 dans la surface par Allan Andrade qui a r\u00e9duit le score (2-1, 80e), puis Mauricio a \u00e9galis\u00e9 d\u2019une frappe tendue apr\u00e8s un ballon mal renvoy\u00e9, qui illustrait l\u2019asphyxie dont \u00e9tait victime la d\u00e9fense de l\u2019Inter (2-2, 87e).<\/p>\n","protected":false},"excerpt":{"rendered":"Un nul mais la qualification. L\u2019Inter Miami, qui menait de deux buts, port\u00e9e par Luis Suarez, a finalement&hellip;\n","protected":false},"author":2,"featured_media":199954,"comment_status":"","ping_status":"","sticky":false,"template":"","format":"standard","meta":{"footnotes":""},"categories":[9],"tags":[31402,63,1011,27,16747,33946,14056,33947,2332,517,60,133],"class_list":{"0":"post-199953","1":"post","2":"type-post","3":"status-publish","4":"format-standard","5":"has-post-thumbnail","7":"category-sports","8":"tag-coupe-du-monde-des-clubs-2025","9":"tag-football","10":"tag-fr","11":"tag-france","12":"tag-lionel-messi","13":"tag-luis-suarez","14":"tag-miami","15":"tag-mls","16":"tag-paris-saint-germain-psg","17":"tag-sport","18":"tag-sports","19":"tag-video"},"share_on_mastodon":{"url":"","error":""},"_links":{"self":[{"href":"https:\/\/www.europesays.com\/fr\/wp-json\/wp\/v2\/posts\/199953","targetHints":{"allow":["GET"]}}],"collection":[{"href":"https:\/\/www.europesays.com\/fr\/wp-json\/wp\/v2\/posts"}],"about":[{"href":"https:\/\/www.europesays.com\/fr\/wp-json\/wp\/v2\/types\/post"}],"author":[{"embeddable":true,"href":"https:\/\/www.europesays.com\/fr\/wp-json\/wp\/v2\/users\/2"}],"replies":[{"embeddable":true,"href":"https:\/\/www.europesays.com\/fr\/wp-json\/wp\/v2\/comments?post=199953"}],"version-history":[{"count":0,"href":"https:\/\/www.europesays.com\/fr\/wp-json\/wp\/v2\/posts\/199953\/revisions"}],"wp:featuredmedia":[{"embeddable":true,"href":"https:\/\/www.europesays.com\/fr\/wp-json\/wp\/v2\/media\/199954"}],"wp:attachment":[{"href":"https:\/\/www.europesays.com\/fr\/wp-json\/wp\/v2\/media?parent=199953"}],"wp:term":[{"taxonomy":"category","embeddable":true,"href":"https:\/\/www.europesays.com\/fr\/wp-json\/wp\/v2\/categories?post=199953"},{"taxonomy":"post_tag","embeddable":true,"href":"https:\/\/www.europesays.com\/fr\/wp-json\/wp\/v2\/tags?post=199953"}],"curies":[{"name":"wp","href":"https:\/\/api.w.org\/{rel}","templated":true}]}}