{"id":199956,"date":"2025-06-24T05:29:12","date_gmt":"2025-06-24T05:29:12","guid":{"rendered":"https:\/\/www.europesays.com\/fr\/199956\/"},"modified":"2025-06-24T05:29:12","modified_gmt":"2025-06-24T05:29:12","slug":"plutot-que-la-terre-le-meteore-pourrait-percuter-la-lune-en-2032-liberation","status":"publish","type":"post","link":"https:\/\/www.europesays.com\/fr\/199956\/","title":{"rendered":"plut\u00f4t que la Terre, le m\u00e9t\u00e9ore pourrait percuter la Lune en\u00a02032 \u2013 Lib\u00e9ration"},"content":{"rendered":"<p class=\"sc-ksZaOG ehjQrN text-element\">4,3\u00a0%. C\u2019est la probabilit\u00e9 pour qu\u2019un gros ast\u00e9ro\u00efde n\u2019entre en collision avec la Lune en\u00a02032. D\u2019apr\u00e8s les donn\u00e9es recueillies par le t\u00e9lescope spatial James Webb en mai, les chances pour que 2024 YR4 \u2013 le nom du caillou \u2013 percute notre satellite naturel ont augment\u00e9 depuis le d\u00e9but de l\u2019ann\u00e9e, au moment o\u00f9 l\u2019ast\u00e9ro\u00efde s\u2019\u00e9tait fait une renomm\u00e9e en se positionnant sur la trajectoire de la Terre. Les agences spatiales avaient \u00e0 l\u2019\u00e9poque annonc\u00e9 mettre sous surveillance ce corps c\u00e9leste mena\u00e7ant de 60 m\u00e8tres de diam\u00e8tre, <a href=\"https:\/\/www.liberation.fr\/sciences\/espace\/ce-que-lon-sait-sur-lasteroide-yr4-dont-le-risque-quil-frappe-la-terre-est-au-plus-haut-niveau-jamais-enregistre-20250219_BG54NIPY3BE5BLYFBYSYHAVWPA\/\" target=\"_blank\" rel=\"noreferrer noopener\" title=\"https:\/\/www.liberation.fr\/sciences\/espace\/ce-que-lon-sait-sur-lasteroide-yr4-dont-le-risque-quil-frappe-la-terre-est-au-plus-haut-niveau-jamais-enregistre-20250219_BG54NIPY3BE5BLYFBYSYHAVWPA\/\">qui avait 3,1\u00a0% de risque de frapper notre plan\u00e8te<\/a> \u2013 le niveau le plus \u00e9lev\u00e9 jamais enregistr\u00e9 en plus de deux d\u00e9cennies de surveillance d\u2019objets c\u00e9lestes.<\/p>\n<p class=\"sc-ksZaOG ehjQrN text-element\">Si de nouvelles observations ont depuis permis d\u2019\u00e9carter le sc\u00e9nario d\u2019un impact direct avec la Terre, c\u2019est d\u00e9sormais la Lune qui se trouve dans le viseur de\u00a02024 YR4. Les cons\u00e9quences d\u2019un tel choc ont \u00e9t\u00e9 \u00e9valu\u00e9es pour la premi\u00e8re fois dans le cadre d\u2019une \u00e9tude pr\u00e9liminaire, diffus\u00e9e sur la plateforme de pr\u00e9publications d\u2019articles scientifiques ArXiv et soumise \u00e0 la revue Astrophysical Journal Letters. 2024 YR4 serait le plus gros ast\u00e9ro\u00efde \u00e0 s\u2019\u00e9craser sur notre satellite naturel depuis environ cinq mille\u00a0ans, r\u00e9v\u00e8le Paul Wiegert de l\u2019universit\u00e9 de l\u2019Ontario de l\u2019Ouest (Canada), auteur principal de l\u2019\u00e9tude qui n\u2019a pas encore \u00e9t\u00e9 \u00e9valu\u00e9e par des pairs.<\/p>\n<p class=\"sc-ksZaOG ehjQrN text-element\">L\u2019impact serait \u00abcomparable \u00e0 une grosse explosion nucl\u00e9aire en termes de quantit\u00e9 d\u2019\u00e9nergie lib\u00e9r\u00e9e\u00bb, d\u00e9taille le chercheur. Jusqu\u2019\u00e0 100\u00a0millions de kilogrammes de mati\u00e8re seraient projet\u00e9es depuis la surface lunaire, selon une s\u00e9rie de simulations men\u00e9es par les chercheurs. Si l\u2019ast\u00e9ro\u00efde touchait la face visible de la Lune \u2013 il y a une chance sur deux \u2013 jusqu\u2019\u00e0 10\u00a0% de ses d\u00e9bris seraient attir\u00e9s par la gravit\u00e9 terrestre, estiment les scientifiques.<\/p>\n<p class=\"sc-ksZaOG ehjQrN text-element\">Dans les jours suivant l\u2019impact, il pourrait y avoir plus de 1\u00a0000 fois le nombre habituel de m\u00e9t\u00e9ores mena\u00e7ant les satellites orbitant autour de la Terre. \u00abUne roche d\u2019un centim\u00e8tre de diam\u00e8tre voyageant \u00e0 des dizaines de milliers de m\u00e8tres par seconde est comme une balle\u00bb, pr\u00e9vient Paul Wiegert. En revanche, ces d\u00e9bris de petite taille devraient se d\u00e9sint\u00e9grer dans l\u2019atmosph\u00e8re et ne pas repr\u00e9senter de danger pour les habitants au sol. Ils assisteraient tout de m\u00eame \u00e0 une \u00abspectaculaire\u00bb pluie de m\u00e9t\u00e9ores, souligne l\u2019\u00e9tude.<\/p>\n<p class=\"sc-ksZaOG ehjQrN text-element\">Scrut\u00e9 pendant plusieurs mois, 2024 YR4 va s\u2019\u00e9loigner consid\u00e9rablement de la Terre jusqu\u2019\u00e0 un retour en\u00a02028 qui rendra sa course de nouveau observable. Si le risque d\u2019une collision avec la Lune se renfor\u00e7ait alors, cela en ferait \u00abune bonne cible\u00bb pour un exercice de d\u00e9fense plan\u00e9taire et \u00abje suis s\u00fbr que cela serait envisag\u00e9\u00bb, poursuit le chercheur canadien.<\/p>\n<p class=\"sc-ksZaOG ehjQrN text-element\">2024 YR4 est en effet deux fois plus petit et n\u2019a que 10\u00a0% de la masse de Dimorphos, un ast\u00e9ro\u00efde qu\u2019un vaisseau de la Nasa a volontairement percut\u00e9 en\u00a02022 pour en d\u00e9vier la trajectoire lors d\u2019un premier test r\u00e9ussi de d\u00e9fense plan\u00e9taire. Par ordre de comparaison, l\u2019ast\u00e9ro\u00efde ayant caus\u00e9 l\u2019extinction des dinosaures il y a 66\u00a0millions d\u2019ann\u00e9es faisait plus de 10\u00a0km de diam\u00e8tre.<\/p>\n","protected":false},"excerpt":{"rendered":"4,3\u00a0%. C\u2019est la probabilit\u00e9 pour qu\u2019un gros ast\u00e9ro\u00efde n\u2019entre en collision avec la Lune en\u00a02032. D\u2019apr\u00e8s les donn\u00e9es&hellip;\n","protected":false},"author":2,"featured_media":199957,"comment_status":"","ping_status":"","sticky":false,"template":"","format":"standard","meta":{"footnotes":""},"categories":[7],"tags":[48,1011,27,333,43,40,41,39,42,44],"class_list":{"0":"post-199956","1":"post","2":"type-post","3":"status-publish","4":"format-standard","5":"has-post-thumbnail","7":"category-sciences-et-technologies","8":"tag-astronomie","9":"tag-fr","10":"tag-france","11":"tag-nasa","12":"tag-science","13":"tag-science-and-technology","14":"tag-sciences","15":"tag-sciences-et-technologies","16":"tag-technologies","17":"tag-technology"},"share_on_mastodon":{"url":"","error":""},"_links":{"self":[{"href":"https:\/\/www.europesays.com\/fr\/wp-json\/wp\/v2\/posts\/199956","targetHints":{"allow":["GET"]}}],"collection":[{"href":"https:\/\/www.europesays.com\/fr\/wp-json\/wp\/v2\/posts"}],"about":[{"href":"https:\/\/www.europesays.com\/fr\/wp-json\/wp\/v2\/types\/post"}],"author":[{"embeddable":true,"href":"https:\/\/www.europesays.com\/fr\/wp-json\/wp\/v2\/users\/2"}],"replies":[{"embeddable":true,"href":"https:\/\/www.europesays.com\/fr\/wp-json\/wp\/v2\/comments?post=199956"}],"version-history":[{"count":0,"href":"https:\/\/www.europesays.com\/fr\/wp-json\/wp\/v2\/posts\/199956\/revisions"}],"wp:featuredmedia":[{"embeddable":true,"href":"https:\/\/www.europesays.com\/fr\/wp-json\/wp\/v2\/media\/199957"}],"wp:attachment":[{"href":"https:\/\/www.europesays.com\/fr\/wp-json\/wp\/v2\/media?parent=199956"}],"wp:term":[{"taxonomy":"category","embeddable":true,"href":"https:\/\/www.europesays.com\/fr\/wp-json\/wp\/v2\/categories?post=199956"},{"taxonomy":"post_tag","embeddable":true,"href":"https:\/\/www.europesays.com\/fr\/wp-json\/wp\/v2\/tags?post=199956"}],"curies":[{"name":"wp","href":"https:\/\/api.w.org\/{rel}","templated":true}]}}