{"id":19996,"date":"2025-04-12T15:12:09","date_gmt":"2025-04-12T15:12:09","guid":{"rendered":"https:\/\/www.europesays.com\/fr\/19996\/"},"modified":"2025-04-12T15:12:09","modified_gmt":"2025-04-12T15:12:09","slug":"mort-du-fils-de-lio-a-21-ans-helena-noguerra-au-premier-plan-pour-ses-obseques-tres-emouvantes","status":"publish","type":"post","link":"https:\/\/www.europesays.com\/fr\/19996\/","title":{"rendered":"Mort du fils de Lio \u00e0 21 ans : H\u00e9l\u00e9na Noguerra au premier plan pour ses obs\u00e8ques tr\u00e8s \u00e9mouvantes"},"content":{"rendered":"<p class=\"p1\">Un coup de tonnerre dans la vie de <a href=\"https:\/\/www.closermag.fr\/people\/lio-en-deuil-cette-phrase-abjecte-qui-lui-a-ete-envoyee-juste-apres-la-mort-de-son-fils-3535604\" rel=\"nofollow noopener\" target=\"_blank\"><br \/>\nLio<\/a>. Le 2 mars dernier, la tr\u00e8s c\u00e9l\u00e8bre chanteuse apprenait<br \/>\n<strong>la mort de son fils, Diego<\/strong>. D&rsquo;apr\u00e8s les<br \/>\ninformations recueillies par nos confr\u00e8res de Paris Match,<br \/>\nle jeune homme de 21 ans se serait <strong>immol\u00e9 par le<br \/>\nfeu<\/strong> \u00ab\u00a0\u00e0 proximit\u00e9 de l\u2019a\u00e9roport de<br \/>\nRoissy-Charles-de-Gaulle\u00a0\u00bb.<\/p>\n<p class=\"p1\">Celui-ci aurait \u00ab\u00a0r\u00e9cup\u00e9r\u00e9 la carte bancaire de sa<br \/>\nm\u00e8re [&#8230;] avant de prendre la direction de l\u2019a\u00e9roport au volant de<br \/>\nsa propre voiture. Il a ensuite rempli un jerrycan d\u2019essence dans<br \/>\nune station-service \u00e0 l\u2019enseigne Total, situ\u00e9e \u00e0 proximit\u00e9 de<br \/>\nl\u2019emprise a\u00e9roportuaire\u00a0\u00bb. Quelques semaines apr\u00e8s l&rsquo;ouverture<br \/>\nd&rsquo;une enqu\u00eate, Lio a organis\u00e9 <strong>les fun\u00e9railles de son plus<br \/>\njeune enfant<\/strong>.<\/p>\n<p>Mort du fils de Lio \u00e0 21 ans : Helena Noguerra<br \/>\npr\u00e9sente aux obs\u00e8ques<\/p>\n<p class=\"p1\"><strong>Le 17 mars dernier<\/strong>, le cercle proche<br \/>\nde Lio s&rsquo;est rendu <strong>au cr\u00e9matorium du P\u00e8re-Lachaise<\/strong><br \/>\no\u00f9 \u00e9taient organis\u00e9es les obs\u00e8ques de Diego <strong>dans la plus<br \/>\nstricte intimit\u00e9<\/strong>. La famille n&rsquo;a pas souhait\u00e9 ouvrir la<br \/>\nc\u00e9r\u00e9monie \u00e0 la presse. Une personne proche de la chanteuse a jou\u00e9<br \/>\nun r\u00f4le de premier dans la pr\u00e9paration de l&rsquo;\u00e9v\u00e9nement.<\/p>\n<p class=\"p1\">Une source qui t\u00e9moigne sous couvert d&rsquo;anonymat a<br \/>\nr\u00e9cemment r\u00e9v\u00e9l\u00e9 au magazine Voici que <a href=\"https:\/\/www.closermag.fr\/people\/helena-noguerra-j-ai-fait-une-demande-d-adoption-62855\" rel=\"nofollow noopener\" target=\"_blank\"><br \/>\nHelena Noguerra<\/a> a \u00ab\u00a0tout organis\u00e9, et \u00e9videmment Jean-Pierre<br \/>\nBellay, le p\u00e8re de Diego\u00a0\u00bb. L&rsquo;actrice s&rsquo;est tenue aux c\u00f4t\u00e9s de<br \/>\nsa demi-soeur pendant les fun\u00e9railles dans une atmosph\u00e8re charg\u00e9e<br \/>\nd&rsquo;\u00e9motion.<\/p>\n<p>Mort du fils de Lio \u00e0 21 ans : la<br \/>\nchanteuse sort du silence<\/p>\n<p class=\"p1\">Lio a attendu plus d&rsquo;un mois apr\u00e8s le d\u00e9c\u00e8s de<br \/>\n<a href=\"https:\/\/www.telestar.fr\/people\/lio-diego-son-dernier-fils-de-21-ans-sest-donne-la-mort-de-maniere-atroce-1712091\" rel=\"nofollow noopener\" target=\"_blank\"><br \/>\nson fils Diego<\/a> pour briser le silence. C&rsquo;est <strong>sur le<br \/>\nplateau de C \u00e0 vous<\/strong> qu&rsquo;elle a pris la parole le 8 avril<br \/>\ndernier. \u00ab\u00a0Merci Lio d&rsquo;\u00eatre venue ce soir malgr\u00e9 l&rsquo;\u00e9preuve que<br \/>\nvous traversez. Vous \u00e9tiez d&rsquo;ailleurs sur sc\u00e8ne le 15 mars dernier<br \/>\npour la tourn\u00e9e\u00a0Les ann\u00e9es 80. \u00c7a a beaucoup \u00e9mu le<br \/>\npublic et j&rsquo;imagine que <strong>l&rsquo;\u00e9motion du public vous donne de<br \/>\nla force<\/strong>\u00ab\u00a0, l&rsquo;a interrog\u00e9e Anne-\u00c9lisabeth Lemoine \u00e0 la<br \/>\nfin de leur \u00e9change.<\/p>\n<p class=\"p1\">\u00ab\u00a0J&rsquo;ai re\u00e7u beaucoup de t\u00e9moignages qui me<br \/>\ndisaient que je ne devais pas aimer assez mon fils pour pouvoir<br \/>\nmonter sur sc\u00e8ne, s&rsquo;est confi\u00e9e l&rsquo;interpr\u00e8te de Banana<br \/>\nSplit. Moi, je dis simplement n\u00e9cessit\u00e9 fait loi. Moi, je<br \/>\ndois travailler et j&rsquo;ai encore d&rsquo;autres enfants, <strong>j&rsquo;ai des<br \/>\npetits enfants, n\u00e9cessit\u00e9 fait loi<\/strong>.\u00a0\u00bb Lio est devenue<br \/>\ngrand-m\u00e8re pour la premi\u00e8re voie de sa vie en 2022.<\/p>\n","protected":false},"excerpt":{"rendered":"Un coup de tonnerre dans la vie de Lio. Le 2 mars dernier, la tr\u00e8s c\u00e9l\u00e8bre chanteuse apprenait&hellip;\n","protected":false},"author":2,"featured_media":19997,"comment_status":"","ping_status":"","sticky":false,"template":"","format":"standard","meta":{"footnotes":""},"categories":[8],"tags":[548,58,59,1011,27,5633],"class_list":{"0":"post-19996","1":"post","2":"type-post","3":"status-publish","4":"format-standard","5":"has-post-thumbnail","7":"category-divertissement","8":"tag-article-simple","9":"tag-divertissement","10":"tag-entertainment","11":"tag-fr","12":"tag-france","13":"tag-lio"},"share_on_mastodon":{"url":"https:\/\/pubeurope.com\/@fr\/114325641254458550","error":""},"_links":{"self":[{"href":"https:\/\/www.europesays.com\/fr\/wp-json\/wp\/v2\/posts\/19996","targetHints":{"allow":["GET"]}}],"collection":[{"href":"https:\/\/www.europesays.com\/fr\/wp-json\/wp\/v2\/posts"}],"about":[{"href":"https:\/\/www.europesays.com\/fr\/wp-json\/wp\/v2\/types\/post"}],"author":[{"embeddable":true,"href":"https:\/\/www.europesays.com\/fr\/wp-json\/wp\/v2\/users\/2"}],"replies":[{"embeddable":true,"href":"https:\/\/www.europesays.com\/fr\/wp-json\/wp\/v2\/comments?post=19996"}],"version-history":[{"count":0,"href":"https:\/\/www.europesays.com\/fr\/wp-json\/wp\/v2\/posts\/19996\/revisions"}],"wp:featuredmedia":[{"embeddable":true,"href":"https:\/\/www.europesays.com\/fr\/wp-json\/wp\/v2\/media\/19997"}],"wp:attachment":[{"href":"https:\/\/www.europesays.com\/fr\/wp-json\/wp\/v2\/media?parent=19996"}],"wp:term":[{"taxonomy":"category","embeddable":true,"href":"https:\/\/www.europesays.com\/fr\/wp-json\/wp\/v2\/categories?post=19996"},{"taxonomy":"post_tag","embeddable":true,"href":"https:\/\/www.europesays.com\/fr\/wp-json\/wp\/v2\/tags?post=19996"}],"curies":[{"name":"wp","href":"https:\/\/api.w.org\/{rel}","templated":true}]}}