{"id":199966,"date":"2025-06-24T05:34:11","date_gmt":"2025-06-24T05:34:11","guid":{"rendered":"https:\/\/www.europesays.com\/fr\/199966\/"},"modified":"2025-06-24T05:34:11","modified_gmt":"2025-06-24T05:34:11","slug":"saint-etienne-stop-au-bruit-rue-antoine-durafour","status":"publish","type":"post","link":"https:\/\/www.europesays.com\/fr\/199966\/","title":{"rendered":"SAINT-\u00c9TIENNE : STOP AU BRUIT RUE ANTOINE-DURAFOUR"},"content":{"rendered":"<p>La rue Antoine-Durafour, devenue le th\u00e9\u00e2tre d\u2019un combat nocturne permanent, voit ses r\u00e9sidents monter au cr\u00e9neau avec une demande aussi simple qu\u2019audacieuse : transformer leur art\u00e8re en zone morte commerciale d\u00e8s 22 heures. Cette gu\u00e9rilla urbaine version oreiller prend la forme d\u2019une p\u00e9tition num\u00e9rique accompagn\u00e9e d\u2019une campagne sur les plateformes sociales, preuve que l\u2019insomnie peut rendre cr\u00e9atif en mati\u00e8re de militantisme citoyen.<\/p>\n<p>Au c\u0153ur de cette croisade pour la tranquillit\u00e9, un t\u00e9moignage saisissant illustre l\u2019absurdit\u00e9 de la situation. Eric, propri\u00e9taire de deux biens immobiliers dans cette rue maudite, vit un paradoxe digne d\u2019un sketch : poss\u00e9der un logement qu\u2019il n\u2019ose plus habiter.<\/p>\n<p>Son appartement professionnel est devenu un simple lieu d\u2019a\u00e9ration occasionnelle, tandis que ses nuits st\u00e9phanoises se d\u00e9roulent d\u00e9sormais dans l\u2019anonymat des \u00e9tablissements h\u00f4teliers. Entre les r\u00e9veils intempestifs et les effluves peu rago\u00fbtantes des parties communes, son investissement immobilier s\u2019est m\u00e9tamorphos\u00e9 en calvaire r\u00e9sidentiel. Pour ses locations, la situation confine au grotesque : connaissant parfaitement les d\u00e9sagr\u00e9ments du secteur, il en vient \u00e0 d\u00e9courager ses propres prospects, particuli\u00e8rement les femmes c\u00e9libataires qu\u2019il sait expos\u00e9es \u00e0 des difficult\u00e9s suppl\u00e9mentaires.<\/p>\n<p>La centaine de signataires de cette p\u00e9tition pointe du doigt un \u00e9cosyst\u00e8me commercial qu\u2019ils jugent toxique. Trois \u00e9piceries nocturnes concentr\u00e9es sur un p\u00e9rim\u00e8tre restreint cr\u00e9ent, selon eux, autant de points de ralliement pour une faune urbaine peu soucieuse de discr\u00e9tion. Les \u00e9tablissements de restauration rapide aux horaires \u00e9lastiques compl\u00e8tent ce tableau nocturne que les habitants aimeraient voir dispara\u00eetre. Leur vision ne vise pas une gentrification brutale du quartier, mais plut\u00f4t une r\u00e9gulation temporelle permettant la coexistence pacifique.<\/p>\n<p>Entre mesures officielles et scepticisme persistant<\/p>\n<p>Les autorit\u00e9s ne restent pas les bras crois\u00e9s face \u00e0 cette situation explosive. Un arsenal r\u00e9glementaire se d\u00e9ploie progressivement : interdiction de vente d\u2019alcool \u00e0 emporter apr\u00e8s 22 heures, fermetures administratives d\u2019\u00e9tablissements r\u00e9calcitrants, op\u00e9rations de police cibl\u00e9es. Le bilan des cinq derni\u00e8res ann\u00e9es affiche huit fermetures d\u2019\u00e9tablissements, tandis que les derni\u00e8res interventions ont permis de d\u00e9manteler un point de trafic et d\u2019interpeller plusieurs individus pr\u00e8s de la place Saint-Roch. Pourtant, les habitants restent sceptiques quant \u00e0 l\u2019efficacit\u00e9 de ces actions qu\u2019ils qualifient de pansements sur jambe de bois. Leur conviction : l\u2019alcool continue de circuler clandestinement et les nuisances perdurent sous d\u2019autres formes.<\/p>\n<p>Le patron des flics promet du lourd<\/p>\n<p>Yves Cellier, arriv\u00e9 \u00e0 la t\u00eate des services de police d\u00e9partementaux depuis l\u2019automne dernier, affiche une d\u00e9termination sans faille. Il revendique d\u00e9j\u00e0 l\u2019\u00e9limination du principal foyer de trafic et observe une am\u00e9lioration notable de la situation. Mais le directeur de police ne compte pas s\u2019arr\u00eater en si bon chemin. Sa feuille de route inclut une surveillance renforc\u00e9e du respect de la r\u00e9glementation par tous les \u00e9tablissements nocturnes, avec une attention particuli\u00e8re port\u00e9e aux r\u00e8gles \u00e9l\u00e9mentaires du vivre-ensemble. Les contr\u00f4les r\u00e9v\u00e8lent une situation paradoxale : si la vente d\u2019alcool apr\u00e8s 22 heures a effectivement diminu\u00e9, d\u2019autres activit\u00e9s commerciales continuent de g\u00e9n\u00e9rer rassemblements et cacophonies nocturnes.<\/p>\n<p>Une mairie qui joue la montre<\/p>\n<p>Du c\u00f4t\u00e9 de l\u2019h\u00f4tel de ville, le silence r\u00e8gne en ma\u00eetre. N\u2019ayant officiellement pas re\u00e7u cette p\u00e9tition, la municipalit\u00e9 pr\u00e9f\u00e8re ne pas communiquer sur le sujet. Cette position attentiste contraste avec les d\u00e9clarations ant\u00e9rieures de Marie-Jo P\u00e9rez et Fara N\u2019Doye, qui assuraient une pr\u00e9sence municipale quotidienne dans le secteur. Cette strat\u00e9gie du mutisme laisse les p\u00e9titionnaires dans l\u2019expectative, alimentant peut-\u00eatre leur d\u00e9termination \u00e0 faire entendre leur voix par d\u2019autres canaux.<\/p>\n<p>L\u2019avenir d\u2019un quartier en qu\u00eate d\u2019\u00e9quilibre<\/p>\n<p>Cette mobilisation soul\u00e8ve des questions fondamentales sur l\u2019am\u00e9nagement urbain contemporain. Comment pr\u00e9server la vitalit\u00e9 \u00e9conomique d\u2019un quartier populaire tout en garantissant la qualit\u00e9 de vie de ses habitants ? La solution r\u00e9side-t-elle dans une r\u00e9gulation temporelle stricte ou dans un accompagnement social plus approfondi ? L\u2019issue de cette bataille pour le sommeil pourrait bien dessiner les contours d\u2019un nouveau mod\u00e8le de coexistence urbaine, o\u00f9 le droit au repos nocturne p\u00e8serait enfin son poids face aux imp\u00e9ratifs \u00e9conomiques.<\/p>\n","protected":false},"excerpt":{"rendered":"La rue Antoine-Durafour, devenue le th\u00e9\u00e2tre d\u2019un combat nocturne permanent, voit ses r\u00e9sidents monter au cr\u00e9neau avec une&hellip;\n","protected":false},"author":2,"featured_media":199967,"comment_status":"","ping_status":"","sticky":false,"template":"","format":"standard","meta":{"footnotes":""},"categories":[9653],"tags":[1111,11,33948,2430,9372,1777,674,118,1011,27,3367,12,1072,25,4001],"class_list":{"0":"post-199966","1":"post","2":"type-post","3":"status-publish","4":"format-standard","5":"has-post-thumbnail","7":"category-saint-etienne","8":"tag-actu","9":"tag-actualites","10":"tag-antoine-durafour","11":"tag-auvergne-rhone-alpes","12":"tag-bruit","13":"tag-eu","14":"tag-europe","15":"tag-faits-divers","16":"tag-fr","17":"tag-france","18":"tag-loire","19":"tag-news","20":"tag-police","21":"tag-republique-francaise","22":"tag-saint-etienne"},"share_on_mastodon":{"url":"","error":""},"_links":{"self":[{"href":"https:\/\/www.europesays.com\/fr\/wp-json\/wp\/v2\/posts\/199966","targetHints":{"allow":["GET"]}}],"collection":[{"href":"https:\/\/www.europesays.com\/fr\/wp-json\/wp\/v2\/posts"}],"about":[{"href":"https:\/\/www.europesays.com\/fr\/wp-json\/wp\/v2\/types\/post"}],"author":[{"embeddable":true,"href":"https:\/\/www.europesays.com\/fr\/wp-json\/wp\/v2\/users\/2"}],"replies":[{"embeddable":true,"href":"https:\/\/www.europesays.com\/fr\/wp-json\/wp\/v2\/comments?post=199966"}],"version-history":[{"count":0,"href":"https:\/\/www.europesays.com\/fr\/wp-json\/wp\/v2\/posts\/199966\/revisions"}],"wp:featuredmedia":[{"embeddable":true,"href":"https:\/\/www.europesays.com\/fr\/wp-json\/wp\/v2\/media\/199967"}],"wp:attachment":[{"href":"https:\/\/www.europesays.com\/fr\/wp-json\/wp\/v2\/media?parent=199966"}],"wp:term":[{"taxonomy":"category","embeddable":true,"href":"https:\/\/www.europesays.com\/fr\/wp-json\/wp\/v2\/categories?post=199966"},{"taxonomy":"post_tag","embeddable":true,"href":"https:\/\/www.europesays.com\/fr\/wp-json\/wp\/v2\/tags?post=199966"}],"curies":[{"name":"wp","href":"https:\/\/api.w.org\/{rel}","templated":true}]}}