{"id":199970,"date":"2025-06-24T05:36:08","date_gmt":"2025-06-24T05:36:08","guid":{"rendered":"https:\/\/www.europesays.com\/fr\/199970\/"},"modified":"2025-06-24T05:36:08","modified_gmt":"2025-06-24T05:36:08","slug":"le-modem-le-parti-de-francois-bayrou-a-choisi-sa-cheffe-de-file","status":"publish","type":"post","link":"https:\/\/www.europesays.com\/fr\/199970\/","title":{"rendered":"le MoDem, le parti de Fran\u00e7ois Bayrou, a choisi sa cheffe de file"},"content":{"rendered":"<p>            Par<br \/>\n        <strong><br \/>\n            <a href=\"https:\/\/actu.fr\/auteur\/pierre-emile-bouchy-actu-fr\" title=\"Consulter tous les articles de Paul-Emile Bouchy\" rel=\"nofollow noopener\" target=\"_blank\">Paul-Emile Bouchy<\/a><br \/>\n        <\/strong><\/p>\n<p>        Publi\u00e9 le<\/p>\n<p>            24 juin 2025 \u00e0 7h02        <\/p>\n<p>\u00c0 neuf mois des <strong>\u00e9lections municipales<\/strong> qui auront lieu en mars\u00a02026, les partis d\u00e9voilent peu \u00e0 peu leurs chefs de file.<\/p>\n<p class=\" wall-content\">Apr\u00e8s <a href=\"https:\/\/actu.fr\/grand-est\/nancy_54395\/municipales-2026-a-nancy-lfi-devoile-ses-chefs-de-file-une-main-tendue-pour-l-union-de-la-gauche_62678283.html\" rel=\"nofollow noopener\" target=\"_blank\">LFI (La France Insoumise)<\/a>, <a href=\"https:\/\/actu.fr\/grand-est\/nancy_54395\/municipales-2026-renaissance-le-parti-d-emmanuel-macron-a-choisi-son-chef-de-file-pour-nancy_62698709.html\" rel=\"nofollow noopener\" target=\"_blank\">Renaissance<\/a> et <a href=\"https:\/\/actu.fr\/grand-est\/nancy_54395\/municipales-2026-horizons-le-parti-d-edouard-philippe-a-designe-son-chef-de-file-pour-nancy_62585112.html\" rel=\"nofollow noopener\" target=\"_blank\">Horizons<\/a>, c\u2019est au tour du <strong>MoDem<\/strong> d\u2019annoncer que sa campagne sera men\u00e9e par <strong>Sonia Sadoune, m\u00e9decin urgentiste et pr\u00e9sidente du MoDem 54<\/strong>.<\/p>\n<p>\u00ab\u2009Proposer une alternative sereine, constructive\u2009\u00bb pour la M\u00e9tropole du Grand Nancy<\/p>\n<p class=\" wall-content\">Outre Mme Sadoune, le Mouvement D\u00e9mocrate a \u00e9galement d\u00e9sign\u00e9 deux autres chefs de file pour les municipales\u2009: <strong>Laurent Garcia \u00e0 Laxou<\/strong> (maire sortant) et <strong>Marc Saint Denis \u00e0 Vand\u0153uvre-l\u00e8s-Nancy<\/strong> (infirmier et conseiller municipal).<\/p>\n<p class=\" wall-content\">Avec ses trois personnalit\u00e9s, le parti de <a href=\"https:\/\/actu.fr\/tag\/francois-bayrou\" rel=\"nofollow noopener\" target=\"_blank\">Fran\u00e7ois Bayrou<\/a> souhaite proposer \u00ab\u2009une alternative sereine, constructive et r\u00e9solument tourn\u00e9e vers l\u2019avenir\u2009\u00bb\u2009: \u00ab\u2009Le MoDem souhaite ainsi faire \u00e9merger <strong>un projet municipal fond\u00e9 sur les valeurs de justice sociale, d\u2019\u00e9cologie de progr\u00e8s et de d\u00e9mocratie participative<\/strong> [\u2026] Nous croyons \u00e0 une m\u00e9tropole plus humaine, plus lisible, plus proche de ses habitants.\u2009\u00bb<\/p>\n<p class=\" wall-content\">Suivez toute l\u2019actualit\u00e9 de vos villes et m\u00e9dias favoris en vous inscrivant \u00e0 <a href=\"https:\/\/moncompte.actu.fr\" title=\"D\u00e9couvez Mon Actu\" rel=\"nofollow noopener\" data-trk=\"{&quot;cta&quot;:{&quot;action&quot;:&quot;https:\\\/\\\/moncompte.actu.fr&quot;,&quot;category&quot;:&quot;mon compte&quot;,&quot;from&quot;:&quot;article footer&quot;,&quot;name&quot;:&quot;Mon actu&quot;,&quot;type&quot;:&quot;cta&quot;}}\" target=\"_blank\">Mon Actu<\/a>.<\/p>\n","protected":false},"excerpt":{"rendered":"Par Paul-Emile Bouchy Publi\u00e9 le 24 juin 2025 \u00e0 7h02 \u00c0 neuf mois des \u00e9lections municipales qui auront&hellip;\n","protected":false},"author":2,"featured_media":199971,"comment_status":"","ping_status":"","sticky":false,"template":"","format":"standard","meta":{"footnotes":""},"categories":[9635],"tags":[1111,11,1777,674,1011,27,775,3434,1702,12,316,25],"class_list":{"0":"post-199970","1":"post","2":"type-post","3":"status-publish","4":"format-standard","5":"has-post-thumbnail","7":"category-nancy","8":"tag-actu","9":"tag-actualites","10":"tag-eu","11":"tag-europe","12":"tag-fr","13":"tag-france","14":"tag-grand-est","15":"tag-municipales-2026","16":"tag-nancy","17":"tag-news","18":"tag-politique","19":"tag-republique-francaise"},"share_on_mastodon":{"url":"https:\/\/pubeurope.com\/@fr\/114736725486925881","error":""},"_links":{"self":[{"href":"https:\/\/www.europesays.com\/fr\/wp-json\/wp\/v2\/posts\/199970","targetHints":{"allow":["GET"]}}],"collection":[{"href":"https:\/\/www.europesays.com\/fr\/wp-json\/wp\/v2\/posts"}],"about":[{"href":"https:\/\/www.europesays.com\/fr\/wp-json\/wp\/v2\/types\/post"}],"author":[{"embeddable":true,"href":"https:\/\/www.europesays.com\/fr\/wp-json\/wp\/v2\/users\/2"}],"replies":[{"embeddable":true,"href":"https:\/\/www.europesays.com\/fr\/wp-json\/wp\/v2\/comments?post=199970"}],"version-history":[{"count":0,"href":"https:\/\/www.europesays.com\/fr\/wp-json\/wp\/v2\/posts\/199970\/revisions"}],"wp:featuredmedia":[{"embeddable":true,"href":"https:\/\/www.europesays.com\/fr\/wp-json\/wp\/v2\/media\/199971"}],"wp:attachment":[{"href":"https:\/\/www.europesays.com\/fr\/wp-json\/wp\/v2\/media?parent=199970"}],"wp:term":[{"taxonomy":"category","embeddable":true,"href":"https:\/\/www.europesays.com\/fr\/wp-json\/wp\/v2\/categories?post=199970"},{"taxonomy":"post_tag","embeddable":true,"href":"https:\/\/www.europesays.com\/fr\/wp-json\/wp\/v2\/tags?post=199970"}],"curies":[{"name":"wp","href":"https:\/\/api.w.org\/{rel}","templated":true}]}}