{"id":199976,"date":"2025-06-24T05:40:09","date_gmt":"2025-06-24T05:40:09","guid":{"rendered":"https:\/\/www.europesays.com\/fr\/199976\/"},"modified":"2025-06-24T05:40:09","modified_gmt":"2025-06-24T05:40:09","slug":"huit-vehicules-et-de-nombreuses-poubelles-incendies","status":"publish","type":"post","link":"https:\/\/www.europesays.com\/fr\/199976\/","title":{"rendered":"huit v\u00e9hicules et de nombreuses poubelles incendi\u00e9s"},"content":{"rendered":"<p>            Par<br \/>\n        <strong><br \/>\n            <a href=\"https:\/\/actu.fr\/auteur\/jm-aubert\" title=\"Consulter tous les articles de Jean-Marc Aubert\" rel=\"nofollow noopener\" target=\"_blank\">Jean-Marc Aubert<\/a><br \/>\n        <\/strong><\/p>\n<p>        Publi\u00e9 le<\/p>\n<p>            24 juin 2025 \u00e0 7h13<br \/>\n        ; mis \u00e0 jour le 24 juin 2025 \u00e0 7h25    <\/p>\n<p>La commune de <strong>Saint-Jean-de-V\u00e9das, <\/strong>aux portes ouest de\u00a0Montpellier,\u00a0a connu une nuit agit\u00e9e : huit v\u00e9hicules, un local \u00e0 containers et de nombreuses poubelles ont \u00e9t\u00e9 incendi\u00e9s.<\/p>\n<p>    <a href=\"https:\/\/www.google.com\/maps\/embed?pb=!1m18!1m12!1m3!1d5450.153819388394!2d3.822757054321991!3d43.576228819023044!2m3!1f0!2f0!3f0!3m2!1i1024!2i768!4f13.1!3m3!1m2!1s0x12b6adffd9f7eb59%3A0xe9bc87bb2af7a26d!2sRue%20du%20Puits%20de%20Gaud%2C%2034430%20Saint-Jean-de-V%C3%A9das!5e0!3m2!1sfr!2sfr!4v1750741439581!5m2!1sfr!2sfr\" title=\"Ouvrie le lien\" rel=\"nofollow noopener\" target=\"_blank\">Cliquez ici pour visualiser le contenu<\/a><\/p>\n<p class=\" wall-content\">En cette nuit de lundi 23 \u00e0 ce mardi 24 juin 2025, un ou des individus ont s\u00e9vi, pour un motif ignor\u00e9 ce matin en multipliant des feux sur la voie publique dans la zone de la rue du Puits de Gaud, entre lia mairie et la m\u00e9diath\u00e8que Jules Verne.\u00a0<\/p>\n<p class=\" wall-content\">Les <strong>gendarmes<\/strong> de la compagnie de Castelnau-le-Lez sont charg\u00e9s de l\u2019enqu\u00eate. Ils \u00e9taient sur les lieux dans la nuit avec les sapeurs-pompiers du <strong>Sdis 34<\/strong> qui ont mobilis\u00e9 plusieurs engins, notamment des fourgons pour lutter contre les feux urbains. Les techniciens de la cellule d\u2019identification criminelle sont attendus sur place pour effectuer des investigations scientifiques.<\/p>\n<p>Vid\u00e9o-protection<\/p>\n<p class=\" wall-content\">Ces incendies ont \u00e9t\u00e9 allum\u00e9s \u00e0 des heures rapproch\u00e9es, d\u00e9truisant huit v\u00e9hicules en stationnement, un local \u00e0 containers et des poubelles.<\/p>\n<p>Vid\u00e9os : en ce moment sur Actu<\/p>\n<p class=\" wall-content\">La commune de Saint-Jean-de-V\u00e9das compte <strong>44 cam\u00e9ras de vid\u00e9o-protection<\/strong> install\u00e9es un peu partout et notamment dans le centre-ville, o\u00f9 le ou les vandales ont s\u00e9vi cette nuit. Leur nombre va \u00eatre port\u00e9e \u00e0 63 dans le courant de l\u2019ann\u00e9e. Les gendarmes vont saisir les bandes de ces cam\u00e9ras et les exploiter dans l\u2019espoir de trouver une piste.<\/p>\n<p class=\" wall-content\">Suivez toute l\u2019actualit\u00e9 de vos villes et m\u00e9dias favoris en vous inscrivant \u00e0 <a href=\"https:\/\/moncompte.actu.fr\" title=\"D\u00e9couvez Mon Actu\" rel=\"nofollow noopener\" data-trk=\"{&quot;cta&quot;:{&quot;action&quot;:&quot;https:\\\/\\\/moncompte.actu.fr&quot;,&quot;category&quot;:&quot;mon compte&quot;,&quot;from&quot;:&quot;article footer&quot;,&quot;name&quot;:&quot;Mon actu&quot;,&quot;type&quot;:&quot;cta&quot;}}\" target=\"_blank\">Mon Actu<\/a>.<\/p>\n","protected":false},"excerpt":{"rendered":"Par Jean-Marc Aubert Publi\u00e9 le 24 juin 2025 \u00e0 7h13 ; mis \u00e0 jour le 24 juin 2025&hellip;\n","protected":false},"author":2,"featured_media":199977,"comment_status":"","ping_status":"","sticky":false,"template":"","format":"standard","meta":{"footnotes":""},"categories":[9599],"tags":[1111,11,1777,674,118,1011,27,3381,1310,2208,12,2680,1311,25],"class_list":{"0":"post-199976","1":"post","2":"type-post","3":"status-publish","4":"format-standard","5":"has-post-thumbnail","7":"category-montpellier","8":"tag-actu","9":"tag-actualites","10":"tag-eu","11":"tag-europe","12":"tag-faits-divers","13":"tag-fr","14":"tag-france","15":"tag-gendarmerie","16":"tag-incendie","17":"tag-montpellier","18":"tag-news","19":"tag-occitanie","20":"tag-pompiers","21":"tag-republique-francaise"},"share_on_mastodon":{"url":"https:\/\/pubeurope.com\/@fr\/114736740632915565","error":""},"_links":{"self":[{"href":"https:\/\/www.europesays.com\/fr\/wp-json\/wp\/v2\/posts\/199976","targetHints":{"allow":["GET"]}}],"collection":[{"href":"https:\/\/www.europesays.com\/fr\/wp-json\/wp\/v2\/posts"}],"about":[{"href":"https:\/\/www.europesays.com\/fr\/wp-json\/wp\/v2\/types\/post"}],"author":[{"embeddable":true,"href":"https:\/\/www.europesays.com\/fr\/wp-json\/wp\/v2\/users\/2"}],"replies":[{"embeddable":true,"href":"https:\/\/www.europesays.com\/fr\/wp-json\/wp\/v2\/comments?post=199976"}],"version-history":[{"count":0,"href":"https:\/\/www.europesays.com\/fr\/wp-json\/wp\/v2\/posts\/199976\/revisions"}],"wp:featuredmedia":[{"embeddable":true,"href":"https:\/\/www.europesays.com\/fr\/wp-json\/wp\/v2\/media\/199977"}],"wp:attachment":[{"href":"https:\/\/www.europesays.com\/fr\/wp-json\/wp\/v2\/media?parent=199976"}],"wp:term":[{"taxonomy":"category","embeddable":true,"href":"https:\/\/www.europesays.com\/fr\/wp-json\/wp\/v2\/categories?post=199976"},{"taxonomy":"post_tag","embeddable":true,"href":"https:\/\/www.europesays.com\/fr\/wp-json\/wp\/v2\/tags?post=199976"}],"curies":[{"name":"wp","href":"https:\/\/api.w.org\/{rel}","templated":true}]}}