{"id":19998,"date":"2025-04-12T15:13:11","date_gmt":"2025-04-12T15:13:11","guid":{"rendered":"https:\/\/www.europesays.com\/fr\/19998\/"},"modified":"2025-04-12T15:13:11","modified_gmt":"2025-04-12T15:13:11","slug":"plus-de-17-ans-apres-sa-decouverte-la-machoire-prehistorique-de-taiwan-confirme-quelle-recele-un-fabuleux-secret","status":"publish","type":"post","link":"https:\/\/www.europesays.com\/fr\/19998\/","title":{"rendered":"Plus de 17\u00a0ans apr\u00e8s sa d\u00e9couverte, la m\u00e2choire pr\u00e9historique de Ta\u00efwan confirme qu\u2019elle rec\u00e8le un fabuleux secret"},"content":{"rendered":"<p>Ce morceau de m\u00e2choire, ramass\u00e9 par des p\u00eacheurs en 2008, appartient \u00e0 une esp\u00e8ce humaine disparue qui peuplait l\u2019Asie avant l\u2019arriv\u00e9e d\u2019Homo sapiens.<\/p>\n<p class=\"fig-paragraph\">C\u2019est une p\u00eache miraculeuse qui aura mis longtemps \u00e0 d\u00e9livrer ses secrets. En 2008, des p\u00eacheurs ta\u00efwanais ramassaient au large de l\u2019\u00eele de Penghu, par plus de 60\u00a0m\u00e8tres de fond, une mandibule humaine de plusieurs dizaines de milliers d\u2019ann\u00e9es. L\u2019absence de contexte arch\u00e9ologique rend sa datation difficile, mais l\u2019individu a sans doute v\u00e9cu il y a, soit entre 190.000\u00a0ans et 113.000\u00a0ans, soit entre 70.000\u00a0et 10.000 ans (deux p\u00e9riodes o\u00f9 le niveau des mers \u00e9tait bien plus bas qu\u2019aujourd\u2019hui).<\/p>\n<p class=\"fig-paragraph\">Une premi\u00e8re \u00e9tude publi\u00e9e en 2015 dans<a href=\"https:\/\/www.nature.com\/articles\/ncomms7037\" target=\"_blank\" rel=\"nofollow noopener\" data-gtm-custom-categorie=\"navigation\" data-gtm-custom-action=\"crossclick\" data-gtm-custom-label=\"Contextuel\" data-gtm-event=\"customEventSPE\">\u00a0la revue Nature Communications\u00a0<\/a> s\u2019interrogeait sur l\u2019identit\u00e9 de son propri\u00e9taire et soulevait l\u2019hypoth\u00e8se d\u2019y voir le repr\u00e9sentant d\u2019une esp\u00e8ce humaine inconnue. Dix ans plus tard, une nouvelle \u00e9tude men\u00e9e par des scientifiques travaillant \u00e0 Copenhague (Danemark) et \u00e0 Taipei (Ta\u00efwan), publi\u00e9e dans\u00a0<a href=\"https:\/\/www.science.org\/doi\/10.1126\/science.ads3888\" target=\"_blank\" rel=\"nofollow noopener\" data-gtm-custom-categorie=\"navigation\" data-gtm-custom-action=\"crossclick\" data-gtm-custom-label=\"Contextuel\" data-gtm-event=\"customEventSPE\">la revue Science<\/a>, l\u00e8ve le voile sur ce myst\u00e8re et confirme que ce morceau de m\u00e2choire appartenait \u00e0 un D\u00e9nisovien, une sorte d\u2019alter ego asiatique de Neandertal. Une\u2026<\/p>\n<p class=\"fig-premium-paywall__infos\">\n        Cet article est r\u00e9serv\u00e9 aux abonn\u00e9s.        Il vous reste 86% \u00e0 d\u00e9couvrir.\n    <\/p>\n<p>                <img  data- alt=\"Le Figaro\" class=\"fig-img--complete fig-img\"\/><\/p>\n<p class=\"fig-premium-paywall__title\">Vous avez envie de lire la suite ?<\/p>\n<p class=\"fig-premium-paywall__subtitle\">D\u00e9bloquez tous les articles imm\u00e9diatement.<\/p>\n<p class=\"fig-premium-paywall__connect\">\n                D\u00e9j\u00e0 abonn\u00e9\u00a0?                <a class=\"fig-premium-paywall__connect-link\" href=\"https:\/\/connect.lefigaro.fr\/login?client=horizon_web&amp;type=main&amp;redirect_uri=https%3A%2F%2Fwww.lefigaro.fr%2Fsciences%2Fplus-de-17-ans-apres-sa-decouverte-la-mandibule-de-taiwan-confirme-qu-elle-recele-un-fabuleux-secret-20250410\" data-js-gtm=\"{&quot;customCategorie&quot;: &quot;conversion&quot;, &quot;customAction&quot;: &quot;before_Landing_Connexion_paywall_auto&quot;, &quot;customLabel&quot;: &quot;bGVmaWdhcm8uZnJfXzFmMDE1NjFhLWQ2YmItNjBiNC1hZGM5LTlkZmM4NDI1YjFjM19fQXJ0aWNsZQ==_Plus de 17\u00a0ans apr\u00e8s sa d\u00e9couverte, la m\u00e2choire pr\u00e9historique de Ta\u00efwan confirme qu\u2019elle rec\u00e8le un fabuleux secret_505&quot;, &quot;customIDSPE&quot;: &quot;bGVmaWdhcm8uZnJfXzFmMDE1NjFhLWQ2YmItNjBiNC1hZGM5LTlkZmM4NDI1YjFjM19fQXJ0aWNsZQ==&quot;, &quot;event&quot;: &quot;customEventSPE&quot;}\" target=\"_blank\" rel=\"noopener\"><br \/>\n                    Connectez-vous<br \/>\n                <\/a>\n            <\/p>\n","protected":false},"excerpt":{"rendered":"Ce morceau de m\u00e2choire, ramass\u00e9 par des p\u00eacheurs en 2008, appartient \u00e0 une esp\u00e8ce humaine disparue qui peuplait&hellip;\n","protected":false},"author":2,"featured_media":19999,"comment_status":"","ping_status":"","sticky":false,"template":"","format":"standard","meta":{"footnotes":""},"categories":[7],"tags":[47,49,11,730,48,51,54,1011,27,958,52,43,40,41,39,50,42,44,53],"class_list":{"0":"post-19998","1":"post","2":"type-post","3":"status-publish","4":"format-standard","5":"has-post-thumbnail","7":"category-sciences-et-technologies","8":"tag-actualite","9":"tag-actualite-scientifique","10":"tag-actualites","11":"tag-archeologie","12":"tag-astronomie","13":"tag-ecologie","14":"tag-faune-et-flore","15":"tag-fr","16":"tag-france","17":"tag-paleontologie","18":"tag-planete","19":"tag-science","20":"tag-science-and-technology","21":"tag-sciences","22":"tag-sciences-et-technologies","23":"tag-sciences-humaines","24":"tag-technologies","25":"tag-technology","26":"tag-zoologie"},"share_on_mastodon":{"url":"https:\/\/pubeurope.com\/@fr\/114325645123056613","error":""},"_links":{"self":[{"href":"https:\/\/www.europesays.com\/fr\/wp-json\/wp\/v2\/posts\/19998","targetHints":{"allow":["GET"]}}],"collection":[{"href":"https:\/\/www.europesays.com\/fr\/wp-json\/wp\/v2\/posts"}],"about":[{"href":"https:\/\/www.europesays.com\/fr\/wp-json\/wp\/v2\/types\/post"}],"author":[{"embeddable":true,"href":"https:\/\/www.europesays.com\/fr\/wp-json\/wp\/v2\/users\/2"}],"replies":[{"embeddable":true,"href":"https:\/\/www.europesays.com\/fr\/wp-json\/wp\/v2\/comments?post=19998"}],"version-history":[{"count":0,"href":"https:\/\/www.europesays.com\/fr\/wp-json\/wp\/v2\/posts\/19998\/revisions"}],"wp:featuredmedia":[{"embeddable":true,"href":"https:\/\/www.europesays.com\/fr\/wp-json\/wp\/v2\/media\/19999"}],"wp:attachment":[{"href":"https:\/\/www.europesays.com\/fr\/wp-json\/wp\/v2\/media?parent=19998"}],"wp:term":[{"taxonomy":"category","embeddable":true,"href":"https:\/\/www.europesays.com\/fr\/wp-json\/wp\/v2\/categories?post=19998"},{"taxonomy":"post_tag","embeddable":true,"href":"https:\/\/www.europesays.com\/fr\/wp-json\/wp\/v2\/tags?post=19998"}],"curies":[{"name":"wp","href":"https:\/\/api.w.org\/{rel}","templated":true}]}}