{"id":199986,"date":"2025-06-24T05:47:10","date_gmt":"2025-06-24T05:47:10","guid":{"rendered":"https:\/\/www.europesays.com\/fr\/199986\/"},"modified":"2025-06-24T05:47:10","modified_gmt":"2025-06-24T05:47:10","slug":"arts-de-rue-et-fromages-ce-festival-unique-en-son-genre-revient-a-rennes","status":"publish","type":"post","link":"https:\/\/www.europesays.com\/fr\/199986\/","title":{"rendered":"Arts de rue et fromages\u00a0: ce festival unique en son genre revient \u00e0 Rennes"},"content":{"rendered":"<p>L\u2019association Les <a href=\"https:\/\/www.letelegramme.fr\/ille-et-vilaine\/rennes-35000\/a-rennes-ce-festival-fromages-et-arts-de-rue-est-unique-en-son-genre-6597870.php#:~:text=Le%20festival%20%C2%AB%20paillettes%20et%20mimolettes,locaux%2C%20et%20des%20spectacles%20gratuits.\" target=\"_blank\" rel=\"noopener\">Mimolettes<\/a> organise \u00e0 nouveau son festival \u00ab Paillettes &amp; Mimolettes \u00bb, dimanche 29 juin sur le Mail Fran\u00e7ois Mitterrand \u00e0 Rennes. Pour cette sixi\u00e8me \u00e9dition, l\u2019\u00e9v\u00e9nement ne trahit pas son ADN, avec une proposition gratuite de nombreux spectacle d\u2019art de rue, et \u00e9videmment des d\u00e9gustations de fromages avec la pr\u00e9sence de nombreux producteurs locaux.<\/p>\n<p>Une caravane \u00e0 tatouages sera \u00e9galement ouverte, pour ceux qui voudraient un souvenir plus durable de la f\u00eate. Pour les autres, un stand \u00e0 paillette permettra d\u2019\u00e9gayer n\u2019importe quelle tenue.<\/p>\n<p>Programmation :<\/p>\n<p>14 h : Ouverture du festival.<\/p>\n<p>14 h 30 : Michelle Michel &#8211; Chorale Pop &#8211; Tout public &#8211; 1 h &#8211; spectacle adapt\u00e9 en LSF.<\/p>\n<p>17 h : En \u00c9ventail &#8211; Cie Les Five Foot Fingers &#8211; Cirque &#8211; Tout public &#8211; 1 h 15.<\/p>\n<p>19 h : Bingo drag &#8211; Phoebus Fragonard &#8211; Bingo &#8211; Tout public &#8211; 1 h 30.<\/p>\n<p>22 h : Fermeture du festival.<\/p>\n","protected":false},"excerpt":{"rendered":"L\u2019association Les Mimolettes organise \u00e0 nouveau son festival \u00ab Paillettes &amp; Mimolettes \u00bb, dimanche 29 juin sur le&hellip;\n","protected":false},"author":2,"featured_media":199987,"comment_status":"","ping_status":"","sticky":false,"template":"","format":"standard","meta":{"footnotes":""},"categories":[2821],"tags":[1111,11,829,3173,1777,674,1011,27,848,12,584,25],"class_list":{"0":"post-199986","1":"post","2":"type-post","3":"status-publish","4":"format-standard","5":"has-post-thumbnail","7":"category-rennes","8":"tag-actu","9":"tag-actualites","10":"tag-bretagne","11":"tag-culture-a-rennes","12":"tag-eu","13":"tag-europe","14":"tag-fr","15":"tag-france","16":"tag-ille-et-vilaine","17":"tag-news","18":"tag-rennes","19":"tag-republique-francaise"},"share_on_mastodon":{"url":"https:\/\/pubeurope.com\/@fr\/114736768392603321","error":""},"_links":{"self":[{"href":"https:\/\/www.europesays.com\/fr\/wp-json\/wp\/v2\/posts\/199986","targetHints":{"allow":["GET"]}}],"collection":[{"href":"https:\/\/www.europesays.com\/fr\/wp-json\/wp\/v2\/posts"}],"about":[{"href":"https:\/\/www.europesays.com\/fr\/wp-json\/wp\/v2\/types\/post"}],"author":[{"embeddable":true,"href":"https:\/\/www.europesays.com\/fr\/wp-json\/wp\/v2\/users\/2"}],"replies":[{"embeddable":true,"href":"https:\/\/www.europesays.com\/fr\/wp-json\/wp\/v2\/comments?post=199986"}],"version-history":[{"count":0,"href":"https:\/\/www.europesays.com\/fr\/wp-json\/wp\/v2\/posts\/199986\/revisions"}],"wp:featuredmedia":[{"embeddable":true,"href":"https:\/\/www.europesays.com\/fr\/wp-json\/wp\/v2\/media\/199987"}],"wp:attachment":[{"href":"https:\/\/www.europesays.com\/fr\/wp-json\/wp\/v2\/media?parent=199986"}],"wp:term":[{"taxonomy":"category","embeddable":true,"href":"https:\/\/www.europesays.com\/fr\/wp-json\/wp\/v2\/categories?post=199986"},{"taxonomy":"post_tag","embeddable":true,"href":"https:\/\/www.europesays.com\/fr\/wp-json\/wp\/v2\/tags?post=199986"}],"curies":[{"name":"wp","href":"https:\/\/api.w.org\/{rel}","templated":true}]}}