{"id":199990,"date":"2025-06-24T05:49:12","date_gmt":"2025-06-24T05:49:12","guid":{"rendered":"https:\/\/www.europesays.com\/fr\/199990\/"},"modified":"2025-06-24T05:49:12","modified_gmt":"2025-06-24T05:49:12","slug":"hangenbieten-de-despacito-a-freed-from-desire-lorchestre-batterie-fanfare-casse-les-codes-dimanche","status":"publish","type":"post","link":"https:\/\/www.europesays.com\/fr\/199990\/","title":{"rendered":"Hangenbieten. De \u00ab Despacito \u00bb \u00e0 \u00ab Freed from desire \u00bb, l&rsquo;Orchestre batterie fanfare casse les codes dimanche"},"content":{"rendered":"<p>\u00ab\u00a0L\u2019Orchestre batterie fanfare fait vibrer la musique d\u2019aujourd\u2019hui\u00a0\u00bb annonce le flyer du concert pr\u00e9vu ce dimanche \u00e0 l\u2019espace culturel de Hangenbieten. Au programme, Despacito \u00a0 de Luis Fonsi et Daddy Yankee (2017), Knights of Cydonia du groupe de rock britannique Muse (2006), Freed from desire \u00a0 de Gala (1996)\u2026 L\u2019orchestre se bat contre les <a href=\"https:\/\/www.dna.fr\/culture-loisirs\/2025\/06\/21\/la-polka-et-la-valse-ca-ne-passe-plus-jouer-du-lady-gaga-pour-rajeunir-et-sauver-les-harmonies\" target=\"_blank\" rel=\"noopener\">clich\u00e9s pesant sur les fanfares<\/a> , m\u00e9lange vari\u00e9t\u00e9s contemporaines et pi\u00e8ces plus classiques.<\/p>\n<p>Cr\u00e9\u00e9 en 1981 par l\u2019Amicale de sapeurs pompiers, il r\u00e9pondait alors \u00e0 l\u2019appellation de Batterie fanfare, et \u00e9tait exclusivement constitu\u00e9 d\u2019hommes. Peu \u00e0 peu, aux instruments \u00ab\u00a0naturels\u00a0\u00bb s\u2019ajoutent des instruments \u00ab\u00a0\u00e0 syst\u00e8me\u00a0\u00bb, tuba, euphonium, clavier\u2026 Aux pompiers s\u2019ajoutent des hommes et des femmes de la soci\u00e9t\u00e9 civile, c\u2019est la naissance de <a href=\"https:\/\/www.dna.fr\/culture-loisirs\/2025\/04\/14\/le-concert-de-printemps-de-la-batterie-fanfare-a-seduit-le-public\" target=\"_blank\" rel=\"noopener\">l\u2019Orchestre batterie fanfare<\/a> (OFB).<\/p>\n<p>L&rsquo;ensemble vocal Diversio invit\u00e9<\/p>\n<p>Anim\u00e9 par le d\u00e9sir de se renouveler et de surprendre son public, l\u2019OFB a invit\u00e9 en deuxi\u00e8me partie l\u2019ensemble vocal Diversio, r\u00e9put\u00e9 pour son r\u00e9pertoire \u00e9clectique et original. Les quelque 50 choristes dirig\u00e9s par <a href=\"https:\/\/www.dna.fr\/culture-loisirs\/2024\/11\/15\/cedric-dosch-presente-son-premier-album-entre-emotions-et-humour\" target=\"_blank\" rel=\"noopener\">C\u00e9dric Dosch<\/a> chanteront seuls, puis avec l\u2019OFB.<\/p>\n<p>Autre nouveaut\u00e9, deux ensembles de jeunes issus de l\u2019accueil p\u00e9riscolaire interpr\u00e9teront chacun une pi\u00e8ce musicale. Pr\u00eat d\u2019instruments, formation assur\u00e9e par un professeur, tout a \u00e9t\u00e9 gratuit pour les familles\u00a0!<\/p>\n<p>Lors de l\u2019entracte, une tombola permettra de gagner des lots offerts par des entreprises locales\u00a0: tour en Ferrari, entr\u00e9e \u00e0 Europa Park, panier garni\u2026 Elle fournira aussi une aide pr\u00e9cieuse pour financer la poursuite du projet au p\u00e9riscolaire, en 2025\/2026.<\/p>\n<p class=\"note\">29\u00a0juin, 17\u00a0h, espace culturel. Entr\u00e9e libre, plateau. Buvette et petite restauration.<\/p>\n","protected":false},"excerpt":{"rendered":"\u00ab\u00a0L\u2019Orchestre batterie fanfare fait vibrer la musique d\u2019aujourd\u2019hui\u00a0\u00bb annonce le flyer du concert pr\u00e9vu ce dimanche \u00e0 l\u2019espace&hellip;\n","protected":false},"author":2,"featured_media":199991,"comment_status":"","ping_status":"","sticky":false,"template":"","format":"standard","meta":{"footnotes":""},"categories":[2820],"tags":[1111,11,1687,2880,1777,674,107,1011,27,775,20545,3035,873,12,25,3140,640,3089],"class_list":{"0":"post-199990","1":"post","2":"type-post","3":"status-publish","4":"format-standard","5":"has-post-thumbnail","7":"category-strasbourg","8":"tag-actu","9":"tag-actualites","10":"tag-culture-loisirs","11":"tag-edition-strasbourg","12":"tag-eu","13":"tag-europe","14":"tag-fil-info","15":"tag-fr","16":"tag-france","17":"tag-grand-est","18":"tag-hangenbieten","19":"tag-la-matinale-strasbourg","20":"tag-musique","21":"tag-news","22":"tag-republique-francaise","23":"tag-spectacle","24":"tag-strasbourg","25":"tag-strasbourg-sud"},"share_on_mastodon":{"url":"https:\/\/pubeurope.com\/@fr\/114736776301245641","error":""},"_links":{"self":[{"href":"https:\/\/www.europesays.com\/fr\/wp-json\/wp\/v2\/posts\/199990","targetHints":{"allow":["GET"]}}],"collection":[{"href":"https:\/\/www.europesays.com\/fr\/wp-json\/wp\/v2\/posts"}],"about":[{"href":"https:\/\/www.europesays.com\/fr\/wp-json\/wp\/v2\/types\/post"}],"author":[{"embeddable":true,"href":"https:\/\/www.europesays.com\/fr\/wp-json\/wp\/v2\/users\/2"}],"replies":[{"embeddable":true,"href":"https:\/\/www.europesays.com\/fr\/wp-json\/wp\/v2\/comments?post=199990"}],"version-history":[{"count":0,"href":"https:\/\/www.europesays.com\/fr\/wp-json\/wp\/v2\/posts\/199990\/revisions"}],"wp:featuredmedia":[{"embeddable":true,"href":"https:\/\/www.europesays.com\/fr\/wp-json\/wp\/v2\/media\/199991"}],"wp:attachment":[{"href":"https:\/\/www.europesays.com\/fr\/wp-json\/wp\/v2\/media?parent=199990"}],"wp:term":[{"taxonomy":"category","embeddable":true,"href":"https:\/\/www.europesays.com\/fr\/wp-json\/wp\/v2\/categories?post=199990"},{"taxonomy":"post_tag","embeddable":true,"href":"https:\/\/www.europesays.com\/fr\/wp-json\/wp\/v2\/tags?post=199990"}],"curies":[{"name":"wp","href":"https:\/\/api.w.org\/{rel}","templated":true}]}}