{"id":199992,"date":"2025-06-24T05:50:22","date_gmt":"2025-06-24T05:50:22","guid":{"rendered":"https:\/\/www.europesays.com\/fr\/199992\/"},"modified":"2025-06-24T05:50:22","modified_gmt":"2025-06-24T05:50:22","slug":"palestine-opera-gare-les-points-saillants-du-conseil-municipal-du-lundi-23-juin","status":"publish","type":"post","link":"https:\/\/www.europesays.com\/fr\/199992\/","title":{"rendered":"Palestine, op\u00e9ra, gare&#8230; Les points saillants du conseil municipal du lundi 23 juin"},"content":{"rendered":"<p class=\"wp-block-post-excerpt__excerpt\">Le conseil municipal de Strasbourg a adopt\u00e9 une s\u00e9rie de d\u00e9lib\u00e9rations lundi 22 juin dont le jumelage avec le camp de r\u00e9fugi\u00e9s palestiniens d\u2019A\u00efda, la transformation de l\u2019op\u00e9ra, un sch\u00e9ma pour lancer l\u2019ouverture de la gare ferroviaire vers le nord\u2026 Voici un compte-rendu des points retenus les plus importants. <\/p>\n<p class=\"font-sans\">\n\t\t\tCet article est en acc\u00e8s libre. Pour soutenir Rue89 Strasbourg,<br \/>\n\t\t\t<a class=\"underline\" href=\"https:\/\/www.rue89strasbourg.com\/abonnement\" target=\"_blank\" rel=\"noopener\">abonnez-vous<\/a>.\n\t\t<\/p>\n<p>Pierre France<\/p>\n<p>Publi\u00e9 le 24 juin 2025\u00a0\u00a0\u00b7\u00a0\u00a0<\/p>\n<p>Imprim\u00e9 le 24 juin 2025 \u00e0 07h03\u00a0\u00a0\u00b7\u00a0\u00a0<\/p>\n<p>\t\t\t\t\t6\u00a0minutes\n<\/p>\n<p class=\"has-drop-cap\">Le conseil municipal de Strasbourg du lundi 23 juin avait 77 points \u00e0 l\u2019ordre du jour, dont une partie avait \u00e9t\u00e9 h\u00e9rit\u00e9e de celui du 19 mai, <a href=\"https:\/\/www.rue89strasbourg.com\/foire-saint-jean-obtenir-terrain-ville-forains-bloquent-centre-administratif-343937\" target=\"_blank\" rel=\"noreferrer noopener\">raccourci en raison d\u2019une manifestation de forains<\/a>. <\/p>\n<p>La premi\u00e8re s\u00e9quence, compos\u00e9e de huit points, en faisait partie, il s\u2019agissait de d\u00e9battre des <a href=\"https:\/\/www.rue89strasbourg.com\/crc-strasbourg-2024-343565\" target=\"_blank\" rel=\"noreferrer noopener\">rapports de la Chambre r\u00e9gionale des comptes (CRC) sur les finances de la Ville<\/a> et de l\u2019Eurom\u00e9tropole de Strasbourg entre 2019 et 2024 et d\u2019adopter le compte administratif 2024. Les conseillers ont donc une nouvelle fois d\u00e9battu du recours \u00e0 la dette, 377 millions d\u2019euros en 2024 : un \u00ab\u00a0bouclier social\u00a0\u00bb selon les \u00e9cologistes, une charge insupportable selon la droite et le centre. La CRC a alert\u00e9 sur l\u2019allongement de la dur\u00e9e de d\u00e9sendettement de la Ville mais l\u2019agence Fitch a maintenu le 20 juin <a href=\"https:\/\/www.fitchratings.com\/research\/fr\/international-public-finance\/fitch-affirms-city-of-strasbourg-at-aa-outlook-negative-20-06-2025\" target=\"_blank\" rel=\"noreferrer noopener\">la note de la collectivit\u00e9 \u00e0 AA-<\/a>.<\/p>\n<p><a href=\"https:\/\/www.rue89strasbourg.com\/la-newsletter\" target=\"_blank\" rel=\"noopener\"><img loading=\"lazy\" decoding=\"async\" width=\"970\" height=\"250\" src=\"https:\/\/www.europesays.com\/fr\/wp-content\/uploads\/2025\/06\/bannie\u0300re-autopromo-2025-desktop-1.gif\" alt=\"\" class=\"wp-image-347550\" style=\"width:792px;height:auto\"\/><\/a><\/p>\n<p><a href=\"https:\/\/www.rue89strasbourg.com\/la-newsletter\" target=\"_blank\" rel=\"noopener\"><img loading=\"lazy\" decoding=\"async\" width=\"300\" height=\"300\" src=\"https:\/\/www.europesays.com\/fr\/wp-content\/uploads\/2025\/06\/bannie\u0300res-autopromo-300x300-2.gif\" alt=\"\" class=\"wp-image-347551\"\/><\/a><\/p>\n<p>Strasbourg jumel\u00e9e avec le camp d\u2019A\u00efda en Palestine<\/p>\n<p>Apr\u00e8s un d\u00e9bat tr\u00e8s houleux, le conseil municipal de Strasbourg a vot\u00e9 en faveur du jumelage avec le camp de r\u00e9fugi\u00e9s palestiniens d\u2019A\u00efda, pr\u00e8s de Bethl\u00e9em avec 48 voix pour (\u00e9cologistes et communistes), 10 contre (la droite et le centre) et 5 abstentions (socialistes). Une subvention \u00e0 Gaza de 25\u00a0000\u20ac et le renforcement de la coop\u00e9ration avec la ville de Bethl\u00e9em ont \u00e9t\u00e9 vot\u00e9s \u00e0 l\u2019unanimit\u00e9.<\/p>\n<p>Les \u00e9lus de l\u2019opposition de droite, mais aussi socialiste, ont de nouveau accus\u00e9 la maire de Strasbourg d\u2019avoir voulu nier le droit \u00e0 l\u2019existence de l\u2019\u00c9tat d\u2019Isra\u00ebl en ayant <a href=\"https:\/\/www.rue89strasbourg.com\/opposition-carte-historique-palestine-jeanne-barseghian-344985\" target=\"_blank\" rel=\"noreferrer noopener\">port\u00e9 le keffieh et accept\u00e9 une carte de la Palestine historique<\/a>. Syamak Agha Babaei a r\u00e9pondu \u00e0 ces \u00e9lus que ces accusations ne visaient qu\u2019\u00e0 \u00ab\u00a0invisibiliser un v\u00eatement traditionnel et r\u00e9\u00e9crire l\u2019histoire de cette r\u00e9gion\u00a0\u00bb. Jeanne Barseghian a d\u00fb rappeler qu\u2019elle \u00e9tait en faveur de la solution \u00e0 deux \u00c9tats pour la paix au Proche Orient et en a profit\u00e9 pour pr\u00e9ciser pourquoi Strasbourg a choisi un camp de r\u00e9fugi\u00e9s plut\u00f4t que Bethl\u00e9em pour un jumelage en Palestine\u00a0:<\/p>\n<blockquote class=\"wp-block-quote is-layout-flow wp-block-quote-is-layout-flow\">\n<p>\u00ab\u00a0Le minist\u00e8re des Affaires \u00e9trang\u00e8res recommande pour la Palestine de nouer des relations avec des camps de r\u00e9fugi\u00e9s. La ville de Bethl\u00e9em dispose d\u00e9j\u00e0 de plus de 500 jumelages de par le monde. Par ailleurs, le jumelage avec Ramat Gan continue, il est gel\u00e9 pour des raisons li\u00e9es \u00e0 l\u2019\u00e9tat de guerre en Isra\u00ebl.\u00a0\u00bb<\/p>\n<\/blockquote>\n<p>En fin de conseil, il a de nouveau \u00e9t\u00e9 question de Ramat Gan avec le vote, sur le fil par 12 voix contre 11 et 4 abstentions, d\u2019une r\u00e9solution de soutien pr\u00e9sent\u00e9e par Jean-Philippe Vetter. Ce texte demande notamment que la Ville de Strasbourg \u00ab\u00a0adresse \u00e0 tous les habitants de Ramat Gan un message d\u2019amiti\u00e9 et de solidarit\u00e9 face aux bombardements meurtriers subis\u00a0\u00bb et \u00ab\u00a0r\u00e9affirme sa volont\u00e9 de r\u00e9tablir un jumelage actif\u00a0\u00bb. L\u2019adoption a \u00e9t\u00e9 rendue possible par l\u2019abstention de la maire, Jeanne Barseghian, exc\u00e9d\u00e9e apr\u00e8s qu\u2019elle ait constat\u00e9 que ses opposants lui faisait porter la responsabilit\u00e9 du gel du jumelage. <\/p>\n<p>Une information qui a m\u00eame travers\u00e9 l\u2019Atlantique puisque la ville de Boston s\u2019appr\u00eate \u00e0 d\u00e9battre le 25 juin d\u2019une <a href=\"https:\/\/boston.legistar.com\/LegislationDetail.aspx?ID=7445960&amp;GUID=B4F24D14-5200-4E45-88AD-635DDA03A8B9&amp;Options=&amp;Search=\" target=\"_blank\" rel=\"noreferrer noopener\">suspension de son jumelage avec Strasbourg<\/a>, en r\u00e9torsion \u00e0 ce qu\u2019un conseiller appelle un \u00ab\u00a0gel\u00a0\u00bb du partenariat avec Ramat Gan. <\/p>\n<p>\t\tDes prairies en ville<\/p>\n<p>Le conseil municipal s\u2019est ensuite pench\u00e9 sur les \u00ab\u00a0prairies en ville\u00a0\u00bb, des zones d\u2019herbe laiss\u00e9es hautes afin de favoriser la biodiversit\u00e9, en servant de caches pour les insectes et les petits mammif\u00e8res (voir notre <a href=\"https:\/\/www.rue89strasbourg.com\/cm-prairies-sauvages-en-ville-343202\" target=\"_blank\" rel=\"noreferrer noopener\">article pr\u00e9sentant cette d\u00e9lib\u00e9ration en d\u00e9tail<\/a>). Le point a \u00e9t\u00e9 adopt\u00e9 \u00e0 une large majorit\u00e9 de 52 voix, <\/p>\n<p>Un \u00ab\u00a0permis de louer\u00a0\u00bb au quartier Gare<\/p>\n<p>Les conseillers ont adopt\u00e9 \u00e0 une tr\u00e8s large majorit\u00e9 (seuls Jean-Philippe Vetter et Gabrielle Rosner-Bloch, droite ont vot\u00e9 contre) l\u2019instauration d\u2019un \u00ab\u00a0permis de louer\u00a0\u00bb dans le quartier Gare de Strasbourg (voir <a href=\"https:\/\/www.rue89strasbourg.com\/strasbourg-inspecteurs-permis-louer-proprietaires-347527\" target=\"_blank\" rel=\"noreferrer noopener\">notre article d\u00e9taill\u00e9<\/a>). La d\u00e9lib\u00e9ration pr\u00e9cise que 1400 permis sont attendus et que trois agents seront embauch\u00e9s pour \u00e9tudier les demandes. Nicolas Matt (Ren), qui est aussi conseiller d\u00e9partemental, a rappel\u00e9 qu\u2019il aurait fallu inclure les logements des bailleurs sociaux Oph\u00e9a et Habitation moderne dans le p\u00e9rim\u00e8tre. Mais il n\u2019a pas mentionn\u00e9 les immeubles d\u2019Alsace Habitat, bailleur social de la Collectivit\u00e9 d\u2019Alsace\u2026 C\u00e9line Geissmann (soc) a de son c\u00f4t\u00e9 d\u00e9plor\u00e9 que Strasbourg soit la 631e commune \u00e0 mettre en place ce dispositif, et encore sur un petit p\u00e9rim\u00e8tre, un seul quartier et seulement pour les logements construits avant 2006. La municipalit\u00e9 a conclu en invitant propri\u00e9taires et locataires \u00e0 se rendre sur le site, tout neuf, de la <a href=\"https:\/\/maison-habitat.strasbourg.eu\/\" target=\"_blank\" rel=\"noreferrer noopener\">Maison de l\u2019habitat<\/a>.<\/p>\n<p>Stationnement payant en r\u00e9gie<\/p>\n<p>Streeteo \u00e0 Strasbourg, c\u2019est (bient\u00f4t) fini! Le conseil municipal a adopt\u00e9 \u00e0 l\u2019unanimit\u00e9 le transfert du contrat de concession de la redevance du stationnement en voirie en novembre \u00e0 une soci\u00e9t\u00e9 publique locale d\u00e9di\u00e9e. Tous les conseillers esp\u00e8rent une r\u00e9duction du contentieux et plus de souplesse, m\u00eame s\u2019ils ne partagent pas tous et toutes les choix politiques et tarifaires de la municipalit\u00e9. Douze millions d\u2019euros sont attendus, \u00e0 partir de 20000 places publiques. <\/p>\n<p>Une feuille de route pour la gare \u00e0 360 degr\u00e9s<\/p>\n<p>Cette d\u00e9lib\u00e9ration acte les transferts de propri\u00e9t\u00e9 progressifs entre la SNCF, la R\u00e9gion et la Ville de Strasbourg jusqu\u2019aux ann\u00e9es 2050. Elle pr\u00e9cise l\u2019am\u00e9nagement concert\u00e9 de toute la zone autour de la gare, et notamment la zone au nord qui doit \u00eatre progressivement r\u00e9am\u00e9nag\u00e9e pour permettre d\u2019ouvrir la gare vers un nouveau quartier, d\u00e9di\u00e9 aux activit\u00e9s culturelles, notamment nocturnes, et \u00e0 l\u2019\u00e9conomie solidaire. La d\u00e9lib\u00e9ration a \u00e9t\u00e9 adopt\u00e9e avec 44 voix pour, 9 \u00e9lus de droite, du centre et socialistes ont vot\u00e9 contre. <\/p>\n<p>Point final pour la rue M\u00e9lanie?<\/p>\n<p>Les conseillers municipaux ont \u00e9voqu\u00e9 la rallonge de 150000 euros n\u00e9cessaires pour terminer le r\u00e9am\u00e9nagement de la fin de la rue M\u00e9lanie, cette voie de la Robertsau qui m\u00e8ne au ch\u00e2teau de Pourtal\u00e8s. Les \u00e9lus de droite, du centre et socialistes, ont une nouvelle fois brocard\u00e9 la municipalit\u00e9 pour avoir d\u00e9pens\u00e9 \u00ab\u00a0un million d\u2019euros pour 300 m\u00e8tres\u00a0\u00bb, faire la guerre aux voitures et le tout, sans avoir emport\u00e9 l\u2019adh\u00e9sion des riverains. Ces derniers sont particuli\u00e8rement remont\u00e9s apr\u00e8s qu\u2019un premier am\u00e9nagement, avec des \u00e9cluses, provoquait des bouchons aux moments de forte affluence. La municipalit\u00e9 a supprim\u00e9 les \u00e9cluses et les arbres pour repasser \u00e0 deux voies, supprimant au passage les quelques places de stationnement. Nouvelle bronca des riverains mais la municipalit\u00e9 a fait valoir que la continuit\u00e9 cyclable devait permettre d\u2019aller jusqu\u2019au ch\u00e2teau et que les croisements au carrefour giratoire \u00e9taient tr\u00e8s dangereux. <\/p>\n<p>130 millions pour un bel op\u00e9ra en 2033<\/p>\n<p>Les conseillers municipaux ont adopt\u00e9 les choix de la municipalit\u00e9 pour l\u2019op\u00e9ra du Rhin (voir <a href=\"https:\/\/www.rue89strasbourg.com\/opera-strasbourg-2033-339870\" target=\"_blank\" rel=\"noreferrer noopener\">notre article d\u00e9di\u00e9<\/a>). Jeanne Barseghian a tranch\u00e9 pour r\u00e9nover le b\u00e2timent historique de fond en combles et de d\u00e9m\u00e9nager les spectacles au Palais des f\u00eates le temps des travaux. La facture devrait s\u2019\u00e9lever \u00e0 plus de 130 millions d\u2019euros. Jean-Philippe Vetter (Les R\u00e9p) a regrett\u00e9 la destruction de la salle \u00e0 l\u2019italienne, \u00ab\u00a0cette salle magnifique dans laquelle je me rendais pour 5,5\u20ac en \u00e9tant \u00e9tudiant. J\u2019y vivais un moment extraordinaire m\u00eame si je ne voyais rien,\u00a0\u00bb a-t-il dit en sollicitant ses souvenirs. Anne Mistler, adjointe \u00e0 la maire en charge de la culture, lui a r\u00e9pondu que d\u2019autres \u00e9tudiants avaient probablement \u00e9t\u00e9 traumatis\u00e9s par la m\u00eame exp\u00e9rience. Pierre Jakubowicz (Horizon) s\u2019est presque d\u00e9sol\u00e9 d\u2019avoir \u00e9pous\u00e9 les choix op\u00e9r\u00e9s par la municipalit\u00e9 tout au long des s\u00e9ances de travail. Une augmentation du prix des places est \u00e0 craindre \u00e0 la r\u00e9ouverture mais, assure Jeanne Barseghian, \u00ab\u00a0il restera des places \u00e0 des tarifs accessibles\u00a0\u00bb.<\/p>\n<p>Parmi les textes additionnels, une motion de soutien \u00e0 Urgence Palestine et la Jeune Garde antifasciste, mouvements dissous par le ministre de l\u2019Int\u00e9rieur, pr\u00e9sent\u00e9e par la conseill\u00e8re ind\u00e9pendante Soraya Ouldji, a \u00e9t\u00e9 adopt\u00e9e. Le texte soutenant la mobilisation citoyenne en Europe visant \u00e0 interdire les th\u00e9rapies de conversion, pr\u00e9sent\u00e9 par Pierre Jakubowicz et Rebecca Breitman, a \u00e9galement \u00e9t\u00e9 adopt\u00e9, ainsi que le soutien \u00e0 la panth\u00e9onisation d\u2019Ad\u00e9la\u00efde Hautval, m\u00e9decin et r\u00e9sistante alsacienne. <\/p>\n","protected":false},"excerpt":{"rendered":"Le conseil municipal de Strasbourg a adopt\u00e9 une s\u00e9rie de d\u00e9lib\u00e9rations lundi 22 juin dont le jumelage avec&hellip;\n","protected":false},"author":2,"featured_media":199993,"comment_status":"","ping_status":"","sticky":false,"template":"","format":"standard","meta":{"footnotes":""},"categories":[2820],"tags":[1111,11,1984,1777,674,1011,27,775,33949,7125,12,4333,25,640,3911],"class_list":{"0":"post-199992","1":"post","2":"type-post","3":"status-publish","4":"format-standard","5":"has-post-thumbnail","7":"category-strasbourg","8":"tag-actu","9":"tag-actualites","10":"tag-conseil-municipal","11":"tag-eu","12":"tag-europe","13":"tag-fr","14":"tag-france","15":"tag-grand-est","16":"tag-jean-philippe-vetter","17":"tag-jeanne-barseghian","18":"tag-news","19":"tag-pierre-jakubowicz","20":"tag-republique-francaise","21":"tag-strasbourg","22":"tag-ville-de-strasbourg"},"share_on_mastodon":{"url":"https:\/\/pubeurope.com\/@fr\/114736780050927504","error":""},"_links":{"self":[{"href":"https:\/\/www.europesays.com\/fr\/wp-json\/wp\/v2\/posts\/199992","targetHints":{"allow":["GET"]}}],"collection":[{"href":"https:\/\/www.europesays.com\/fr\/wp-json\/wp\/v2\/posts"}],"about":[{"href":"https:\/\/www.europesays.com\/fr\/wp-json\/wp\/v2\/types\/post"}],"author":[{"embeddable":true,"href":"https:\/\/www.europesays.com\/fr\/wp-json\/wp\/v2\/users\/2"}],"replies":[{"embeddable":true,"href":"https:\/\/www.europesays.com\/fr\/wp-json\/wp\/v2\/comments?post=199992"}],"version-history":[{"count":0,"href":"https:\/\/www.europesays.com\/fr\/wp-json\/wp\/v2\/posts\/199992\/revisions"}],"wp:featuredmedia":[{"embeddable":true,"href":"https:\/\/www.europesays.com\/fr\/wp-json\/wp\/v2\/media\/199993"}],"wp:attachment":[{"href":"https:\/\/www.europesays.com\/fr\/wp-json\/wp\/v2\/media?parent=199992"}],"wp:term":[{"taxonomy":"category","embeddable":true,"href":"https:\/\/www.europesays.com\/fr\/wp-json\/wp\/v2\/categories?post=199992"},{"taxonomy":"post_tag","embeddable":true,"href":"https:\/\/www.europesays.com\/fr\/wp-json\/wp\/v2\/tags?post=199992"}],"curies":[{"name":"wp","href":"https:\/\/api.w.org\/{rel}","templated":true}]}}