{"id":199998,"date":"2025-06-24T05:53:08","date_gmt":"2025-06-24T05:53:08","guid":{"rendered":"https:\/\/www.europesays.com\/fr\/199998\/"},"modified":"2025-06-24T05:53:08","modified_gmt":"2025-06-24T05:53:08","slug":"une-nouvelle-presidente-elue-a-la-tete-de-plein-centre","status":"publish","type":"post","link":"https:\/\/www.europesays.com\/fr\/199998\/","title":{"rendered":"une nouvelle pr\u00e9sidente \u00e9lue \u00e0 la t\u00eate de Plein-Centre"},"content":{"rendered":"<p>            Par<br \/>\n        <strong><br \/>\n            <a href=\"https:\/\/actu.fr\/auteur\/thomas-bernard\" title=\"Consulter tous les articles de Thomas Bernard\" rel=\"nofollow noopener\" target=\"_blank\">Thomas Bernard<\/a><br \/>\n        <\/strong><\/p>\n<p>        Publi\u00e9 le<\/p>\n<p>            24 juin 2025 \u00e0 7h44        <\/p>\n<p>Apr\u00e8s quatre ans de mandat, Teddy Robert laisse sa place comme pr\u00e9sident de <a href=\"https:\/\/pleincentre.net\/\" rel=\"nofollow noopener\" target=\"_blank\">Plein-Centre<\/a>, l\u2019association de commer\u00e7ants du centre-ville de Nantes. Le 18\u00a0juin, les commer\u00e7ants ont \u00e9lu <strong>Carine Martin<\/strong> comme nouvelle pr\u00e9sidente.<\/p>\n<p class=\" wall-content\">Carine Martin est commer\u00e7ante et cheffe d\u2019entreprise <strong>depuis 25\u00a0ans.<\/strong> La nouvelle pr\u00e9sidente est \u00e0 la t\u00eate de Studio 54, salon de tatouage, piercing et bijouterie situ\u00e9 au 18 rue de la Juiverie dans le quartier Bouffay. \u00ab\u2009Je suis fi\u00e8re de prendre cette nouvelle responsabilit\u00e9\u2009\u00bb, confie celle qui a \u00e9t\u00e9 vice-pr\u00e9sidente de Plein-Centre pendant huit ans.<\/p>\n<p>\u00ab\u2009Un r\u00f4le moteur dans la vie du centre-ville\u2009\u00bb<\/p>\n<p class=\" wall-content\">L\u2019association souhaite p\u00e9renniser les \u00e9v\u00e9nements port\u00e9s comme Nantes \u00e0 C\u0153ur, des vide-greniers ou <a href=\"https:\/\/actu.fr\/pays-de-la-loire\/nantes_44109\/un-hymne-a-la-gourmandise-un-spectacle-sucre-va-deambuler-dans-les-rues-de-nantes_62750593.html\" rel=\"nofollow noopener\" target=\"_blank\">grands spectacles de rue<\/a>.<\/p>\n<p class=\" wall-content\">Comme pr\u00e9sent\u00e9 dans un communiqu\u00e9 transmis \u00e0<a href=\"https:\/\/actu.fr\/nantes\/\" rel=\"nofollow noopener\" target=\"_blank\"> actu Nantes<\/a>, Carine Martin souhaite \u00ab\u2009poursuivre le travail de fond sur les trois piliers d\u2019un centre-ville attractif\u2009\u00bb. Ces trois piliers sont\u2009: la s\u00e9curit\u00e9, l\u2019accessibilit\u00e9 et la propret\u00e9.<\/p>\n<p class=\" wall-content\">\u00ab\u2009C\u2019est d\u00e9sormais un nouveau chapitre qui s\u2019ouvre, port\u00e9 par une pr\u00e9sidence f\u00e9minine et<br \/>collective, fid\u00e8le aux valeurs de Plein Centre\u2009: union, engagement et accueil\u2009\u00bb, explique l\u2019association.<\/p>\n<p>Vid\u00e9os : en ce moment sur Actu<\/p>\n<p class=\" wall-content\">Suivez toute l\u2019actualit\u00e9 de vos villes et m\u00e9dias favoris en vous inscrivant \u00e0 <a href=\"https:\/\/moncompte.actu.fr\" title=\"D\u00e9couvez Mon Actu\" rel=\"nofollow noopener\" data-trk=\"{&quot;cta&quot;:{&quot;action&quot;:&quot;https:\\\/\\\/moncompte.actu.fr&quot;,&quot;category&quot;:&quot;mon compte&quot;,&quot;from&quot;:&quot;article footer&quot;,&quot;name&quot;:&quot;Mon actu&quot;,&quot;type&quot;:&quot;cta&quot;}}\" target=\"_blank\">Mon Actu<\/a>.<\/p>\n","protected":false},"excerpt":{"rendered":"Par Thomas Bernard Publi\u00e9 le 24 juin 2025 \u00e0 7h44 Apr\u00e8s quatre ans de mandat, Teddy Robert laisse&hellip;\n","protected":false},"author":2,"featured_media":199999,"comment_status":"","ping_status":"","sticky":false,"template":"","format":"standard","meta":{"footnotes":""},"categories":[2818],"tags":[1111,11,215,1777,674,1011,27,766,12,2636,25,104],"class_list":{"0":"post-199998","1":"post","2":"type-post","3":"status-publish","4":"format-standard","5":"has-post-thumbnail","7":"category-nantes","8":"tag-actu","9":"tag-actualites","10":"tag-commerce","11":"tag-eu","12":"tag-europe","13":"tag-fr","14":"tag-france","15":"tag-nantes","16":"tag-news","17":"tag-pays-de-la-loire","18":"tag-republique-francaise","19":"tag-societe"},"share_on_mastodon":{"url":"https:\/\/pubeurope.com\/@fr\/114736792058166107","error":""},"_links":{"self":[{"href":"https:\/\/www.europesays.com\/fr\/wp-json\/wp\/v2\/posts\/199998","targetHints":{"allow":["GET"]}}],"collection":[{"href":"https:\/\/www.europesays.com\/fr\/wp-json\/wp\/v2\/posts"}],"about":[{"href":"https:\/\/www.europesays.com\/fr\/wp-json\/wp\/v2\/types\/post"}],"author":[{"embeddable":true,"href":"https:\/\/www.europesays.com\/fr\/wp-json\/wp\/v2\/users\/2"}],"replies":[{"embeddable":true,"href":"https:\/\/www.europesays.com\/fr\/wp-json\/wp\/v2\/comments?post=199998"}],"version-history":[{"count":0,"href":"https:\/\/www.europesays.com\/fr\/wp-json\/wp\/v2\/posts\/199998\/revisions"}],"wp:featuredmedia":[{"embeddable":true,"href":"https:\/\/www.europesays.com\/fr\/wp-json\/wp\/v2\/media\/199999"}],"wp:attachment":[{"href":"https:\/\/www.europesays.com\/fr\/wp-json\/wp\/v2\/media?parent=199998"}],"wp:term":[{"taxonomy":"category","embeddable":true,"href":"https:\/\/www.europesays.com\/fr\/wp-json\/wp\/v2\/categories?post=199998"},{"taxonomy":"post_tag","embeddable":true,"href":"https:\/\/www.europesays.com\/fr\/wp-json\/wp\/v2\/tags?post=199998"}],"curies":[{"name":"wp","href":"https:\/\/api.w.org\/{rel}","templated":true}]}}