{"id":200017,"date":"2025-06-24T06:04:31","date_gmt":"2025-06-24T06:04:31","guid":{"rendered":"https:\/\/www.europesays.com\/fr\/200017\/"},"modified":"2025-06-24T06:04:31","modified_gmt":"2025-06-24T06:04:31","slug":"grand-reportage-nouveau-record-pour-le-5eme-rallye-du-coeur-lyonnais","status":"publish","type":"post","link":"https:\/\/www.europesays.com\/fr\/200017\/","title":{"rendered":"Grand reportage. Nouveau record pour le 5\u00e8me Rallye du C\u0153ur lyonnais"},"content":{"rendered":"<p style=\"font-weight: 400;\"><strong>Texte\u00a0: Marco Polisson<\/strong> \u2013 Encore une fois la magie a op\u00e9r\u00e9. La 5\u00e8me \u00e9dition du Rallye du C\u0153ur de Lyon a battu un nouveau record de g\u00e9n\u00e9rosit\u00e9.<\/p>\n<p style=\"font-weight: 400;\">C\u2019est sous un soleil \u00e9clatant que 320 v\u00e9hicules de collection et supercars d\u2019exception et leurs \u00e9quipages ont investi le ch\u00e2teau de Salette (38). Pilotes et public se sont retrouv\u00e9s autour d\u2019animations, de balades et de surprises organis\u00e9es pour offrir une journ\u00e9e hors norme aux enfants malades, en pr\u00e9sence de <strong>Tony Parker<\/strong> et du parrain <strong>Dominique Chapatte<\/strong>.<\/p>\n<p style=\"font-weight: 400;\">Depuis cinq ans, le Rallye du C\u0153ur Lyon finance plusieurs programmes de recherche sur ces cancers \u00e0 l\u2019h\u00f4pital Lyon Sud. Les recettes de la journ\u00e9e, les dons des \u00e9quipages associ\u00e9s \u00e0 ceux des sponsors ont permis d\u2019atteindre la somme incroyable de 718 000 euros qui seront affect\u00e9s \u00e0 la lutte contre le cancer p\u00e9diatrique.<\/p>\n<p style=\"font-weight: 400;\">Il semblait difficile voire impossible \u00e0 transpercer. Membre du comit\u00e9 d\u2019organisation, <strong>Florian Sermet<\/strong> n\u2019en revient toujours pas. \u00ab\u00a0Jamais je n\u2019aurais cru que nous pourrions battre ce record et pourtant nous l\u2019avons fait ! Plus de 2,5 millions d\u2019euros r\u00e9colt\u00e9s en 5 ans !! c\u2019est compl\u00e8tement fou\u00a0!\u00a0\u00bb a r\u00e9agi le patron de l\u2019agence de communication Adjectif lors de la proclamation des r\u00e9sultats.<\/p>\n<p>\u00ab\u00a0Un Rallye du C\u0153ur Lyon compl\u00e8tement dingue et un r\u00e9sultat incroyable. Le plein d\u2019\u00e9motions avec des \u00e9quipages magiques et des petits guerriers avec des \u00e9toiles plein les yeux !\u00a0\u00bb pour un immense d\u00e9fi relev\u00e9 par <strong><a href=\"https:\/\/www.linkedin.com\/in\/fdenoyel\/\" rel=\"nofollow noopener\" target=\"_blank\">Franck Denoyel<\/a>, Henri Chevallier-Chantepie<\/strong>, <strong>Marie-Ange<\/strong> <strong>Denoyel<\/strong>, <strong>V\u00e9ronique Perdrieu<\/strong>, <strong>S\u00e9bastien Frambourg<\/strong>, <strong>Julien Diemert<\/strong>, <strong>Nathalie Guerry<\/strong>, et <strong>Muriel Versini<\/strong>.<\/p>\n<p style=\"font-weight: 400;\">Lyon People est fier de les accompagner m\u00e9diatiquement dans cette aventure.<\/p>\n<p>                                <a href=\"https:\/\/www.europesays.com\/fr\/wp-content\/uploads\/2025\/06\/1-_RALLYE-DU-COEUR-2025_AM.jpg\" title=\"1. Camille et Dominique Chapatte, parrain de l\u2019\u00e9dition 2025 avec Kevin Parsa, pr\u00e9sident West Motors Lyon.\" data-rl_title=\"1. Camille et Dominique Chapatte, parrain de l\u2019\u00e9dition 2025 avec Kevin Parsa, pr\u00e9sident West Motors Lyon.\" class=\"rl-gallery-link\" data-rl_caption=\"\" data-rel=\"lightbox-gallery-bGlnaHRib3gtZ2FsbGVyeS0w\" data-rl_><img loading=\"lazy\" decoding=\"async\" width=\"900\" height=\"609\" src=\"data:image\/svg+xml,%3Csvg%20xmlns=\" http:=\"\" class=\"attachment-large size-large\" alt=\"\" aria-describedby=\"gallery--161076\" data-lazy- data-lazy- data-lazy-src=\"https:\/\/www.europesays.com\/fr\/wp-content\/uploads\/2025\/06\/1-_RALLYE-DU-COEUR-2025_AM.jpg\"\/><\/a><\/p>\n<p>\n                                1. Camille et Dominique Chapatte, parrain de l\u2019\u00e9dition 2025 avec Kevin Parsa, pr\u00e9sident West Motors Lyon.<\/p>\n<p>                                <a href=\"https:\/\/www.europesays.com\/fr\/wp-content\/uploads\/2025\/06\/2-_RALLYE-DU-COEUR-2025_AM.jpg\" title=\"2. Camille et Dominique Chapatte, parrain de l\u2019\u00e9dition 2025 et Kevin Parsa Pr\u00e9sident West Motors Lyon.\" data-rl_title=\"2. Camille et Dominique Chapatte, parrain de l\u2019\u00e9dition 2025 et Kevin Parsa Pr\u00e9sident West Motors Lyon.\" class=\"rl-gallery-link\" data-rl_caption=\"\" data-rel=\"lightbox-gallery-bGlnaHRib3gtZ2FsbGVyeS0w\" data-rl_><img loading=\"lazy\" decoding=\"async\" width=\"900\" height=\"638\" src=\"data:image\/svg+xml,%3Csvg%20xmlns=\" http:=\"\" class=\"attachment-large size-large\" alt=\"\" aria-describedby=\"gallery--161077\" data-lazy- data-lazy- data-lazy-src=\"https:\/\/www.europesays.com\/fr\/wp-content\/uploads\/2025\/06\/2-_RALLYE-DU-COEUR-2025_AM.jpg\"\/><\/a><\/p>\n<p>\n                                2. Camille et Dominique Chapatte, parrain de l\u2019\u00e9dition 2025 et Kevin Parsa Pr\u00e9sident West Motors Lyon.<\/p>\n<p><br style=\"clear: both\"\/><\/p>\n<p>                                <a href=\"https:\/\/www.europesays.com\/fr\/wp-content\/uploads\/2025\/06\/3-_RALLYE-DU-COEUR-2025_AM.jpg\" title=\"3. Daniel Pruchnicki, Gr\u00e9goire Billon et Nicolas Tardy (Passion Automobiles Bentley Lamborghini).\" data-rl_title=\"3. Daniel Pruchnicki, Gr\u00e9goire Billon et Nicolas Tardy (Passion Automobiles Bentley Lamborghini).\" class=\"rl-gallery-link\" data-rl_caption=\"\" data-rel=\"lightbox-gallery-bGlnaHRib3gtZ2FsbGVyeS0w\" data-rl_><img loading=\"lazy\" decoding=\"async\" width=\"900\" height=\"599\" src=\"data:image\/svg+xml,%3Csvg%20xmlns=\" http:=\"\" class=\"attachment-large size-large\" alt=\"\" aria-describedby=\"gallery--161078\" data-lazy- data-lazy- data-lazy-src=\"https:\/\/www.europesays.com\/fr\/wp-content\/uploads\/2025\/06\/3-_RALLYE-DU-COEUR-2025_AM.jpg\"\/><\/a><\/p>\n<p>\n                                3. Daniel Pruchnicki, Gr\u00e9goire Billon et Nicolas Tardy (Passion Automobiles Bentley Lamborghini).<\/p>\n<p>                                <a href=\"https:\/\/www.europesays.com\/fr\/wp-content\/uploads\/2025\/06\/4-_RALLYE-DU-COEUR-2025_AM.jpg\" title=\"4. Les membres du bureau du Rallye du c\u0153ur 69, Florian Sermet (Rallye du c\u0153ur 69), Franck Denoyel, coordinateur g\u00e9n\u00e9ral Rallye du C\u0153ur 69, avec Dominique Chapatte, parrain de la 5\u00e8me \u00e9dition du Rallye du C\u0153ur 69, accompagn\u00e9 de Julien Dalbec champion de moto cross (ancien patient du centre Raymond Berard), Tony Parker, Pr\u00e9sident Infinity Nine Group et de la propri\u00e9taire du Ch\u00e2teau de Salette.\" data-rl_title=\"4. Les membres du bureau du Rallye du c\u0153ur 69, Florian Sermet (Rallye du c\u0153ur 69), Franck Denoyel, coordinateur g\u00e9n\u00e9ral Rallye du C\u0153ur 69, avec Dominique Chapatte, parrain de la 5\u00e8me \u00e9dition du Rallye du C\u0153ur 69, accompagn\u00e9 de Julien Dalbec champion de moto cross (ancien patient du centre Raymond Berard), Tony Parker, Pr\u00e9sident Infinity Nine Group et de la propri\u00e9taire du Ch\u00e2teau de Salette.\" class=\"rl-gallery-link\" data-rl_caption=\"\" data-rel=\"lightbox-gallery-bGlnaHRib3gtZ2FsbGVyeS0w\" data-rl_><img loading=\"lazy\" decoding=\"async\" width=\"900\" height=\"603\" src=\"data:image\/svg+xml,%3Csvg%20xmlns=\" http:=\"\" class=\"attachment-large size-large\" alt=\"\" aria-describedby=\"gallery--161079\" data-lazy- data-lazy- data-lazy-src=\"https:\/\/www.europesays.com\/fr\/wp-content\/uploads\/2025\/06\/4-_RALLYE-DU-COEUR-2025_AM.jpg\"\/><\/a><\/p>\n<p>\n                                4. Les membres du bureau du Rallye du c\u0153ur 69, Florian Sermet (Rallye du c\u0153ur 69), Franck Denoyel, coordinateur g\u00e9n\u00e9ral Rallye du C\u0153ur 69, avec Dominique Chapatte, parrain de la 5\u00e8me \u00e9dition du Rallye du C\u0153ur 69, accompagn\u00e9 de Julien Dalbec champion de moto cross (ancien patient du centre Raymond Berard), Tony Parker, Pr\u00e9sident Infinity Nine Group et de la propri\u00e9taire du Ch\u00e2teau de Salette.<\/p>\n<p><br style=\"clear: both\"\/><\/p>\n<p>                                <a href=\"https:\/\/www.europesays.com\/fr\/wp-content\/uploads\/2025\/06\/5-_RALLYE-DU-COEUR-2025_AM.jpg\" title=\"5. S\u00e9bastien Frambourg (Rallye du C\u0153ur 69), papa de Jules, Julien Dalbec, champion de moto cross et l\u2019animateur Dominique Chapatte. parrain de la 5\u00e8me \u00e9dition du Rallye du C\u0153ur\" data-rl_title=\"5. S\u00e9bastien Frambourg (Rallye du C\u0153ur 69), papa de Jules, Julien Dalbec, champion de moto cross et l\u2019animateur Dominique Chapatte. parrain de la 5\u00e8me \u00e9dition du Rallye du C\u0153ur\" class=\"rl-gallery-link\" data-rl_caption=\"\" data-rel=\"lightbox-gallery-bGlnaHRib3gtZ2FsbGVyeS0w\" data-rl_><img loading=\"lazy\" decoding=\"async\" width=\"900\" height=\"599\" src=\"data:image\/svg+xml,%3Csvg%20xmlns=\" http:=\"\" class=\"attachment-large size-large\" alt=\"\" aria-describedby=\"gallery--161080\" data-lazy- data-lazy- data-lazy-src=\"https:\/\/www.europesays.com\/fr\/wp-content\/uploads\/2025\/06\/5-_RALLYE-DU-COEUR-2025_AM.jpg\"\/><\/a><\/p>\n<p>\n                                5. S\u00e9bastien Frambourg (Rallye du C\u0153ur 69), papa de Jules, Julien Dalbec, champion de moto cross et l\u2019animateur Dominique Chapatte. parrain de la 5\u00e8me \u00e9dition du Rallye du C\u0153ur<\/p>\n<p>                                <a href=\"https:\/\/www.europesays.com\/fr\/wp-content\/uploads\/2025\/06\/6-_RALLYE-DU-COEUR-2025_AM.jpg\" title=\"6. Tony Parker, Pr\u00e9sident Infinity Nine Group au micro, entour\u00e9 de S\u00e9bastien Frambourg (Rallye du C\u0153ur 69), Julien Dalbec, champion de moto cross, Dominique Chapatte et de Franck Denoyel, Coordonnateur g\u00e9n\u00e9ral Rallye du C\u0153ur 69.\" data-rl_title=\"6. Tony Parker, Pr\u00e9sident Infinity Nine Group au micro, entour\u00e9 de S\u00e9bastien Frambourg (Rallye du C\u0153ur 69), Julien Dalbec, champion de moto cross, Dominique Chapatte et de Franck Denoyel, Coordonnateur g\u00e9n\u00e9ral Rallye du C\u0153ur 69.\" class=\"rl-gallery-link\" data-rl_caption=\"\" data-rel=\"lightbox-gallery-bGlnaHRib3gtZ2FsbGVyeS0w\" data-rl_><img loading=\"lazy\" decoding=\"async\" width=\"900\" height=\"601\" src=\"data:image\/svg+xml,%3Csvg%20xmlns=\" http:=\"\" class=\"attachment-large size-large\" alt=\"\" aria-describedby=\"gallery--161081\" data-lazy- data-lazy- data-lazy-src=\"https:\/\/www.europesays.com\/fr\/wp-content\/uploads\/2025\/06\/6-_RALLYE-DU-COEUR-2025_AM.jpg\"\/><\/a><\/p>\n<p>\n                                6. Tony Parker, Pr\u00e9sident Infinity Nine Group au micro, entour\u00e9 de S\u00e9bastien Frambourg (Rallye du C\u0153ur 69), Julien Dalbec, champion de moto cross, Dominique Chapatte et de Franck Denoyel, Coordonnateur g\u00e9n\u00e9ral Rallye du C\u0153ur 69.<\/p>\n<p><br style=\"clear: both\"\/><\/p>\n<p>                                <a href=\"https:\/\/www.europesays.com\/fr\/wp-content\/uploads\/2025\/06\/7-_RALLYE-DU-COEUR-2025_AM.jpg\" title=\"7. Pr\u00e9sentation par Franck Denoyel, coordinnateur g\u00e9n\u00e9ral Rallye du C\u0153ur 69 de la propri\u00e9taire du ch\u00e2teau de la Salette en pr\u00e9sence de Dominique Chapatte, parrain de l\u2019\u00e9dition 2025 et de Tony Parker, Pr\u00e9sident Infinity Nine Group.\" data-rl_title=\"7. Pr\u00e9sentation par Franck Denoyel, coordinnateur g\u00e9n\u00e9ral Rallye du C\u0153ur 69 de la propri\u00e9taire du ch\u00e2teau de la Salette en pr\u00e9sence de Dominique Chapatte, parrain de l\u2019\u00e9dition 2025 et de Tony Parker, Pr\u00e9sident Infinity Nine Group.\" class=\"rl-gallery-link\" data-rl_caption=\"\" data-rel=\"lightbox-gallery-bGlnaHRib3gtZ2FsbGVyeS0w\" data-rl_><img loading=\"lazy\" decoding=\"async\" width=\"900\" height=\"599\" src=\"data:image\/svg+xml,%3Csvg%20xmlns=\" http:=\"\" class=\"attachment-large size-large\" alt=\"\" aria-describedby=\"gallery--161082\" data-lazy- data-lazy- data-lazy-src=\"https:\/\/www.europesays.com\/fr\/wp-content\/uploads\/2025\/06\/7-_RALLYE-DU-COEUR-2025_AM.jpg\"\/><\/a><\/p>\n<p>\n                                7. Pr\u00e9sentation par Franck Denoyel, coordinnateur g\u00e9n\u00e9ral Rallye du C\u0153ur 69 de la propri\u00e9taire du ch\u00e2teau de la Salette en pr\u00e9sence de Dominique Chapatte, parrain de l\u2019\u00e9dition 2025 et de Tony Parker, Pr\u00e9sident Infinity Nine Group.<\/p>\n<p>                                <a href=\"https:\/\/www.europesays.com\/fr\/wp-content\/uploads\/2025\/06\/8-_RALLYE-DU-COEUR-2025_AM.jpg\" title=\"8. La propri\u00e9taire du ch\u00e2teau de la Salette, entour\u00e9e de Julien Dalbec, champion de moto cross, Dominique Chapatte, Tony Parker, Pr\u00e9sident Infinity Nine Group et de Franck Denoyel, coordonnateur g\u00e9n\u00e9ral Rallye du C\u0153ur 69.\" data-rl_title=\"8. La propri\u00e9taire du ch\u00e2teau de la Salette, entour\u00e9e de Julien Dalbec, champion de moto cross, Dominique Chapatte, Tony Parker, Pr\u00e9sident Infinity Nine Group et de Franck Denoyel, coordonnateur g\u00e9n\u00e9ral Rallye du C\u0153ur 69.\" class=\"rl-gallery-link\" data-rl_caption=\"\" data-rel=\"lightbox-gallery-bGlnaHRib3gtZ2FsbGVyeS0w\" data-rl_><img loading=\"lazy\" decoding=\"async\" width=\"900\" height=\"599\" src=\"data:image\/svg+xml,%3Csvg%20xmlns=\" http:=\"\" class=\"attachment-large size-large\" alt=\"\" aria-describedby=\"gallery--161083\" data-lazy- data-lazy- data-lazy-src=\"https:\/\/www.europesays.com\/fr\/wp-content\/uploads\/2025\/06\/8-_RALLYE-DU-COEUR-2025_AM.jpg\"\/><\/a><\/p>\n<p>\n                                8. La propri\u00e9taire du ch\u00e2teau de la Salette, entour\u00e9e de Julien Dalbec, champion de moto cross, Dominique Chapatte, Tony Parker, Pr\u00e9sident Infinity Nine Group et de Franck Denoyel, coordonnateur g\u00e9n\u00e9ral Rallye du C\u0153ur 69.<\/p>\n<p><br style=\"clear: both\"\/><\/p>\n<p>                                <a href=\"https:\/\/www.europesays.com\/fr\/wp-content\/uploads\/2025\/06\/9-_RALLYE-DU-COEUR-2025_AM.jpg\" title=\"9. Julien Dalbec, champion de moto cross, entour\u00e9 de S\u00e9bastien Frambourg (Rallye du C\u0153ur 69), papa de Jules, Dominique Chapatte, et de Tony Parker.\" data-rl_title=\"9. Julien Dalbec, champion de moto cross, entour\u00e9 de S\u00e9bastien Frambourg (Rallye du C\u0153ur 69), papa de Jules, Dominique Chapatte, et de Tony Parker.\" class=\"rl-gallery-link\" data-rl_caption=\"\" data-rel=\"lightbox-gallery-bGlnaHRib3gtZ2FsbGVyeS0w\" data-rl_><img loading=\"lazy\" decoding=\"async\" width=\"900\" height=\"599\" src=\"data:image\/svg+xml,%3Csvg%20xmlns=\" http:=\"\" class=\"attachment-large size-large\" alt=\"\" aria-describedby=\"gallery--161084\" data-lazy- data-lazy- data-lazy-src=\"https:\/\/www.europesays.com\/fr\/wp-content\/uploads\/2025\/06\/9-_RALLYE-DU-COEUR-2025_AM.jpg\"\/><\/a><\/p>\n<p>\n                                9. Julien Dalbec, champion de moto cross, entour\u00e9 de S\u00e9bastien Frambourg (Rallye du C\u0153ur 69), papa de Jules, Dominique Chapatte, et de Tony Parker.<\/p>\n<p>                                <a href=\"https:\/\/www.europesays.com\/fr\/wp-content\/uploads\/2025\/06\/10-_RALLYE-DU-COEUR-2025_AM.jpg\" title=\"10. Natacha, repr\u00e9sentante de la soci\u00e9t\u00e9 Adjectif (Strat\u00e9gie et Communication) partenaire principal du Rallye du C\u0153ur et Florian Semet (Rallye du c\u0153ur 69).\" data-rl_title=\"10. Natacha, repr\u00e9sentante de la soci\u00e9t\u00e9 Adjectif (Strat\u00e9gie et Communication) partenaire principal du Rallye du C\u0153ur et Florian Semet (Rallye du c\u0153ur 69).\" class=\"rl-gallery-link\" data-rl_caption=\"\" data-rel=\"lightbox-gallery-bGlnaHRib3gtZ2FsbGVyeS0w\" data-rl_><img loading=\"lazy\" decoding=\"async\" width=\"900\" height=\"599\" src=\"data:image\/svg+xml,%3Csvg%20xmlns=\" http:=\"\" class=\"attachment-large size-large\" alt=\"\" aria-describedby=\"gallery--161085\" data-lazy- data-lazy- data-lazy-src=\"https:\/\/www.europesays.com\/fr\/wp-content\/uploads\/2025\/06\/10-_RALLYE-DU-COEUR-2025_AM.jpg\"\/><\/a><\/p>\n<p>\n                                10. Natacha, repr\u00e9sentante de la soci\u00e9t\u00e9 Adjectif (Strat\u00e9gie et Communication) partenaire principal du Rallye du C\u0153ur et Florian Semet (Rallye du c\u0153ur 69).<\/p>\n<p><br style=\"clear: both\"\/><\/p>\n<p>                                <a href=\"https:\/\/www.europesays.com\/fr\/wp-content\/uploads\/2025\/06\/11-_RALLYE-DU-COEUR-2025_AM.jpg\" title=\"11. Me Laetitia Jossier, nouvelle Pr\u00e9sidente de la chambre des notaires de Lyon, partenaire du Rallye du c\u0153ur 69.\" data-rl_title=\"11. Me Laetitia Jossier, nouvelle Pr\u00e9sidente de la chambre des notaires de Lyon, partenaire du Rallye du c\u0153ur 69.\" class=\"rl-gallery-link\" data-rl_caption=\"\" data-rel=\"lightbox-gallery-bGlnaHRib3gtZ2FsbGVyeS0w\" data-rl_><img loading=\"lazy\" decoding=\"async\" width=\"900\" height=\"599\" src=\"data:image\/svg+xml,%3Csvg%20xmlns=\" http:=\"\" class=\"attachment-large size-large\" alt=\"\" aria-describedby=\"gallery--161086\" data-lazy- data-lazy- data-lazy-src=\"https:\/\/www.europesays.com\/fr\/wp-content\/uploads\/2025\/06\/11-_RALLYE-DU-COEUR-2025_AM.jpg\"\/><\/a><\/p>\n<p>\n                                11. Me Laetitia Jossier, nouvelle Pr\u00e9sidente de la chambre des notaires de Lyon, partenaire du Rallye du c\u0153ur 69.<\/p>\n<p>                                <a href=\"https:\/\/www.europesays.com\/fr\/wp-content\/uploads\/2025\/06\/12-_RALLYE-DU-COEUR-2025_AM.jpg\" title=\"12. Partenaire du Rallye du C\u0153ur 69, la soci\u00e9t\u00e9 Fortil.\" data-rl_title=\"12. Partenaire du Rallye du C\u0153ur 69, la soci\u00e9t\u00e9 Fortil.\" class=\"rl-gallery-link\" data-rl_caption=\"\" data-rel=\"lightbox-gallery-bGlnaHRib3gtZ2FsbGVyeS0w\" data-rl_><img loading=\"lazy\" decoding=\"async\" width=\"900\" height=\"599\" src=\"data:image\/svg+xml,%3Csvg%20xmlns=\" http:=\"\" class=\"attachment-large size-large\" alt=\"\" aria-describedby=\"gallery--161087\" data-lazy- data-lazy- data-lazy-src=\"https:\/\/www.europesays.com\/fr\/wp-content\/uploads\/2025\/06\/12-_RALLYE-DU-COEUR-2025_AM.jpg\"\/><\/a><\/p>\n<p>\n                                12. Partenaire du Rallye du C\u0153ur 69, la soci\u00e9t\u00e9 Fortil.<\/p>\n<p><br style=\"clear: both\"\/><\/p>\n<p>                                <a href=\"https:\/\/www.europesays.com\/fr\/wp-content\/uploads\/2025\/06\/13-_RALLYE-DU-COEUR-2025_AM.jpg\" title=\"13. Partenaire du Rallye du C\u0153ur 69, la soci\u00e9t\u00e9 Facom\" data-rl_title=\"13. Partenaire du Rallye du C\u0153ur 69, la soci\u00e9t\u00e9 Facom\" class=\"rl-gallery-link\" data-rl_caption=\"\" data-rel=\"lightbox-gallery-bGlnaHRib3gtZ2FsbGVyeS0w\" data-rl_><img loading=\"lazy\" decoding=\"async\" width=\"900\" height=\"599\" src=\"data:image\/svg+xml,%3Csvg%20xmlns=\" http:=\"\" class=\"attachment-large size-large\" alt=\"\" aria-describedby=\"gallery--161185\" data-lazy- data-lazy- data-lazy-src=\"https:\/\/www.europesays.com\/fr\/wp-content\/uploads\/2025\/06\/13-_RALLYE-DU-COEUR-2025_AM.jpg\"\/><\/a><\/p>\n<p>\n                                13. Partenaire du Rallye du C\u0153ur 69, la soci\u00e9t\u00e9 Facom<\/p>\n<p>                                <a href=\"https:\/\/www.europesays.com\/fr\/wp-content\/uploads\/2025\/06\/14-_RALLYE-DU-COEUR-2025_AM.jpg\" title=\"14. Vincent Targe au volant d\u2019une rarissime automobile Avions Voisin C11 de 1928\" data-rl_title=\"14. Vincent Targe au volant d\u2019une rarissime automobile Avions Voisin C11 de 1928\" class=\"rl-gallery-link\" data-rl_caption=\"\" data-rel=\"lightbox-gallery-bGlnaHRib3gtZ2FsbGVyeS0w\" data-rl_><img loading=\"lazy\" decoding=\"async\" width=\"900\" height=\"599\" src=\"data:image\/svg+xml,%3Csvg%20xmlns=\" http:=\"\" class=\"attachment-large size-large\" alt=\"\" aria-describedby=\"gallery--161088\" data-lazy- data-lazy- data-lazy-src=\"https:\/\/www.europesays.com\/fr\/wp-content\/uploads\/2025\/06\/14-_RALLYE-DU-COEUR-2025_AM.jpg\"\/><\/a><\/p>\n<p>\n                                14. Vincent Targe au volant d\u2019une rarissime automobile Avions Voisin C11 de 1928<\/p>\n<p><br style=\"clear: both\"\/><\/p>\n<p>                                <a href=\"https:\/\/www.europesays.com\/fr\/wp-content\/uploads\/2025\/06\/15-_RALLYE-DU-COEUR-2025_AM.jpg\" title=\"15. Rolls-Royce, Twenty, coup\u00e9 Doctor 1929 conduite par Bernard Lhuillier, secr\u00e9taire g\u00e9n\u00e9ral du Rolls Royce Bentley Club de Lyon\" data-rl_title=\"15. Rolls-Royce, Twenty, coup\u00e9 Doctor 1929 conduite par Bernard Lhuillier, secr\u00e9taire g\u00e9n\u00e9ral du Rolls Royce Bentley Club de Lyon\" class=\"rl-gallery-link\" data-rl_caption=\"\" data-rel=\"lightbox-gallery-bGlnaHRib3gtZ2FsbGVyeS0w\" data-rl_><img loading=\"lazy\" decoding=\"async\" width=\"900\" height=\"605\" src=\"data:image\/svg+xml,%3Csvg%20xmlns=\" http:=\"\" class=\"attachment-large size-large\" alt=\"\" aria-describedby=\"gallery--161089\" data-lazy- data-lazy- data-lazy-src=\"https:\/\/www.europesays.com\/fr\/wp-content\/uploads\/2025\/06\/15-_RALLYE-DU-COEUR-2025_AM.jpg\"\/><\/a><\/p>\n<p>\n                                15. Rolls-Royce, Twenty, coup\u00e9 Doctor 1929 conduite par Bernard Lhuillier, secr\u00e9taire g\u00e9n\u00e9ral du Rolls Royce Bentley Club de Lyon<\/p>\n<p>                                <a href=\"https:\/\/www.europesays.com\/fr\/wp-content\/uploads\/2025\/06\/16-_RALLYE-DU-COEUR-2025_AM.jpg\" title=\"16. Yannick B au volant de sa Bugatti 37 de 1929\" data-rl_title=\"16. Yannick B au volant de sa Bugatti 37 de 1929\" class=\"rl-gallery-link\" data-rl_caption=\"\" data-rel=\"lightbox-gallery-bGlnaHRib3gtZ2FsbGVyeS0w\" data-rl_><img loading=\"lazy\" decoding=\"async\" width=\"900\" height=\"599\" src=\"data:image\/svg+xml,%3Csvg%20xmlns=\" http:=\"\" class=\"attachment-large size-large\" alt=\"\" aria-describedby=\"gallery--161186\" data-lazy- data-lazy- data-lazy-src=\"https:\/\/www.europesays.com\/fr\/wp-content\/uploads\/2025\/06\/16-_RALLYE-DU-COEUR-2025_AM.jpg\"\/><\/a><\/p>\n<p>\n                                16. Yannick B au volant de sa Bugatti 37 de 1929<\/p>\n<p><br style=\"clear: both\"\/><\/p>\n<p>                                <a href=\"https:\/\/www.europesays.com\/fr\/wp-content\/uploads\/2025\/06\/17-_RALLYE-DU-COEUR-2025_AM.jpg\" title=\"17. Maxime Boutier en Jaguar XK 140 coup\u00e9 de 1956\" data-rl_title=\"17. Maxime Boutier en Jaguar XK 140 coup\u00e9 de 1956\" class=\"rl-gallery-link\" data-rl_caption=\"\" data-rel=\"lightbox-gallery-bGlnaHRib3gtZ2FsbGVyeS0w\" data-rl_><img loading=\"lazy\" decoding=\"async\" width=\"900\" height=\"612\" src=\"data:image\/svg+xml,%3Csvg%20xmlns=\" http:=\"\" class=\"attachment-large size-large\" alt=\"\" aria-describedby=\"gallery--161090\" data-lazy- data-lazy- data-lazy-src=\"https:\/\/www.europesays.com\/fr\/wp-content\/uploads\/2025\/06\/17-_RALLYE-DU-COEUR-2025_AM.jpg\"\/><\/a><\/p>\n<p>\n                                17. Maxime Boutier en Jaguar XK 140 coup\u00e9 de 1956<\/p>\n<p>                                <a href=\"https:\/\/www.europesays.com\/fr\/wp-content\/uploads\/2025\/06\/18-_RALLYE-DU-COEUR-2025_AM.jpg\" title=\"18. Jacques-Henri Laurent au volant d\u2019une Cadillac S\u00e9rie 62, convertible 1959\" data-rl_title=\"18. Jacques-Henri Laurent au volant d\u2019une Cadillac S\u00e9rie 62, convertible 1959\" class=\"rl-gallery-link\" data-rl_caption=\"\" data-rel=\"lightbox-gallery-bGlnaHRib3gtZ2FsbGVyeS0w\" data-rl_><img loading=\"lazy\" decoding=\"async\" width=\"900\" height=\"608\" src=\"data:image\/svg+xml,%3Csvg%20xmlns=\" http:=\"\" class=\"attachment-large size-large\" alt=\"\" aria-describedby=\"gallery--161187\" data-lazy- data-lazy- data-lazy-src=\"https:\/\/www.europesays.com\/fr\/wp-content\/uploads\/2025\/06\/18-_RALLYE-DU-COEUR-2025_AM.jpg\"\/><\/a><\/p>\n<p>\n                                18. Jacques-Henri Laurent au volant d\u2019une Cadillac S\u00e9rie 62, convertible 1959<\/p>\n<p><br style=\"clear: both\"\/><\/p>\n<p>                                <a href=\"https:\/\/www.europesays.com\/fr\/wp-content\/uploads\/2025\/06\/19-_RALLYE-DU-COEUR-2025_AM.jpg\" title=\"19. Sylvain Lysiak en AC COBRA 427 SC Aluminium CSX400 de 1965\" data-rl_title=\"19. Sylvain Lysiak en AC COBRA 427 SC Aluminium CSX400 de 1965\" class=\"rl-gallery-link\" data-rl_caption=\"\" data-rel=\"lightbox-gallery-bGlnaHRib3gtZ2FsbGVyeS0w\" data-rl_><img loading=\"lazy\" decoding=\"async\" width=\"900\" height=\"613\" src=\"data:image\/svg+xml,%3Csvg%20xmlns=\" http:=\"\" class=\"attachment-large size-large\" alt=\"\" aria-describedby=\"gallery--161091\" data-lazy- data-lazy- data-lazy-src=\"https:\/\/www.europesays.com\/fr\/wp-content\/uploads\/2025\/06\/19-_RALLYE-DU-COEUR-2025_AM.jpg\"\/><\/a><\/p>\n<p>\n                                19. Sylvain Lysiak en AC COBRA 427 SC Aluminium CSX400 de 1965<\/p>\n<p>                                <a href=\"https:\/\/www.europesays.com\/fr\/wp-content\/uploads\/2025\/06\/20-_RALLYE-DU-COEUR-2025_AM.jpg\" title=\"20. Jean-Michel Martin au volant d\u2019une Alfa Rom\u00e9o Giulia 1600ss de 1965\" data-rl_title=\"20. Jean-Michel Martin au volant d\u2019une Alfa Rom\u00e9o Giulia 1600ss de 1965\" class=\"rl-gallery-link\" data-rl_caption=\"\" data-rel=\"lightbox-gallery-bGlnaHRib3gtZ2FsbGVyeS0w\" data-rl_><img loading=\"lazy\" decoding=\"async\" width=\"900\" height=\"602\" src=\"data:image\/svg+xml,%3Csvg%20xmlns=\" http:=\"\" class=\"attachment-large size-large\" alt=\"\" aria-describedby=\"gallery--161188\" data-lazy- data-lazy- data-lazy-src=\"https:\/\/www.europesays.com\/fr\/wp-content\/uploads\/2025\/06\/20-_RALLYE-DU-COEUR-2025_AM.jpg\"\/><\/a><\/p>\n<p>\n                                20. Jean-Michel Martin au volant d\u2019une Alfa Rom\u00e9o Giulia 1600ss de 1965<\/p>\n<p><br style=\"clear: both\"\/><\/p>\n<p>                                <a href=\"https:\/\/www.europesays.com\/fr\/wp-content\/uploads\/2025\/06\/21-_RALLYE-DU-COEUR-2025_AM.jpg\" title=\"21. Andr\u00e9 Rossi \u00e0 bord d\u2019une Fiat Dino Spider de 1968\" data-rl_title=\"21. Andr\u00e9 Rossi \u00e0 bord d\u2019une Fiat Dino Spider de 1968\" class=\"rl-gallery-link\" data-rl_caption=\"\" data-rel=\"lightbox-gallery-bGlnaHRib3gtZ2FsbGVyeS0w\" data-rl_><img loading=\"lazy\" decoding=\"async\" width=\"900\" height=\"599\" src=\"data:image\/svg+xml,%3Csvg%20xmlns=\" http:=\"\" class=\"attachment-large size-large\" alt=\"\" aria-describedby=\"gallery--161189\" data-lazy- data-lazy- data-lazy-src=\"https:\/\/www.europesays.com\/fr\/wp-content\/uploads\/2025\/06\/21-_RALLYE-DU-COEUR-2025_AM.jpg\"\/><\/a><\/p>\n<p>\n                                21. Andr\u00e9 Rossi \u00e0 bord d\u2019une Fiat Dino Spider de 1968<\/p>\n<p>                                <a href=\"https:\/\/www.europesays.com\/fr\/wp-content\/uploads\/2025\/06\/22-_RALLYE-DU-COEUR-2025_AM.jpg\" title=\"22. Cyril Albrus en Dodge challenger RT de 1971\" data-rl_title=\"22. Cyril Albrus en Dodge challenger RT de 1971\" class=\"rl-gallery-link\" data-rl_caption=\"\" data-rel=\"lightbox-gallery-bGlnaHRib3gtZ2FsbGVyeS0w\" data-rl_><img loading=\"lazy\" decoding=\"async\" width=\"900\" height=\"599\" src=\"data:image\/svg+xml,%3Csvg%20xmlns=\" http:=\"\" class=\"attachment-large size-large\" alt=\"\" aria-describedby=\"gallery--161190\" data-lazy- data-lazy- data-lazy-src=\"https:\/\/www.europesays.com\/fr\/wp-content\/uploads\/2025\/06\/22-_RALLYE-DU-COEUR-2025_AM.jpg\"\/><\/a><\/p>\n<p>\n                                22. Cyril Albrus en Dodge challenger RT de 1971<\/p>\n<p><br style=\"clear: both\"\/><\/p>\n<p>                                <a href=\"https:\/\/www.europesays.com\/fr\/wp-content\/uploads\/2025\/06\/23-_RALLYE-DU-COEUR-2025_AM.jpg\" title=\"23. Alain Celle en Lancia Stratos de 1975\" data-rl_title=\"23. Alain Celle en Lancia Stratos de 1975\" class=\"rl-gallery-link\" data-rl_caption=\"\" data-rel=\"lightbox-gallery-bGlnaHRib3gtZ2FsbGVyeS0w\" data-rl_><img loading=\"lazy\" decoding=\"async\" width=\"900\" height=\"596\" src=\"data:image\/svg+xml,%3Csvg%20xmlns=\" http:=\"\" class=\"attachment-large size-large\" alt=\"\" aria-describedby=\"gallery--161092\" data-lazy- data-lazy- data-lazy-src=\"https:\/\/www.europesays.com\/fr\/wp-content\/uploads\/2025\/06\/23-_RALLYE-DU-COEUR-2025_AM.jpg\"\/><\/a><\/p>\n<p>\n                                23. Alain Celle en Lancia Stratos de 1975 <\/p>\n<p>                                <a href=\"https:\/\/www.europesays.com\/fr\/wp-content\/uploads\/2025\/06\/24-_RALLYE-DU-COEUR-2025_AM.jpg\" title=\"24. Eric Thomassey au volant d\u2019une Lamborghini, Urraco, P300 de 1977\" data-rl_title=\"24. Eric Thomassey au volant d\u2019une Lamborghini, Urraco, P300 de 1977\" class=\"rl-gallery-link\" data-rl_caption=\"\" data-rel=\"lightbox-gallery-bGlnaHRib3gtZ2FsbGVyeS0w\" data-rl_><img loading=\"lazy\" decoding=\"async\" width=\"900\" height=\"599\" src=\"data:image\/svg+xml,%3Csvg%20xmlns=\" http:=\"\" class=\"attachment-large size-large\" alt=\"\" aria-describedby=\"gallery--161191\" data-lazy- data-lazy- data-lazy-src=\"https:\/\/www.europesays.com\/fr\/wp-content\/uploads\/2025\/06\/24-_RALLYE-DU-COEUR-2025_AM.jpg\"\/><\/a><\/p>\n<p>\n                                24. Eric Thomassey au volant d\u2019une Lamborghini, Urraco, P300 de 1977<\/p>\n<p><br style=\"clear: both\"\/><\/p>\n<p>                                <a href=\"https:\/\/www.europesays.com\/fr\/wp-content\/uploads\/2025\/06\/25-_RALLYE-DU-COEUR-2025_AM.jpg\" title=\"25. Le commissaire-priseur Christophe Belleville en Ferrari 308 GTS de 1983\" data-rl_title=\"25. Le commissaire-priseur Christophe Belleville en Ferrari 308 GTS de 1983\" class=\"rl-gallery-link\" data-rl_caption=\"\" data-rel=\"lightbox-gallery-bGlnaHRib3gtZ2FsbGVyeS0w\" data-rl_><img loading=\"lazy\" decoding=\"async\" width=\"900\" height=\"599\" src=\"data:image\/svg+xml,%3Csvg%20xmlns=\" http:=\"\" class=\"attachment-large size-large\" alt=\"\" aria-describedby=\"gallery--161192\" data-lazy- data-lazy- data-lazy-src=\"https:\/\/www.europesays.com\/fr\/wp-content\/uploads\/2025\/06\/25-_RALLYE-DU-COEUR-2025_AM.jpg\"\/><\/a><\/p>\n<p>\n                                25. Le commissaire-priseur Christophe Belleville en Ferrari 308 GTS de 1983<\/p>\n<p>                                <a href=\"https:\/\/www.europesays.com\/fr\/wp-content\/uploads\/2025\/06\/26-_RALLYE-DU-COEUR-2025_AM.jpg\" title=\"26. Le performeur Raul Marchisio et sa Ferrari F40\" data-rl_title=\"26. Le performeur Raul Marchisio et sa Ferrari F40\" class=\"rl-gallery-link\" data-rl_caption=\"\" data-rel=\"lightbox-gallery-bGlnaHRib3gtZ2FsbGVyeS0w\" data-rl_><img loading=\"lazy\" decoding=\"async\" width=\"900\" height=\"593\" src=\"data:image\/svg+xml,%3Csvg%20xmlns=\" http:=\"\" class=\"attachment-large size-large\" alt=\"\" aria-describedby=\"gallery--161093\" data-lazy- data-lazy- data-lazy-src=\"https:\/\/www.europesays.com\/fr\/wp-content\/uploads\/2025\/06\/26-_RALLYE-DU-COEUR-2025_AM.jpg\"\/><\/a><\/p>\n<p>\n                                26. Le performeur Raul Marchisio et sa Ferrari F40<\/p>\n<p><br style=\"clear: both\"\/><\/p>\n<p>                                <a href=\"https:\/\/www.europesays.com\/fr\/wp-content\/uploads\/2025\/06\/27-_RALLYE-DU-COEUR-2025_AM.jpg\" title=\"27. Guillaume Michel en Alfa-Romeo, SZ de 1989\" data-rl_title=\"27. Guillaume Michel en Alfa-Romeo, SZ de 1989\" class=\"rl-gallery-link\" data-rl_caption=\"\" data-rel=\"lightbox-gallery-bGlnaHRib3gtZ2FsbGVyeS0w\" data-rl_><img loading=\"lazy\" decoding=\"async\" width=\"900\" height=\"586\" src=\"data:image\/svg+xml,%3Csvg%20xmlns=\" http:=\"\" class=\"attachment-large size-large\" alt=\"\" aria-describedby=\"gallery--161094\" data-lazy- data-lazy- data-lazy-src=\"https:\/\/www.europesays.com\/fr\/wp-content\/uploads\/2025\/06\/27-_RALLYE-DU-COEUR-2025_AM.jpg\"\/><\/a><\/p>\n<p>\n                                27. Guillaume Michel en Alfa-Romeo, SZ de 1989<\/p>\n<p>                                <a href=\"https:\/\/www.europesays.com\/fr\/wp-content\/uploads\/2025\/06\/28-_RALLYE-DU-COEUR-2025_AM.jpg\" title=\"28. Anne-Sophie Veroone, en Mini Asutin Cabriolet de 1993, avec Lorely\" data-rl_title=\"28. Anne-Sophie Veroone, en Mini Asutin Cabriolet de 1993, avec Lorely\" class=\"rl-gallery-link\" data-rl_caption=\"\" data-rel=\"lightbox-gallery-bGlnaHRib3gtZ2FsbGVyeS0w\" data-rl_><img loading=\"lazy\" decoding=\"async\" width=\"900\" height=\"598\" src=\"data:image\/svg+xml,%3Csvg%20xmlns=\" http:=\"\" class=\"attachment-large size-large\" alt=\"\" aria-describedby=\"gallery--161095\" data-lazy- data-lazy- data-lazy-src=\"https:\/\/www.europesays.com\/fr\/wp-content\/uploads\/2025\/06\/28-_RALLYE-DU-COEUR-2025_AM.jpg\"\/><\/a><\/p>\n<p>\n                                28. Anne-Sophie Veroone, en Mini Asutin Cabriolet de 1993, avec Lorely <\/p>\n<p><br style=\"clear: both\"\/><\/p>\n<p>                                <a href=\"https:\/\/www.europesays.com\/fr\/wp-content\/uploads\/2025\/06\/29-_RALLYE-DU-COEUR-2025_AM.jpg\" title=\"29. St\u00e9phane Cuttat au volant d\u2019une Lamborghini, Aventador, de 2013\" data-rl_title=\"29. St\u00e9phane Cuttat au volant d\u2019une Lamborghini, Aventador, de 2013\" class=\"rl-gallery-link\" data-rl_caption=\"\" data-rel=\"lightbox-gallery-bGlnaHRib3gtZ2FsbGVyeS0w\" data-rl_><img loading=\"lazy\" decoding=\"async\" width=\"900\" height=\"610\" src=\"data:image\/svg+xml,%3Csvg%20xmlns=\" http:=\"\" class=\"attachment-large size-large\" alt=\"\" aria-describedby=\"gallery--161193\" data-lazy- data-lazy- data-lazy-src=\"https:\/\/www.europesays.com\/fr\/wp-content\/uploads\/2025\/06\/29-_RALLYE-DU-COEUR-2025_AM.jpg\"\/><\/a><\/p>\n<p>\n                                29. St\u00e9phane Cuttat au volant d\u2019une Lamborghini, Aventador, de 2013<\/p>\n<p>                                <a href=\"https:\/\/www.europesays.com\/fr\/wp-content\/uploads\/2025\/06\/30-_RALLYE-DU-COEUR-2025_AM.jpg\" title=\"30. Patrick Bergia en Mc Laren 720s de 2018\" data-rl_title=\"30. Patrick Bergia en Mc Laren 720s de 2018\" class=\"rl-gallery-link\" data-rl_caption=\"\" data-rel=\"lightbox-gallery-bGlnaHRib3gtZ2FsbGVyeS0w\" data-rl_><img loading=\"lazy\" decoding=\"async\" width=\"900\" height=\"616\" src=\"data:image\/svg+xml,%3Csvg%20xmlns=\" http:=\"\" class=\"attachment-large size-large\" alt=\"\" aria-describedby=\"gallery--161096\" data-lazy- data-lazy- data-lazy-src=\"https:\/\/www.europesays.com\/fr\/wp-content\/uploads\/2025\/06\/30-_RALLYE-DU-COEUR-2025_AM.jpg\"\/><\/a><\/p>\n<p>\n                                30. Patrick Bergia en Mc Laren 720s de 2018<\/p>\n<p><br style=\"clear: both\"\/><\/p>\n<p>                                <a href=\"https:\/\/www.europesays.com\/fr\/wp-content\/uploads\/2025\/06\/31-_RALLYE-DU-COEUR-2025_AM.jpg\" title=\"31. Corentin Parsa \u00e0 bord d\u2019une Lamborghini Huracan STO de 2021\" data-rl_title=\"31. Corentin Parsa \u00e0 bord d\u2019une Lamborghini Huracan STO de 2021\" class=\"rl-gallery-link\" data-rl_caption=\"\" data-rel=\"lightbox-gallery-bGlnaHRib3gtZ2FsbGVyeS0w\" data-rl_><img loading=\"lazy\" decoding=\"async\" width=\"900\" height=\"558\" src=\"data:image\/svg+xml,%3Csvg%20xmlns=\" http:=\"\" class=\"attachment-large size-large\" alt=\"\" aria-describedby=\"gallery--161097\" data-lazy- data-lazy- data-lazy-src=\"https:\/\/www.europesays.com\/fr\/wp-content\/uploads\/2025\/06\/31-_RALLYE-DU-COEUR-2025_AM.jpg\"\/><\/a><\/p>\n<p>\n                                31. Corentin Parsa \u00e0 bord d\u2019une Lamborghini Huracan STO de 2021<\/p>\n<p>                                <a href=\"https:\/\/www.europesays.com\/fr\/wp-content\/uploads\/2025\/06\/32-_RALLYE-DU-COEUR-2025_AM.jpg\" title=\"32. Michel Goutorbe en Aston-Martin DBS Superleggerra Volante de 2021\" data-rl_title=\"32. Michel Goutorbe en Aston-Martin DBS Superleggerra Volante de 2021\" class=\"rl-gallery-link\" data-rl_caption=\"\" data-rel=\"lightbox-gallery-bGlnaHRib3gtZ2FsbGVyeS0w\" data-rl_><img loading=\"lazy\" decoding=\"async\" width=\"900\" height=\"594\" src=\"data:image\/svg+xml,%3Csvg%20xmlns=\" http:=\"\" class=\"attachment-large size-large\" alt=\"\" aria-describedby=\"gallery--161194\" data-lazy- data-lazy- data-lazy-src=\"https:\/\/www.europesays.com\/fr\/wp-content\/uploads\/2025\/06\/32-_RALLYE-DU-COEUR-2025_AM.jpg\"\/><\/a><\/p>\n<p>\n                                32. Michel Goutorbe en Aston-Martin DBS Superleggerra Volante de 2021<\/p>\n<p><br style=\"clear: both\"\/><\/p>\n<p>                                <a href=\"https:\/\/www.europesays.com\/fr\/wp-content\/uploads\/2025\/06\/33-_RALLYE-DU-COEUR-2025_AM.jpg\" title=\"33. Baudoin Saint Olive, pr\u00e9sident du cercle de l\u2019union au volant d\u2019une Ferrari F12 tour de France, avec Nah\u00e9\" data-rl_title=\"33. Baudoin Saint Olive, pr\u00e9sident du cercle de l\u2019union au volant d\u2019une Ferrari F12 tour de France, avec Nah\u00e9\" class=\"rl-gallery-link\" data-rl_caption=\"\" data-rel=\"lightbox-gallery-bGlnaHRib3gtZ2FsbGVyeS0w\" data-rl_><img loading=\"lazy\" decoding=\"async\" width=\"900\" height=\"579\" src=\"data:image\/svg+xml,%3Csvg%20xmlns=\" http:=\"\" class=\"attachment-large size-large\" alt=\"\" aria-describedby=\"gallery--161098\" data-lazy- data-lazy- data-lazy-src=\"https:\/\/www.europesays.com\/fr\/wp-content\/uploads\/2025\/06\/33-_RALLYE-DU-COEUR-2025_AM.jpg\"\/><\/a><\/p>\n<p>\n                                33. Baudoin Saint Olive, pr\u00e9sident du cercle de l\u2019union au volant d\u2019une Ferrari F12 tour de France, avec Nah\u00e9<\/p>\n<p>                                <a href=\"https:\/\/www.europesays.com\/fr\/wp-content\/uploads\/2025\/06\/34-_RALLYE-DU-COEUR-2025_AM.jpg\" title=\"34. Alpine Store Villefranche pr\u00e9sente une rarissime Alpine A110R Le Mans de 2024\" data-rl_title=\"34. Alpine Store Villefranche pr\u00e9sente une rarissime Alpine A110R Le Mans de 2024\" class=\"rl-gallery-link\" data-rl_caption=\"\" data-rel=\"lightbox-gallery-bGlnaHRib3gtZ2FsbGVyeS0w\" data-rl_><img loading=\"lazy\" decoding=\"async\" width=\"900\" height=\"619\" src=\"data:image\/svg+xml,%3Csvg%20xmlns=\" http:=\"\" class=\"attachment-large size-large\" alt=\"\" aria-describedby=\"gallery--161099\" data-lazy- data-lazy- data-lazy-src=\"https:\/\/www.europesays.com\/fr\/wp-content\/uploads\/2025\/06\/34-_RALLYE-DU-COEUR-2025_AM.jpg\"\/><\/a><\/p>\n<p>\n                                34. Alpine Store Villefranche pr\u00e9sente une rarissime Alpine A110R Le Mans de 2024<\/p>\n<p><br style=\"clear: both\"\/><\/p>\n<p>                                <a href=\"https:\/\/www.europesays.com\/fr\/wp-content\/uploads\/2025\/06\/35-_RALLYE-DU-COEUR-2025_AM.jpg\" title=\"35. Marco Polisson, r\u00e9dacteur en chef de Lyon People, et Franck Denoyel, coordinateur g\u00e9n\u00e9ral Rallye du C\u0153ur 69\" data-rl_title=\"35. Marco Polisson, r\u00e9dacteur en chef de Lyon People, et Franck Denoyel, coordinateur g\u00e9n\u00e9ral Rallye du C\u0153ur 69\" class=\"rl-gallery-link\" data-rl_caption=\"\" data-rel=\"lightbox-gallery-bGlnaHRib3gtZ2FsbGVyeS0w\" data-rl_><img loading=\"lazy\" decoding=\"async\" width=\"900\" height=\"599\" src=\"data:image\/svg+xml,%3Csvg%20xmlns=\" http:=\"\" class=\"attachment-large size-large\" alt=\"\" aria-describedby=\"gallery--161100\" data-lazy- data-lazy- data-lazy-src=\"https:\/\/www.europesays.com\/fr\/wp-content\/uploads\/2025\/06\/35-_RALLYE-DU-COEUR-2025_AM.jpg\"\/><\/a><\/p>\n<p>\n                                35. Marco Polisson, r\u00e9dacteur en chef de Lyon People, et Franck Denoyel, coordinateur g\u00e9n\u00e9ral Rallye du C\u0153ur 69<\/p>\n<p>                                <a href=\"https:\/\/www.europesays.com\/fr\/wp-content\/uploads\/2025\/06\/36-_RALLYE-DU-COEUR-2025_AM.jpg\" title=\"36. L\u2019\u00e9quipe collector Cars Auction avec Jade et la Porsche de Johnny Hallyday.\" data-rl_title=\"36. L\u2019\u00e9quipe collector Cars Auction avec Jade et la Porsche de Johnny Hallyday.\" class=\"rl-gallery-link\" data-rl_caption=\"\" data-rel=\"lightbox-gallery-bGlnaHRib3gtZ2FsbGVyeS0w\" data-rl_><img loading=\"lazy\" decoding=\"async\" width=\"900\" height=\"619\" src=\"data:image\/svg+xml,%3Csvg%20xmlns=\" http:=\"\" class=\"attachment-large size-large\" alt=\"\" aria-describedby=\"gallery--161101\" data-lazy- data-lazy- data-lazy-src=\"https:\/\/www.europesays.com\/fr\/wp-content\/uploads\/2025\/06\/36-_RALLYE-DU-COEUR-2025_AM.jpg\"\/><\/a><\/p>\n<p>\n                                36. L\u2019\u00e9quipe collector Cars Auction avec Jade et la Porsche de Johnny Hallyday.<\/p>\n<p><br style=\"clear: both\"\/><\/p>\n<p>                                <a href=\"https:\/\/www.europesays.com\/fr\/wp-content\/uploads\/2025\/06\/37-_RALLYE-DU-COEUR-2025_AM.jpg\" title=\"37. Tony Parker (Infinity Nine Group), Marco Polisson (Lyon People) et Romeo Moulard.\" data-rl_title=\"37. Tony Parker (Infinity Nine Group), Marco Polisson (Lyon People) et Romeo Moulard.\" class=\"rl-gallery-link\" data-rl_caption=\"\" data-rel=\"lightbox-gallery-bGlnaHRib3gtZ2FsbGVyeS0w\" data-rl_><img loading=\"lazy\" decoding=\"async\" width=\"900\" height=\"599\" src=\"data:image\/svg+xml,%3Csvg%20xmlns=\" http:=\"\" class=\"attachment-large size-large\" alt=\"\" aria-describedby=\"gallery--161195\" data-lazy- data-lazy- data-lazy-src=\"https:\/\/www.europesays.com\/fr\/wp-content\/uploads\/2025\/06\/37-_RALLYE-DU-COEUR-2025_AM.jpg\"\/><\/a><\/p>\n<p>\n                                37. Tony Parker (Infinity Nine Group), Marco Polisson (Lyon People) et Romeo Moulard.<\/p>\n<p>                                <a href=\"https:\/\/www.europesays.com\/fr\/wp-content\/uploads\/2025\/06\/38-_RALLYE-DU-COEUR-2025_AM.jpg\" title=\"38. Marco Polisson (Lyon People) entour\u00e9 des membres du Rolls Royce Bentley Club de Lyon\" data-rl_title=\"38. Marco Polisson (Lyon People) entour\u00e9 des membres du Rolls Royce Bentley Club de Lyon\" class=\"rl-gallery-link\" data-rl_caption=\"\" data-rel=\"lightbox-gallery-bGlnaHRib3gtZ2FsbGVyeS0w\" data-rl_><img loading=\"lazy\" decoding=\"async\" width=\"900\" height=\"599\" src=\"data:image\/svg+xml,%3Csvg%20xmlns=\" http:=\"\" class=\"attachment-large size-large\" alt=\"\" aria-describedby=\"gallery--161102\" data-lazy- data-lazy- data-lazy-src=\"https:\/\/www.europesays.com\/fr\/wp-content\/uploads\/2025\/06\/38-_RALLYE-DU-COEUR-2025_AM.jpg\"\/><\/a><\/p>\n<p>\n                                38. Marco Polisson (Lyon People) entour\u00e9 des membres du Rolls Royce Bentley Club de Lyon<\/p>\n<p><br style=\"clear: both\"\/><\/p>\n<p>                                <a href=\"https:\/\/www.europesays.com\/fr\/wp-content\/uploads\/2025\/06\/39-_RALLYE-DU-COEUR-2025_AM.jpg\" title=\"39. B\u00e9atrice de Montille, conseill\u00e8re municipale de Lyon et son mari Arnaud de Montille (Merci Maman)\" data-rl_title=\"39. B\u00e9atrice de Montille, conseill\u00e8re municipale de Lyon et son mari Arnaud de Montille (Merci Maman)\" class=\"rl-gallery-link\" data-rl_caption=\"\" data-rel=\"lightbox-gallery-bGlnaHRib3gtZ2FsbGVyeS0w\" data-rl_><img loading=\"lazy\" decoding=\"async\" width=\"900\" height=\"599\" src=\"data:image\/svg+xml,%3Csvg%20xmlns=\" http:=\"\" class=\"attachment-large size-large\" alt=\"\" aria-describedby=\"gallery--161103\" data-lazy- data-lazy- data-lazy-src=\"https:\/\/www.europesays.com\/fr\/wp-content\/uploads\/2025\/06\/39-_RALLYE-DU-COEUR-2025_AM.jpg\"\/><\/a><\/p>\n<p>\n                                39. B\u00e9atrice de Montille, conseill\u00e8re municipale de Lyon et son mari Arnaud de Montille (Merci Maman)<\/p>\n<p>                                <a href=\"https:\/\/www.europesays.com\/fr\/wp-content\/uploads\/2025\/06\/40-_RALLYE-DU-COEUR-2025_AM.jpg\" title=\"40. Sur le podium, Franck Denoyel, coordinateur g\u00e9n\u00e9ral Rallye du C\u0153ur 69 et les trois co\u00e9quipiers Drive and Smile\" data-rl_title=\"40. Sur le podium, Franck Denoyel, coordinateur g\u00e9n\u00e9ral Rallye du C\u0153ur 69 et les trois co\u00e9quipiers Drive and Smile\" class=\"rl-gallery-link\" data-rl_caption=\"\" data-rel=\"lightbox-gallery-bGlnaHRib3gtZ2FsbGVyeS0w\" data-rl_><img loading=\"lazy\" decoding=\"async\" width=\"900\" height=\"661\" src=\"data:image\/svg+xml,%3Csvg%20xmlns=\" http:=\"\" class=\"attachment-large size-large\" alt=\"\" aria-describedby=\"gallery--161104\" data-lazy- data-lazy- data-lazy-src=\"https:\/\/www.europesays.com\/fr\/wp-content\/uploads\/2025\/06\/40-_RALLYE-DU-COEUR-2025_AM.jpg\"\/><\/a><\/p>\n<p>\n                                40. Sur le podium, Franck Denoyel, coordinateur g\u00e9n\u00e9ral Rallye du C\u0153ur 69 et les trois co\u00e9quipiers Drive and Smile<\/p>\n<p><br style=\"clear: both\"\/><\/p>\n<p>                                <a href=\"https:\/\/www.europesays.com\/fr\/wp-content\/uploads\/2025\/06\/41-_RALLYE-DU-COEUR-2025_AM.jpg\" title=\"41. Rallye du c\u0153ur 69 : Florian Sermet, Henri Chevallier-Chantepie et Franck Denoyel, coordinateur g\u00e9n\u00e9ral\" data-rl_title=\"41. Rallye du c\u0153ur 69 : Florian Sermet, Henri Chevallier-Chantepie et Franck Denoyel, coordinateur g\u00e9n\u00e9ral\" class=\"rl-gallery-link\" data-rl_caption=\"\" data-rel=\"lightbox-gallery-bGlnaHRib3gtZ2FsbGVyeS0w\" data-rl_><img loading=\"lazy\" decoding=\"async\" width=\"900\" height=\"656\" src=\"data:image\/svg+xml,%3Csvg%20xmlns=\" http:=\"\" class=\"attachment-large size-large\" alt=\"\" aria-describedby=\"gallery--161105\" data-lazy- data-lazy- data-lazy-src=\"https:\/\/www.europesays.com\/fr\/wp-content\/uploads\/2025\/06\/41-_RALLYE-DU-COEUR-2025_AM.jpg\"\/><\/a><\/p>\n<p>\n                                41. Rallye du c\u0153ur 69 : Florian Sermet, Henri Chevallier-Chantepie et Franck Denoyel, coordinateur g\u00e9n\u00e9ral <\/p>\n<p>                                <a href=\"https:\/\/www.europesays.com\/fr\/wp-content\/uploads\/2025\/06\/42-_RALLYE-DU-COEUR-2025_AM.jpg\" title=\"42. L\u2019\u00e9quipage Slusarek en Morgan Plus 8.\" data-rl_title=\"42. L\u2019\u00e9quipage Slusarek en Morgan Plus 8.\" class=\"rl-gallery-link\" data-rl_caption=\"\" data-rel=\"lightbox-gallery-bGlnaHRib3gtZ2FsbGVyeS0w\" data-rl_><img loading=\"lazy\" decoding=\"async\" width=\"900\" height=\"599\" src=\"data:image\/svg+xml,%3Csvg%20xmlns=\" http:=\"\" class=\"attachment-large size-large\" alt=\"\" aria-describedby=\"gallery--161106\" data-lazy- data-lazy- data-lazy-src=\"https:\/\/www.europesays.com\/fr\/wp-content\/uploads\/2025\/06\/42-_RALLYE-DU-COEUR-2025_AM.jpg\"\/><\/a><\/p>\n<p>\n                                42. L\u2019\u00e9quipage Slusarek en Morgan Plus 8.<\/p>\n<p><br style=\"clear: both\"\/><\/p>\n<p>                                <a href=\"https:\/\/www.europesays.com\/fr\/wp-content\/uploads\/2025\/06\/43-_RALLYE-DU-COEUR-2025_AM.jpg\" title=\"43. Jo\u00ebl Pistre et son \u00e9quipier Lucas en Lotus Elise.\" data-rl_title=\"43. Jo\u00ebl Pistre et son \u00e9quipier Lucas en Lotus Elise.\" class=\"rl-gallery-link\" data-rl_caption=\"\" data-rel=\"lightbox-gallery-bGlnaHRib3gtZ2FsbGVyeS0w\" data-rl_><img loading=\"lazy\" decoding=\"async\" width=\"900\" height=\"599\" src=\"data:image\/svg+xml,%3Csvg%20xmlns=\" http:=\"\" class=\"attachment-large size-large\" alt=\"\" aria-describedby=\"gallery--161107\" data-lazy- data-lazy- data-lazy-src=\"https:\/\/www.europesays.com\/fr\/wp-content\/uploads\/2025\/06\/43-_RALLYE-DU-COEUR-2025_AM.jpg\"\/><\/a><\/p>\n<p>\n                                43. Jo\u00ebl Pistre et son \u00e9quipier Lucas en Lotus Elise.<\/p>\n<p>                                <a href=\"https:\/\/www.europesays.com\/fr\/wp-content\/uploads\/2025\/06\/44-_RALLYE-DU-COEUR-2025_AM.jpg\" title=\"44. Matis entour\u00e9 de l\u2019\u00e9quipe 12 de Thierry Loisel en Buggy LMX VW.\" data-rl_title=\"44. Matis entour\u00e9 de l\u2019\u00e9quipe 12 de Thierry Loisel en Buggy LMX VW.\" class=\"rl-gallery-link\" data-rl_caption=\"\" data-rel=\"lightbox-gallery-bGlnaHRib3gtZ2FsbGVyeS0w\" data-rl_><img loading=\"lazy\" decoding=\"async\" width=\"900\" height=\"599\" src=\"data:image\/svg+xml,%3Csvg%20xmlns=\" http:=\"\" class=\"attachment-large size-large\" alt=\"\" aria-describedby=\"gallery--161108\" data-lazy- data-lazy- data-lazy-src=\"https:\/\/www.europesays.com\/fr\/wp-content\/uploads\/2025\/06\/44-_RALLYE-DU-COEUR-2025_AM.jpg\"\/><\/a><\/p>\n<p>\n                                44. Matis entour\u00e9 de l\u2019\u00e9quipe 12 de Thierry Loisel en Buggy LMX VW.<\/p>\n<p><br style=\"clear: both\"\/><\/p>\n<p>                                <a href=\"https:\/\/www.europesays.com\/fr\/wp-content\/uploads\/2025\/06\/45-_RALLYE-DU-COEUR-2025_AM.jpg\" title=\"45. Igor Scheibli et son \u00e9quipier \u00e0 bord d\u2019une Fiat Abarth Spider.\" data-rl_title=\"45. Igor Scheibli et son \u00e9quipier \u00e0 bord d\u2019une Fiat Abarth Spider.\" class=\"rl-gallery-link\" data-rl_caption=\"\" data-rel=\"lightbox-gallery-bGlnaHRib3gtZ2FsbGVyeS0w\" data-rl_><img loading=\"lazy\" decoding=\"async\" width=\"900\" height=\"599\" src=\"data:image\/svg+xml,%3Csvg%20xmlns=\" http:=\"\" class=\"attachment-large size-large\" alt=\"\" aria-describedby=\"gallery--161109\" data-lazy- data-lazy- data-lazy-src=\"https:\/\/www.europesays.com\/fr\/wp-content\/uploads\/2025\/06\/45-_RALLYE-DU-COEUR-2025_AM.jpg\"\/><\/a><\/p>\n<p>\n                                45. Igor Scheibli et son \u00e9quipier \u00e0 bord d\u2019une Fiat Abarth Spider.<\/p>\n<p>                                <a href=\"https:\/\/www.europesays.com\/fr\/wp-content\/uploads\/2025\/06\/46-_RALLYE-DU-COEUR-2025_AM.jpg\" title=\"46. C\u00e9cile \u00e0 bord de la Porsche 911 Carrera s de G\u00e9raud Gonzalez.\" data-rl_title=\"46. C\u00e9cile \u00e0 bord de la Porsche 911 Carrera s de G\u00e9raud Gonzalez.\" class=\"rl-gallery-link\" data-rl_caption=\"\" data-rel=\"lightbox-gallery-bGlnaHRib3gtZ2FsbGVyeS0w\" data-rl_><img loading=\"lazy\" decoding=\"async\" width=\"900\" height=\"599\" src=\"data:image\/svg+xml,%3Csvg%20xmlns=\" http:=\"\" class=\"attachment-large size-large\" alt=\"\" aria-describedby=\"gallery--161110\" data-lazy- data-lazy- data-lazy-src=\"https:\/\/www.europesays.com\/fr\/wp-content\/uploads\/2025\/06\/46-_RALLYE-DU-COEUR-2025_AM.jpg\"\/><\/a><\/p>\n<p>\n                                46. C\u00e9cile \u00e0 bord de la Porsche 911 Carrera s de G\u00e9raud Gonzalez.<\/p>\n<p><br style=\"clear: both\"\/><\/p>\n<p>                                <a href=\"https:\/\/www.europesays.com\/fr\/wp-content\/uploads\/2025\/06\/47-_RALLYE-DU-COEUR-2025_AM.jpg\" title=\"47. Fabrice Maitrot et ses petits passagers en Ferrari California.\" data-rl_title=\"47. Fabrice Maitrot et ses petits passagers en Ferrari California.\" class=\"rl-gallery-link\" data-rl_caption=\"\" data-rel=\"lightbox-gallery-bGlnaHRib3gtZ2FsbGVyeS0w\" data-rl_><img loading=\"lazy\" decoding=\"async\" width=\"900\" height=\"599\" src=\"data:image\/svg+xml,%3Csvg%20xmlns=\" http:=\"\" class=\"attachment-large size-large\" alt=\"\" aria-describedby=\"gallery--161111\" data-lazy- data-lazy- data-lazy-src=\"https:\/\/www.europesays.com\/fr\/wp-content\/uploads\/2025\/06\/47-_RALLYE-DU-COEUR-2025_AM.jpg\"\/><\/a><\/p>\n<p>\n                                47. Fabrice Maitrot et ses petits passagers en Ferrari California.<\/p>\n<p>                                <a href=\"https:\/\/www.europesays.com\/fr\/wp-content\/uploads\/2025\/06\/48-_RALLYE-DU-COEUR-2025_AM.jpg\" title=\"48. Lucas \u00e0 bord de l\u2019AC Cobra Autocraft d\u2019Olivier Goudard\" data-rl_title=\"48. Lucas \u00e0 bord de l\u2019AC Cobra Autocraft d\u2019Olivier Goudard\" class=\"rl-gallery-link\" data-rl_caption=\"\" data-rel=\"lightbox-gallery-bGlnaHRib3gtZ2FsbGVyeS0w\" data-rl_><img loading=\"lazy\" decoding=\"async\" width=\"900\" height=\"599\" src=\"data:image\/svg+xml,%3Csvg%20xmlns=\" http:=\"\" class=\"attachment-large size-large\" alt=\"\" aria-describedby=\"gallery--161112\" data-lazy- data-lazy- data-lazy-src=\"https:\/\/www.europesays.com\/fr\/wp-content\/uploads\/2025\/06\/48-_RALLYE-DU-COEUR-2025_AM.jpg\"\/><\/a><\/p>\n<p>\n                                48. Lucas \u00e0 bord de l\u2019AC Cobra Autocraft d\u2019Olivier Goudard<\/p>\n<p><br style=\"clear: both\"\/><\/p>\n<p>                                <a href=\"https:\/\/www.europesays.com\/fr\/wp-content\/uploads\/2025\/06\/49-_RALLYE-DU-COEUR-2025_AM.jpg\" title=\"49. Thomas Poncet \u00e0 bord de sa Lancia Fulvia avec sa petite passag\u00e8re\" data-rl_title=\"49. Thomas Poncet \u00e0 bord de sa Lancia Fulvia avec sa petite passag\u00e8re\" class=\"rl-gallery-link\" data-rl_caption=\"\" data-rel=\"lightbox-gallery-bGlnaHRib3gtZ2FsbGVyeS0w\" data-rl_><img loading=\"lazy\" decoding=\"async\" width=\"900\" height=\"599\" src=\"data:image\/svg+xml,%3Csvg%20xmlns=\" http:=\"\" class=\"attachment-large size-large\" alt=\"\" aria-describedby=\"gallery--161113\" data-lazy- data-lazy- data-lazy-src=\"https:\/\/www.europesays.com\/fr\/wp-content\/uploads\/2025\/06\/49-_RALLYE-DU-COEUR-2025_AM.jpg\"\/><\/a><\/p>\n<p>\n                                49. Thomas Poncet \u00e0 bord de sa Lancia Fulvia avec sa petite passag\u00e8re<\/p>\n<p>                                <a href=\"https:\/\/www.europesays.com\/fr\/wp-content\/uploads\/2025\/06\/50-_RALLYE-DU-COEUR-2025_AM.jpg\" title=\"50. Nicolas Guilland et sa passag\u00e8re \u00e0 bord de sa Caterham 1700 Super\" data-rl_title=\"50. Nicolas Guilland et sa passag\u00e8re \u00e0 bord de sa Caterham 1700 Super\" class=\"rl-gallery-link\" data-rl_caption=\"\" data-rel=\"lightbox-gallery-bGlnaHRib3gtZ2FsbGVyeS0w\" data-rl_><img loading=\"lazy\" decoding=\"async\" width=\"900\" height=\"599\" src=\"data:image\/svg+xml,%3Csvg%20xmlns=\" http:=\"\" class=\"attachment-large size-large\" alt=\"\" aria-describedby=\"gallery--161114\" data-lazy- data-lazy- data-lazy-src=\"https:\/\/www.europesays.com\/fr\/wp-content\/uploads\/2025\/06\/50-_RALLYE-DU-COEUR-2025_AM.jpg\"\/><\/a><\/p>\n<p>\n                                50. Nicolas Guilland et sa passag\u00e8re \u00e0 bord de sa Caterham 1700 Super<\/p>\n<p><br style=\"clear: both\"\/><\/p>\n<p>                                <a href=\"https:\/\/www.europesays.com\/fr\/wp-content\/uploads\/2025\/06\/51-_RALLYE-DU-COEUR-2025_AM.jpg\" title=\"51. Alain Dubois et sa passag\u00e8re en Chevrolet Camaro\" data-rl_title=\"51. Alain Dubois et sa passag\u00e8re en Chevrolet Camaro\" class=\"rl-gallery-link\" data-rl_caption=\"\" data-rel=\"lightbox-gallery-bGlnaHRib3gtZ2FsbGVyeS0w\" data-rl_><img loading=\"lazy\" decoding=\"async\" width=\"900\" height=\"599\" src=\"data:image\/svg+xml,%3Csvg%20xmlns=\" http:=\"\" class=\"attachment-large size-large\" alt=\"\" aria-describedby=\"gallery--161115\" data-lazy- data-lazy- data-lazy-src=\"https:\/\/www.europesays.com\/fr\/wp-content\/uploads\/2025\/06\/51-_RALLYE-DU-COEUR-2025_AM.jpg\"\/><\/a><\/p>\n<p>\n                                51. Alain Dubois et sa passag\u00e8re en Chevrolet Camaro<\/p>\n<p>                                <a href=\"https:\/\/www.europesays.com\/fr\/wp-content\/uploads\/2025\/06\/52-_RALLYE-DU-COEUR-2025_AM.jpg\" title=\"52. Emma Perriaud et son passager\" data-rl_title=\"52. Emma Perriaud et son passager\" class=\"rl-gallery-link\" data-rl_caption=\"\" data-rel=\"lightbox-gallery-bGlnaHRib3gtZ2FsbGVyeS0w\" data-rl_><img loading=\"lazy\" decoding=\"async\" width=\"900\" height=\"629\" src=\"data:image\/svg+xml,%3Csvg%20xmlns=\" http:=\"\" class=\"attachment-large size-large\" alt=\"\" aria-describedby=\"gallery--161116\" data-lazy- data-lazy- data-lazy-src=\"https:\/\/www.europesays.com\/fr\/wp-content\/uploads\/2025\/06\/52-_RALLYE-DU-COEUR-2025_AM.jpg\"\/><\/a><\/p>\n<p>\n                                52. Emma Perriaud et son passager<\/p>\n<p><br style=\"clear: both\"\/><\/p>\n<p>                                <a href=\"https:\/\/www.europesays.com\/fr\/wp-content\/uploads\/2025\/06\/53-_RALLYE-DU-COEUR-2025_AM.jpg\" title=\"53. Shoshana \u00e0 bord de la Lotus Elise de Joel Pistre\" data-rl_title=\"53. Shoshana \u00e0 bord de la Lotus Elise de Joel Pistre\" class=\"rl-gallery-link\" data-rl_caption=\"\" data-rel=\"lightbox-gallery-bGlnaHRib3gtZ2FsbGVyeS0w\" data-rl_><img loading=\"lazy\" decoding=\"async\" width=\"900\" height=\"599\" src=\"data:image\/svg+xml,%3Csvg%20xmlns=\" http:=\"\" class=\"attachment-large size-large\" alt=\"\" aria-describedby=\"gallery--161117\" data-lazy- data-lazy- data-lazy-src=\"https:\/\/www.europesays.com\/fr\/wp-content\/uploads\/2025\/06\/53-_RALLYE-DU-COEUR-2025_AM.jpg\"\/><\/a><\/p>\n<p>\n                                53. Shoshana \u00e0 bord de la Lotus Elise de Joel Pistre<\/p>\n<p>                                <a href=\"https:\/\/www.europesays.com\/fr\/wp-content\/uploads\/2025\/06\/54-_RALLYE-DU-COEUR-2025_AM.jpg\" title=\"54. Dominique Desgoutte en Triumph TR4\" data-rl_title=\"54. Dominique Desgoutte en Triumph TR4\" class=\"rl-gallery-link\" data-rl_caption=\"\" data-rel=\"lightbox-gallery-bGlnaHRib3gtZ2FsbGVyeS0w\" data-rl_><img loading=\"lazy\" decoding=\"async\" width=\"900\" height=\"599\" src=\"data:image\/svg+xml,%3Csvg%20xmlns=\" http:=\"\" class=\"attachment-large size-large\" alt=\"\" aria-describedby=\"gallery--161118\" data-lazy- data-lazy- data-lazy-src=\"https:\/\/www.europesays.com\/fr\/wp-content\/uploads\/2025\/06\/54-_RALLYE-DU-COEUR-2025_AM.jpg\"\/><\/a><\/p>\n<p>\n                                54. Dominique Desgoutte en Triumph TR4<\/p>\n<p><br style=\"clear: both\"\/><\/p>\n<p>                                <a href=\"https:\/\/www.europesays.com\/fr\/wp-content\/uploads\/2025\/06\/55-_RALLYE-DU-COEUR-2025_AM.jpg\" title=\"55. La s\u0153ur de Malo et Fr\u00e9d\u00e9ric Chambat \u00e0 bord de sa Caterham\" data-rl_title=\"55. La s\u0153ur de Malo et Fr\u00e9d\u00e9ric Chambat \u00e0 bord de sa Caterham\" class=\"rl-gallery-link\" data-rl_caption=\"\" data-rel=\"lightbox-gallery-bGlnaHRib3gtZ2FsbGVyeS0w\" data-rl_><img loading=\"lazy\" decoding=\"async\" width=\"900\" height=\"599\" src=\"data:image\/svg+xml,%3Csvg%20xmlns=\" http:=\"\" class=\"attachment-large size-large\" alt=\"\" aria-describedby=\"gallery--161119\" data-lazy- data-lazy- data-lazy-src=\"https:\/\/www.europesays.com\/fr\/wp-content\/uploads\/2025\/06\/55-_RALLYE-DU-COEUR-2025_AM.jpg\"\/><\/a><\/p>\n<p>\n                                55. La s\u0153ur de Malo et Fr\u00e9d\u00e9ric Chambat \u00e0 bord de sa Caterham<\/p>\n<p>                                <a href=\"https:\/\/www.europesays.com\/fr\/wp-content\/uploads\/2025\/06\/56-_RALLYE-DU-COEUR-2025_AM.jpg\" title=\"56. Victoire et ses amis \u00e0 bord de l\u2019Alfa Romeo d\u2019Alexis Bellamy-Brown\" data-rl_title=\"56. Victoire et ses amis \u00e0 bord de l\u2019Alfa Romeo d\u2019Alexis Bellamy-Brown\" class=\"rl-gallery-link\" data-rl_caption=\"\" data-rel=\"lightbox-gallery-bGlnaHRib3gtZ2FsbGVyeS0w\" data-rl_><img loading=\"lazy\" decoding=\"async\" width=\"900\" height=\"599\" src=\"data:image\/svg+xml,%3Csvg%20xmlns=\" http:=\"\" class=\"attachment-large size-large\" alt=\"\" aria-describedby=\"gallery--161120\" data-lazy- data-lazy- data-lazy-src=\"https:\/\/www.europesays.com\/fr\/wp-content\/uploads\/2025\/06\/56-_RALLYE-DU-COEUR-2025_AM.jpg\"\/><\/a><\/p>\n<p>\n                                56. Victoire et ses amis \u00e0 bord de l\u2019Alfa Romeo d\u2019Alexis Bellamy-Brown<\/p>\n<p><br style=\"clear: both\"\/><\/p>\n<p>                                <a href=\"https:\/\/www.europesays.com\/fr\/wp-content\/uploads\/2025\/06\/57-_RALLYE-DU-COEUR-2025_AM.jpg\" title=\"57. Diego \u00e0 bord de la MG B de Fr\u00e9d\u00e9ric Stablo\" data-rl_title=\"57. Diego \u00e0 bord de la MG B de Fr\u00e9d\u00e9ric Stablo\" class=\"rl-gallery-link\" data-rl_caption=\"\" data-rel=\"lightbox-gallery-bGlnaHRib3gtZ2FsbGVyeS0w\" data-rl_><img loading=\"lazy\" decoding=\"async\" width=\"900\" height=\"599\" src=\"data:image\/svg+xml,%3Csvg%20xmlns=\" http:=\"\" class=\"attachment-large size-large\" alt=\"\" aria-describedby=\"gallery--161121\" data-lazy- data-lazy- data-lazy-src=\"https:\/\/www.europesays.com\/fr\/wp-content\/uploads\/2025\/06\/57-_RALLYE-DU-COEUR-2025_AM.jpg\"\/><\/a><\/p>\n<p>\n                                57. Diego \u00e0 bord de la MG B de Fr\u00e9d\u00e9ric Stablo<\/p>\n<p>                                <a href=\"https:\/\/www.europesays.com\/fr\/wp-content\/uploads\/2025\/06\/58-_RALLYE-DU-COEUR-2025_AM.jpg\" title=\"58. Louis \u00e0 bord d\u2019une De Vinci Lucie d\u2019Alain Fournet\" data-rl_title=\"58. Louis \u00e0 bord d\u2019une De Vinci Lucie d\u2019Alain Fournet\" class=\"rl-gallery-link\" data-rl_caption=\"\" data-rel=\"lightbox-gallery-bGlnaHRib3gtZ2FsbGVyeS0w\" data-rl_><img loading=\"lazy\" decoding=\"async\" width=\"900\" height=\"599\" src=\"data:image\/svg+xml,%3Csvg%20xmlns=\" http:=\"\" class=\"attachment-large size-large\" alt=\"\" aria-describedby=\"gallery--161122\" data-lazy- data-lazy- data-lazy-src=\"https:\/\/www.europesays.com\/fr\/wp-content\/uploads\/2025\/06\/58-_RALLYE-DU-COEUR-2025_AM.jpg\"\/><\/a><\/p>\n<p>\n                                58. Louis \u00e0 bord d\u2019une De Vinci Lucie d\u2019Alain Fournet<\/p>\n<p><br style=\"clear: both\"\/><\/p>\n<p>                                <a href=\"https:\/\/www.europesays.com\/fr\/wp-content\/uploads\/2025\/06\/59-_RALLYE-DU-COEUR-2025_AM.jpg\" title=\"59. L\u2019\u00e9quipage Ferrari Gauduel avec Diane\" data-rl_title=\"59. L\u2019\u00e9quipage Ferrari Gauduel avec Diane\" class=\"rl-gallery-link\" data-rl_caption=\"\" data-rel=\"lightbox-gallery-bGlnaHRib3gtZ2FsbGVyeS0w\" data-rl_><img loading=\"lazy\" decoding=\"async\" width=\"900\" height=\"599\" src=\"data:image\/svg+xml,%3Csvg%20xmlns=\" http:=\"\" class=\"attachment-large size-large\" alt=\"\" aria-describedby=\"gallery--161123\" data-lazy- data-lazy- data-lazy-src=\"https:\/\/www.europesays.com\/fr\/wp-content\/uploads\/2025\/06\/59-_RALLYE-DU-COEUR-2025_AM.jpg\"\/><\/a><\/p>\n<p>\n                                59. L\u2019\u00e9quipage Ferrari Gauduel avec Diane<\/p>\n<p>                                <a href=\"https:\/\/www.europesays.com\/fr\/wp-content\/uploads\/2025\/06\/60-_RALLYE-DU-COEUR-2025_AM.jpg\" title=\"60. Rapha\u00ebl et son pilote Jean-Luc Besson en Ferrari F488 Spider\" data-rl_title=\"60. Rapha\u00ebl et son pilote Jean-Luc Besson en Ferrari F488 Spider\" class=\"rl-gallery-link\" data-rl_caption=\"\" data-rel=\"lightbox-gallery-bGlnaHRib3gtZ2FsbGVyeS0w\" data-rl_><img loading=\"lazy\" decoding=\"async\" width=\"900\" height=\"599\" src=\"data:image\/svg+xml,%3Csvg%20xmlns=\" http:=\"\" class=\"attachment-large size-large\" alt=\"\" aria-describedby=\"gallery--161124\" data-lazy- data-lazy- data-lazy-src=\"https:\/\/www.europesays.com\/fr\/wp-content\/uploads\/2025\/06\/60-_RALLYE-DU-COEUR-2025_AM.jpg\"\/><\/a><\/p>\n<p>\n                                60. Rapha\u00ebl et son pilote Jean-Luc Besson en Ferrari F488 Spider<\/p>\n<p><br style=\"clear: both\"\/><\/p>\n<p>                                <a href=\"https:\/\/www.europesays.com\/fr\/wp-content\/uploads\/2025\/06\/61-_RALLYE-DU-COEUR-2025_AM.jpg\" title=\"61. Charles et son pilote Florent Llopis \u00e0 bord de sa Ferrari 296 GTS\" data-rl_title=\"61. Charles et son pilote Florent Llopis \u00e0 bord de sa Ferrari 296 GTS\" class=\"rl-gallery-link\" data-rl_caption=\"\" data-rel=\"lightbox-gallery-bGlnaHRib3gtZ2FsbGVyeS0w\" data-rl_><img loading=\"lazy\" decoding=\"async\" width=\"900\" height=\"599\" src=\"data:image\/svg+xml,%3Csvg%20xmlns=\" http:=\"\" class=\"attachment-large size-large\" alt=\"\" aria-describedby=\"gallery--161125\" data-lazy- data-lazy- data-lazy-src=\"https:\/\/www.europesays.com\/fr\/wp-content\/uploads\/2025\/06\/61-_RALLYE-DU-COEUR-2025_AM.jpg\"\/><\/a><\/p>\n<p>\n                                61. Charles et son pilote Florent Llopis \u00e0 bord de sa Ferrari 296 GTS<\/p>\n<p>                                <a href=\"https:\/\/www.europesays.com\/fr\/wp-content\/uploads\/2025\/06\/62-_RALLYE-DU-COEUR-2025_AM.jpg\" title=\"62. Clothilde et son pilote Claude Nait en Ferrari California\" data-rl_title=\"62. Clothilde et son pilote Claude Nait en Ferrari California\" class=\"rl-gallery-link\" data-rl_caption=\"\" data-rel=\"lightbox-gallery-bGlnaHRib3gtZ2FsbGVyeS0w\" data-rl_><img loading=\"lazy\" decoding=\"async\" width=\"900\" height=\"599\" src=\"data:image\/svg+xml,%3Csvg%20xmlns=\" http:=\"\" class=\"attachment-large size-large\" alt=\"\" aria-describedby=\"gallery--161196\" data-lazy- data-lazy- data-lazy-src=\"https:\/\/www.europesays.com\/fr\/wp-content\/uploads\/2025\/06\/62-_RALLYE-DU-COEUR-2025_AM.jpg\"\/><\/a><\/p>\n<p>\n                                62. Clothilde et son pilote Claude Nait en Ferrari California<\/p>\n<p><br style=\"clear: both\"\/><\/p>\n<p>                                <a href=\"https:\/\/www.europesays.com\/fr\/wp-content\/uploads\/2025\/06\/63-_RALLYE-DU-COEUR-2025_AM.jpg\" title=\"63. L\u2019\u00e9quipage de V\u00e9ronique Gallo \u00e0 bord d\u2019une Alfa Romeo Giulieta Speeder Veloce\" data-rl_title=\"63. L\u2019\u00e9quipage de V\u00e9ronique Gallo \u00e0 bord d\u2019une Alfa Romeo Giulieta Speeder Veloce\" class=\"rl-gallery-link\" data-rl_caption=\"\" data-rel=\"lightbox-gallery-bGlnaHRib3gtZ2FsbGVyeS0w\" data-rl_><img loading=\"lazy\" decoding=\"async\" width=\"900\" height=\"599\" src=\"data:image\/svg+xml,%3Csvg%20xmlns=\" http:=\"\" class=\"attachment-large size-large\" alt=\"\" aria-describedby=\"gallery--161126\" data-lazy- data-lazy- data-lazy-src=\"https:\/\/www.europesays.com\/fr\/wp-content\/uploads\/2025\/06\/63-_RALLYE-DU-COEUR-2025_AM.jpg\"\/><\/a><\/p>\n<p>\n                                63. L\u2019\u00e9quipage de V\u00e9ronique Gallo \u00e0 bord d\u2019une Alfa Romeo Giulieta Speeder Veloce<\/p>\n<p>                                <a href=\"https:\/\/www.europesays.com\/fr\/wp-content\/uploads\/2025\/06\/64-_RALLYE-DU-COEUR-2025_AM.jpg\" title=\"64. Lucas \u00e0 bord de l\u2019Aston Martin V8 Vantage d\u2019Albin Porcheret\" data-rl_title=\"64. Lucas \u00e0 bord de l\u2019Aston Martin V8 Vantage d\u2019Albin Porcheret\" class=\"rl-gallery-link\" data-rl_caption=\"\" data-rel=\"lightbox-gallery-bGlnaHRib3gtZ2FsbGVyeS0w\" data-rl_><img loading=\"lazy\" decoding=\"async\" width=\"900\" height=\"599\" src=\"data:image\/svg+xml,%3Csvg%20xmlns=\" http:=\"\" class=\"attachment-large size-large\" alt=\"\" aria-describedby=\"gallery--161127\" data-lazy- data-lazy- data-lazy-src=\"https:\/\/www.europesays.com\/fr\/wp-content\/uploads\/2025\/06\/64-_RALLYE-DU-COEUR-2025_AM.jpg\"\/><\/a><\/p>\n<p>\n                                64. Lucas \u00e0 bord de l\u2019Aston Martin V8 Vantage d\u2019Albin Porcheret<\/p>\n<p><br style=\"clear: both\"\/><\/p>\n<p>                                <a href=\"https:\/\/www.europesays.com\/fr\/wp-content\/uploads\/2025\/06\/65-_RALLYE-DU-COEUR-2025_AM.jpg\" title=\"65. L\u2019\u00e9quipage 144 de Bruno de Gevigney \u00e0 bord de son Aston Martin Volante V8\" data-rl_title=\"65. L\u2019\u00e9quipage 144 de Bruno de Gevigney \u00e0 bord de son Aston Martin Volante V8\" class=\"rl-gallery-link\" data-rl_caption=\"\" data-rel=\"lightbox-gallery-bGlnaHRib3gtZ2FsbGVyeS0w\" data-rl_><img loading=\"lazy\" decoding=\"async\" width=\"900\" height=\"599\" src=\"data:image\/svg+xml,%3Csvg%20xmlns=\" http:=\"\" class=\"attachment-large size-large\" alt=\"\" aria-describedby=\"gallery--161197\" data-lazy- data-lazy- data-lazy-src=\"https:\/\/www.europesays.com\/fr\/wp-content\/uploads\/2025\/06\/65-_RALLYE-DU-COEUR-2025_AM.jpg\"\/><\/a><\/p>\n<p>\n                                65. L\u2019\u00e9quipage 144 de Bruno de Gevigney \u00e0 bord de son Aston Martin Volante V8<\/p>\n<p>                                <a href=\"https:\/\/www.europesays.com\/fr\/wp-content\/uploads\/2025\/06\/66-_RALLYE-DU-COEUR-2025_AM.jpg\" title=\"66. L\u2019\u00e9quipage 47 \u00e0 bord de la Ford Mustang de Vincent Peign\u00e9\" data-rl_title=\"66. L\u2019\u00e9quipage 47 \u00e0 bord de la Ford Mustang de Vincent Peign\u00e9\" class=\"rl-gallery-link\" data-rl_caption=\"\" data-rel=\"lightbox-gallery-bGlnaHRib3gtZ2FsbGVyeS0w\" data-rl_><img loading=\"lazy\" decoding=\"async\" width=\"900\" height=\"599\" src=\"data:image\/svg+xml,%3Csvg%20xmlns=\" http:=\"\" class=\"attachment-large size-large\" alt=\"\" aria-describedby=\"gallery--161128\" data-lazy- data-lazy- data-lazy-src=\"https:\/\/www.europesays.com\/fr\/wp-content\/uploads\/2025\/06\/66-_RALLYE-DU-COEUR-2025_AM.jpg\"\/><\/a><\/p>\n<p>\n                                66. L\u2019\u00e9quipage 47 \u00e0 bord de la Ford Mustang de Vincent Peign\u00e9<\/p>\n<p><br style=\"clear: both\"\/><\/p>\n<p>                                <a href=\"https:\/\/www.europesays.com\/fr\/wp-content\/uploads\/2025\/06\/67-_RALLYE-DU-COEUR-2025_AM.jpg\" title=\"67. Lise et son \u00e9quipage au grand complet dans la Ferrari California de S\u00e9bastien Maistre\" data-rl_title=\"67. Lise et son \u00e9quipage au grand complet dans la Ferrari California de S\u00e9bastien Maistre\" class=\"rl-gallery-link\" data-rl_caption=\"\" data-rel=\"lightbox-gallery-bGlnaHRib3gtZ2FsbGVyeS0w\" data-rl_><img loading=\"lazy\" decoding=\"async\" width=\"900\" height=\"598\" src=\"data:image\/svg+xml,%3Csvg%20xmlns=\" http:=\"\" class=\"attachment-large size-large\" alt=\"\" aria-describedby=\"gallery--161198\" data-lazy- data-lazy- data-lazy-src=\"https:\/\/www.europesays.com\/fr\/wp-content\/uploads\/2025\/06\/67-_RALLYE-DU-COEUR-2025_AM.jpg\"\/><\/a><\/p>\n<p>\n                                67. Lise et son \u00e9quipage au grand complet dans la Ferrari California de S\u00e9bastien Maistre<\/p>\n<p>                                <a href=\"https:\/\/www.europesays.com\/fr\/wp-content\/uploads\/2025\/06\/68-_RALLYE-DU-COEUR-2025_AM.jpg\" title=\"68. Louise en Porsche 911 avec Rodolphe Aubouyer-Treuille\" data-rl_title=\"68. Louise en Porsche 911 avec Rodolphe Aubouyer-Treuille\" class=\"rl-gallery-link\" data-rl_caption=\"\" data-rel=\"lightbox-gallery-bGlnaHRib3gtZ2FsbGVyeS0w\" data-rl_><img loading=\"lazy\" decoding=\"async\" width=\"900\" height=\"599\" src=\"data:image\/svg+xml,%3Csvg%20xmlns=\" http:=\"\" class=\"attachment-large size-large\" alt=\"\" aria-describedby=\"gallery--161129\" data-lazy- data-lazy- data-lazy-src=\"https:\/\/www.europesays.com\/fr\/wp-content\/uploads\/2025\/06\/68-_RALLYE-DU-COEUR-2025_AM.jpg\"\/><\/a><\/p>\n<p>\n                                68. Louise en Porsche 911 avec Rodolphe Aubouyer-Treuille<\/p>\n<p><br style=\"clear: both\"\/><\/p>\n<p>                                <a href=\"https:\/\/www.europesays.com\/fr\/wp-content\/uploads\/2025\/06\/69-_RALLYE-DU-COEUR-2025_AM.jpg\" title=\"69. Toujours au rendez-vous, l\u2019\u00e9quipage de la Jeep de Bernard Berthet\" data-rl_title=\"69. Toujours au rendez-vous, l\u2019\u00e9quipage de la Jeep de Bernard Berthet\" class=\"rl-gallery-link\" data-rl_caption=\"\" data-rel=\"lightbox-gallery-bGlnaHRib3gtZ2FsbGVyeS0w\" data-rl_><img loading=\"lazy\" decoding=\"async\" width=\"900\" height=\"599\" src=\"data:image\/svg+xml,%3Csvg%20xmlns=\" http:=\"\" class=\"attachment-large size-large\" alt=\"\" aria-describedby=\"gallery--161201\" data-lazy- data-lazy- data-lazy-src=\"https:\/\/www.europesays.com\/fr\/wp-content\/uploads\/2025\/06\/69-_RALLYE-DU-COEUR-2025_AM.jpg\"\/><\/a><\/p>\n<p>\n                                69. Toujours au rendez-vous, l\u2019\u00e9quipage de la Jeep de Bernard Berthet<\/p>\n<p>                                <a href=\"https:\/\/www.europesays.com\/fr\/wp-content\/uploads\/2025\/06\/70-_RALLYE-DU-COEUR-2025_AM.jpg\" title=\"70. Charles Bichard en Rolls-Royce avec ses petites passag\u00e8res\" data-rl_title=\"70. Charles Bichard en Rolls-Royce avec ses petites passag\u00e8res\" class=\"rl-gallery-link\" data-rl_caption=\"\" data-rel=\"lightbox-gallery-bGlnaHRib3gtZ2FsbGVyeS0w\" data-rl_><img loading=\"lazy\" decoding=\"async\" width=\"900\" height=\"599\" src=\"data:image\/svg+xml,%3Csvg%20xmlns=\" http:=\"\" class=\"attachment-large size-large\" alt=\"\" aria-describedby=\"gallery--161130\" data-lazy- data-lazy- data-lazy-src=\"https:\/\/www.europesays.com\/fr\/wp-content\/uploads\/2025\/06\/70-_RALLYE-DU-COEUR-2025_AM.jpg\"\/><\/a><\/p>\n<p>\n                                70. Charles Bichard en Rolls-Royce avec ses petites passag\u00e8res <\/p>\n<p><br style=\"clear: both\"\/><\/p>\n<p>                                <a href=\"https:\/\/www.europesays.com\/fr\/wp-content\/uploads\/2025\/06\/71-_RALLYE-DU-COEUR-2025_AM.jpg\" title=\"71. Le petit Ako au fond du si\u00e8ge de la Ferrari F8 Tributo pilot\u00e9e par G\u00e9raldine Bretonni\u00e8re\" data-rl_title=\"71. Le petit Ako au fond du si\u00e8ge de la Ferrari F8 Tributo pilot\u00e9e par G\u00e9raldine Bretonni\u00e8re\" class=\"rl-gallery-link\" data-rl_caption=\"\" data-rel=\"lightbox-gallery-bGlnaHRib3gtZ2FsbGVyeS0w\" data-rl_><img loading=\"lazy\" decoding=\"async\" width=\"900\" height=\"634\" src=\"data:image\/svg+xml,%3Csvg%20xmlns=\" http:=\"\" class=\"attachment-large size-large\" alt=\"\" aria-describedby=\"gallery--161131\" data-lazy- data-lazy- data-lazy-src=\"https:\/\/www.europesays.com\/fr\/wp-content\/uploads\/2025\/06\/71-_RALLYE-DU-COEUR-2025_AM.jpg\"\/><\/a><\/p>\n<p>\n                                71. Le petit Ako au fond du si\u00e8ge de la Ferrari F8 Tributo pilot\u00e9e par G\u00e9raldine Bretonni\u00e8re<\/p>\n<p>                                <a href=\"https:\/\/www.europesays.com\/fr\/wp-content\/uploads\/2025\/06\/72-_RALLYE-DU-COEUR-2025_AM.jpg\" title=\"72. Toujours \u00e9l\u00e9gant l\u2019\u00e9quipage de Jean-Louis Benoist \u00e0 bord de sa MG TD\" data-rl_title=\"72. Toujours \u00e9l\u00e9gant l\u2019\u00e9quipage de Jean-Louis Benoist \u00e0 bord de sa MG TD\" class=\"rl-gallery-link\" data-rl_caption=\"\" data-rel=\"lightbox-gallery-bGlnaHRib3gtZ2FsbGVyeS0w\" data-rl_><img loading=\"lazy\" decoding=\"async\" width=\"900\" height=\"621\" src=\"data:image\/svg+xml,%3Csvg%20xmlns=\" http:=\"\" class=\"attachment-large size-large\" alt=\"\" aria-describedby=\"gallery--161132\" data-lazy- data-lazy- data-lazy-src=\"https:\/\/www.europesays.com\/fr\/wp-content\/uploads\/2025\/06\/72-_RALLYE-DU-COEUR-2025_AM.jpg\"\/><\/a><\/p>\n<p>\n                                72. Toujours \u00e9l\u00e9gant l\u2019\u00e9quipage de Jean-Louis Benoist \u00e0 bord de sa MG TD<\/p>\n<p><br style=\"clear: both\"\/><\/p>\n<p>                                <a href=\"https:\/\/www.europesays.com\/fr\/wp-content\/uploads\/2025\/06\/73-_RALLYE-DU-COEUR-2025_AM.jpg\" title=\"73. Notre petite passag\u00e8re \u00e0 bord de la Porsche 911 Speedster de Serge Perdrieu\" data-rl_title=\"73. Notre petite passag\u00e8re \u00e0 bord de la Porsche 911 Speedster de Serge Perdrieu\" class=\"rl-gallery-link\" data-rl_caption=\"\" data-rel=\"lightbox-gallery-bGlnaHRib3gtZ2FsbGVyeS0w\" data-rl_><img loading=\"lazy\" decoding=\"async\" width=\"900\" height=\"599\" src=\"data:image\/svg+xml,%3Csvg%20xmlns=\" http:=\"\" class=\"attachment-large size-large\" alt=\"\" aria-describedby=\"gallery--161202\" data-lazy- data-lazy- data-lazy-src=\"https:\/\/www.europesays.com\/fr\/wp-content\/uploads\/2025\/06\/73-_RALLYE-DU-COEUR-2025_AM.jpg\"\/><\/a><\/p>\n<p>\n                                73. Notre petite passag\u00e8re \u00e0 bord de la Porsche 911 Speedster de Serge Perdrieu<\/p>\n<p>                                <a href=\"https:\/\/www.europesays.com\/fr\/wp-content\/uploads\/2025\/06\/74-_RALLYE-DU-COEUR-2025_AM.jpg\" title=\"74. L\u2019\u00e9quipage de la Ferrari de Georges Pereira\" data-rl_title=\"74. L\u2019\u00e9quipage de la Ferrari de Georges Pereira\" class=\"rl-gallery-link\" data-rl_caption=\"\" data-rel=\"lightbox-gallery-bGlnaHRib3gtZ2FsbGVyeS0w\" data-rl_><img loading=\"lazy\" decoding=\"async\" width=\"900\" height=\"599\" src=\"data:image\/svg+xml,%3Csvg%20xmlns=\" http:=\"\" class=\"attachment-large size-large\" alt=\"\" aria-describedby=\"gallery--161203\" data-lazy- data-lazy- data-lazy-src=\"https:\/\/www.europesays.com\/fr\/wp-content\/uploads\/2025\/06\/74-_RALLYE-DU-COEUR-2025_AM.jpg\"\/><\/a><\/p>\n<p>\n                                74. L\u2019\u00e9quipage de la Ferrari de Georges Pereira<\/p>\n<p><br style=\"clear: both\"\/><\/p>\n<p>                                <a href=\"https:\/\/www.europesays.com\/fr\/wp-content\/uploads\/2025\/06\/75-_RALLYE-DU-COEUR-2025_AM.jpg\" title=\"75. Lou en Porsche 991 GT3 avec Yoann La Placa\" data-rl_title=\"75. Lou en Porsche 991 GT3 avec Yoann La Placa\" class=\"rl-gallery-link\" data-rl_caption=\"\" data-rel=\"lightbox-gallery-bGlnaHRib3gtZ2FsbGVyeS0w\" data-rl_><img loading=\"lazy\" decoding=\"async\" width=\"900\" height=\"634\" src=\"data:image\/svg+xml,%3Csvg%20xmlns=\" http:=\"\" class=\"attachment-large size-large\" alt=\"\" aria-describedby=\"gallery--161133\" data-lazy- data-lazy- data-lazy-src=\"https:\/\/www.europesays.com\/fr\/wp-content\/uploads\/2025\/06\/75-_RALLYE-DU-COEUR-2025_AM.jpg\"\/><\/a><\/p>\n<p>\n                                75. Lou en Porsche 991 GT3 avec Yoann La Placa<\/p>\n<p>                                <a href=\"https:\/\/www.europesays.com\/fr\/wp-content\/uploads\/2025\/06\/76-_RALLYE-DU-COEUR-2025_AM.jpg\" title=\"76. Anatole en mode d\u00e9capotable Aston Martin DB9 avec l\u2019\u00e9quipage de Catherine Hilaire\" data-rl_title=\"76. Anatole en mode d\u00e9capotable Aston Martin DB9 avec l\u2019\u00e9quipage de Catherine Hilaire\" class=\"rl-gallery-link\" data-rl_caption=\"\" data-rel=\"lightbox-gallery-bGlnaHRib3gtZ2FsbGVyeS0w\" data-rl_><img loading=\"lazy\" decoding=\"async\" width=\"900\" height=\"637\" src=\"data:image\/svg+xml,%3Csvg%20xmlns=\" http:=\"\" class=\"attachment-large size-large\" alt=\"\" aria-describedby=\"gallery--161134\" data-lazy- data-lazy- data-lazy-src=\"https:\/\/www.europesays.com\/fr\/wp-content\/uploads\/2025\/06\/76-_RALLYE-DU-COEUR-2025_AM.jpg\"\/><\/a><\/p>\n<p>\n                                76. Anatole en mode d\u00e9capotable Aston Martin DB9 avec l\u2019\u00e9quipage de Catherine Hilaire<\/p>\n<p><br style=\"clear: both\"\/><\/p>\n<p>                                <a href=\"https:\/\/www.europesays.com\/fr\/wp-content\/uploads\/2025\/06\/77-_RALLYE-DU-COEUR-2025_AM.jpg\" title=\"77. Louise \u00e0 bord de la BMW Z8 de Cyrille Arnaud\" data-rl_title=\"77. Louise \u00e0 bord de la BMW Z8 de Cyrille Arnaud\" class=\"rl-gallery-link\" data-rl_caption=\"\" data-rel=\"lightbox-gallery-bGlnaHRib3gtZ2FsbGVyeS0w\" data-rl_><img loading=\"lazy\" decoding=\"async\" width=\"900\" height=\"621\" src=\"data:image\/svg+xml,%3Csvg%20xmlns=\" http:=\"\" class=\"attachment-large size-large\" alt=\"\" aria-describedby=\"gallery--161135\" data-lazy- data-lazy- data-lazy-src=\"https:\/\/www.europesays.com\/fr\/wp-content\/uploads\/2025\/06\/77-_RALLYE-DU-COEUR-2025_AM.jpg\"\/><\/a><\/p>\n<p>\n                                77. Louise \u00e0 bord de la BMW Z8 de Cyrille Arnaud<\/p>\n<p>                                <a href=\"https:\/\/www.europesays.com\/fr\/wp-content\/uploads\/2025\/06\/78-_RALLYE-DU-COEUR-2025_AM.jpg\" title=\"78. L\u2019\u00e9quipage de St\u00e9phane et Nathalie Collaert qui soutient Mael \u00e0 bord de sa Porsche 911 4S cabriolet.\" data-rl_title=\"78. L\u2019\u00e9quipage de St\u00e9phane et Nathalie Collaert qui soutient Mael \u00e0 bord de sa Porsche 911 4S cabriolet.\" class=\"rl-gallery-link\" data-rl_caption=\"\" data-rel=\"lightbox-gallery-bGlnaHRib3gtZ2FsbGVyeS0w\" data-rl_><img loading=\"lazy\" decoding=\"async\" width=\"900\" height=\"617\" src=\"data:image\/svg+xml,%3Csvg%20xmlns=\" http:=\"\" class=\"attachment-large size-large\" alt=\"\" aria-describedby=\"gallery--161136\" data-lazy- data-lazy- data-lazy-src=\"https:\/\/www.europesays.com\/fr\/wp-content\/uploads\/2025\/06\/78-_RALLYE-DU-COEUR-2025_AM.jpg\"\/><\/a><\/p>\n<p>\n                                78. L\u2019\u00e9quipage de St\u00e9phane et Nathalie Collaert qui soutient Mael \u00e0 bord de sa Porsche 911 4S cabriolet.<\/p>\n<p><br style=\"clear: both\"\/><\/p>\n<p>                                <a href=\"https:\/\/www.europesays.com\/fr\/wp-content\/uploads\/2025\/06\/79-_RALLYE-DU-COEUR-2025_AM.jpg\" title=\"79. L\u2019\u00e9quipage de Maxime Walch en Peugeot 304 Cabriolet\" data-rl_title=\"79. L\u2019\u00e9quipage de Maxime Walch en Peugeot 304 Cabriolet\" class=\"rl-gallery-link\" data-rl_caption=\"\" data-rel=\"lightbox-gallery-bGlnaHRib3gtZ2FsbGVyeS0w\" data-rl_><img loading=\"lazy\" decoding=\"async\" width=\"900\" height=\"599\" src=\"data:image\/svg+xml,%3Csvg%20xmlns=\" http:=\"\" class=\"attachment-large size-large\" alt=\"\" aria-describedby=\"gallery--161137\" data-lazy- data-lazy- data-lazy-src=\"https:\/\/www.europesays.com\/fr\/wp-content\/uploads\/2025\/06\/79-_RALLYE-DU-COEUR-2025_AM.jpg\"\/><\/a><\/p>\n<p>\n                                79. L\u2019\u00e9quipage de Maxime Walch en Peugeot 304 Cabriolet<\/p>\n<p>                                <a href=\"https:\/\/www.europesays.com\/fr\/wp-content\/uploads\/2025\/06\/80-_RALLYE-DU-COEUR-2025_AM.jpg\" title=\"80. Coraline Petit (NTB Ing\u00e9nierie) et Paul Bellaton (Alpinementvotre)\" data-rl_title=\"80. Coraline Petit (NTB Ing\u00e9nierie) et Paul Bellaton (Alpinementvotre)\" class=\"rl-gallery-link\" data-rl_caption=\"\" data-rel=\"lightbox-gallery-bGlnaHRib3gtZ2FsbGVyeS0w\" data-rl_><img loading=\"lazy\" decoding=\"async\" width=\"900\" height=\"599\" src=\"data:image\/svg+xml,%3Csvg%20xmlns=\" http:=\"\" class=\"attachment-large size-large\" alt=\"\" aria-describedby=\"gallery--161138\" data-lazy- data-lazy- data-lazy-src=\"https:\/\/www.europesays.com\/fr\/wp-content\/uploads\/2025\/06\/80-_RALLYE-DU-COEUR-2025_AM.jpg\"\/><\/a><\/p>\n<p>\n                                80. Coraline Petit (NTB Ing\u00e9nierie) et Paul Bellaton (Alpinementvotre)<\/p>\n<p><br style=\"clear: both\"\/><\/p>\n<p>                                <a href=\"https:\/\/www.europesays.com\/fr\/wp-content\/uploads\/2025\/06\/81-_RALLYE-DU-COEUR-2025_AM.jpg\" title=\"81.\" data-rl_title=\"81.\" class=\"rl-gallery-link\" data-rl_caption=\"\" data-rel=\"lightbox-gallery-bGlnaHRib3gtZ2FsbGVyeS0w\" data-rl_><img loading=\"lazy\" decoding=\"async\" width=\"900\" height=\"599\" src=\"data:image\/svg+xml,%3Csvg%20xmlns=\" http:=\"\" class=\"attachment-large size-large\" alt=\"\" aria-describedby=\"gallery--161139\" data-lazy- data-lazy- data-lazy-src=\"https:\/\/www.europesays.com\/fr\/wp-content\/uploads\/2025\/06\/81-_RALLYE-DU-COEUR-2025_AM.jpg\"\/><\/a><\/p>\n<p>\n                                81. <\/p>\n<p>                                <a href=\"https:\/\/www.europesays.com\/fr\/wp-content\/uploads\/2025\/06\/82-_RALLYE-DU-COEUR-2025_AM.jpg\" title=\"82.\" data-rl_title=\"82.\" class=\"rl-gallery-link\" data-rl_caption=\"\" data-rel=\"lightbox-gallery-bGlnaHRib3gtZ2FsbGVyeS0w\" data-rl_><img loading=\"lazy\" decoding=\"async\" width=\"900\" height=\"599\" src=\"data:image\/svg+xml,%3Csvg%20xmlns=\" http:=\"\" class=\"attachment-large size-large\" alt=\"\" aria-describedby=\"gallery--161140\" data-lazy- data-lazy- data-lazy-src=\"https:\/\/www.europesays.com\/fr\/wp-content\/uploads\/2025\/06\/82-_RALLYE-DU-COEUR-2025_AM.jpg\"\/><\/a><\/p>\n<p>\n                                82. <\/p>\n<p><br style=\"clear: both\"\/><\/p>\n<p>                                <a href=\"https:\/\/www.europesays.com\/fr\/wp-content\/uploads\/2025\/06\/83-_RALLYE-DU-COEUR-2025_AM.jpg\" title=\"83.\" data-rl_title=\"83.\" class=\"rl-gallery-link\" data-rl_caption=\"\" data-rel=\"lightbox-gallery-bGlnaHRib3gtZ2FsbGVyeS0w\" data-rl_><img loading=\"lazy\" decoding=\"async\" width=\"900\" height=\"599\" src=\"data:image\/svg+xml,%3Csvg%20xmlns=\" http:=\"\" class=\"attachment-large size-large\" alt=\"\" aria-describedby=\"gallery--161141\" data-lazy- data-lazy- data-lazy-src=\"https:\/\/www.europesays.com\/fr\/wp-content\/uploads\/2025\/06\/83-_RALLYE-DU-COEUR-2025_AM.jpg\"\/><\/a><\/p>\n<p>\n                                83. <\/p>\n<p>                                <a href=\"https:\/\/www.europesays.com\/fr\/wp-content\/uploads\/2025\/06\/84-_RALLYE-DU-COEUR-2025_AM.jpg\" title=\"84.\" data-rl_title=\"84.\" class=\"rl-gallery-link\" data-rl_caption=\"\" data-rel=\"lightbox-gallery-bGlnaHRib3gtZ2FsbGVyeS0w\" data-rl_><img loading=\"lazy\" decoding=\"async\" width=\"900\" height=\"599\" src=\"data:image\/svg+xml,%3Csvg%20xmlns=\" http:=\"\" class=\"attachment-large size-large\" alt=\"\" aria-describedby=\"gallery--161142\" data-lazy- data-lazy- data-lazy-src=\"https:\/\/www.europesays.com\/fr\/wp-content\/uploads\/2025\/06\/84-_RALLYE-DU-COEUR-2025_AM.jpg\"\/><\/a><\/p>\n<p>\n                                84. <\/p>\n<p><br style=\"clear: both\"\/><\/p>\n<p>                                <a href=\"https:\/\/www.europesays.com\/fr\/wp-content\/uploads\/2025\/06\/85-_RALLYE-DU-COEUR-2025_AM.jpg\" title=\"85. Un succ\u00e8s populaire\" data-rl_title=\"85. Un succ\u00e8s populaire\" class=\"rl-gallery-link\" data-rl_caption=\"\" data-rel=\"lightbox-gallery-bGlnaHRib3gtZ2FsbGVyeS0w\" data-rl_><img loading=\"lazy\" decoding=\"async\" width=\"900\" height=\"599\" src=\"data:image\/svg+xml,%3Csvg%20xmlns=\" http:=\"\" class=\"attachment-large size-large\" alt=\"\" aria-describedby=\"gallery--161143\" data-lazy- data-lazy- data-lazy-src=\"https:\/\/www.europesays.com\/fr\/wp-content\/uploads\/2025\/06\/85-_RALLYE-DU-COEUR-2025_AM.jpg\"\/><\/a><\/p>\n<p>\n                                85. Un succ\u00e8s populaire <\/p>\n<p>                                <a href=\"https:\/\/www.europesays.com\/fr\/wp-content\/uploads\/2025\/06\/86-_RALLYE-DU-COEUR-2025_AM.jpg\" title=\"86. Au village partenaires, la soci\u00e9t\u00e9 Fortil\" data-rl_title=\"86. Au village partenaires, la soci\u00e9t\u00e9 Fortil\" class=\"rl-gallery-link\" data-rl_caption=\"\" data-rel=\"lightbox-gallery-bGlnaHRib3gtZ2FsbGVyeS0w\" data-rl_><img loading=\"lazy\" decoding=\"async\" width=\"900\" height=\"600\" src=\"data:image\/svg+xml,%3Csvg%20xmlns=\" http:=\"\" class=\"attachment-large size-large\" alt=\"\" aria-describedby=\"gallery--161144\" data-lazy- data-lazy- data-lazy-src=\"https:\/\/www.europesays.com\/fr\/wp-content\/uploads\/2025\/06\/86-_RALLYE-DU-COEUR-2025_AM.jpg\"\/><\/a><\/p>\n<p>\n                                86. Au village partenaires, la soci\u00e9t\u00e9 Fortil<\/p>\n<p><br style=\"clear: both\"\/><\/p>\n<p>                                <a href=\"https:\/\/www.europesays.com\/fr\/wp-content\/uploads\/2025\/06\/87-_RALLYE-DU-COEUR-2025_AM.jpg\" title=\"87. Yannick B et son \u00e9quipier au volant d\u2019une Bugatti 37 de 1929\" data-rl_title=\"87. Yannick B et son \u00e9quipier au volant d\u2019une Bugatti 37 de 1929\" class=\"rl-gallery-link\" data-rl_caption=\"\" data-rel=\"lightbox-gallery-bGlnaHRib3gtZ2FsbGVyeS0w\" data-rl_><img loading=\"lazy\" decoding=\"async\" width=\"900\" height=\"599\" src=\"data:image\/svg+xml,%3Csvg%20xmlns=\" http:=\"\" class=\"attachment-large size-large\" alt=\"\" aria-describedby=\"gallery--161145\" data-lazy- data-lazy- data-lazy-src=\"https:\/\/www.europesays.com\/fr\/wp-content\/uploads\/2025\/06\/87-_RALLYE-DU-COEUR-2025_AM.jpg\"\/><\/a><\/p>\n<p>\n                                87. Yannick B et son \u00e9quipier au volant d\u2019une Bugatti 37 de 1929<\/p>\n<p>                                <a href=\"https:\/\/www.europesays.com\/fr\/wp-content\/uploads\/2025\/06\/88-_RALLYE-DU-COEUR-2025_AM.jpg\" title=\"88.\" data-rl_title=\"88.\" class=\"rl-gallery-link\" data-rl_caption=\"\" data-rel=\"lightbox-gallery-bGlnaHRib3gtZ2FsbGVyeS0w\" data-rl_><img loading=\"lazy\" decoding=\"async\" width=\"900\" height=\"599\" src=\"data:image\/svg+xml,%3Csvg%20xmlns=\" http:=\"\" class=\"attachment-large size-large\" alt=\"\" aria-describedby=\"gallery--161146\" data-lazy- data-lazy- data-lazy-src=\"https:\/\/www.europesays.com\/fr\/wp-content\/uploads\/2025\/06\/88-_RALLYE-DU-COEUR-2025_AM.jpg\"\/><\/a><\/p>\n<p>\n                                88.<\/p>\n<p><br style=\"clear: both\"\/><\/p>\n<p>                                <a href=\"https:\/\/www.europesays.com\/fr\/wp-content\/uploads\/2025\/06\/89-_RALLYE-DU-COEUR-2025_AM.jpg\" title=\"89. Jacques-Henri Laurent au volant d\u2019une Cadillac S\u00e9rie 62, convertible 1959\" data-rl_title=\"89. Jacques-Henri Laurent au volant d\u2019une Cadillac S\u00e9rie 62, convertible 1959\" class=\"rl-gallery-link\" data-rl_caption=\"\" data-rel=\"lightbox-gallery-bGlnaHRib3gtZ2FsbGVyeS0w\" data-rl_><img loading=\"lazy\" decoding=\"async\" width=\"900\" height=\"599\" src=\"data:image\/svg+xml,%3Csvg%20xmlns=\" http:=\"\" class=\"attachment-large size-large\" alt=\"\" aria-describedby=\"gallery--161204\" data-lazy- data-lazy- data-lazy-src=\"https:\/\/www.europesays.com\/fr\/wp-content\/uploads\/2025\/06\/89-_RALLYE-DU-COEUR-2025_AM.jpg\"\/><\/a><\/p>\n<p>\n                                89. Jacques-Henri Laurent au volant d\u2019une Cadillac S\u00e9rie 62, convertible 1959<\/p>\n<p>                                <a href=\"https:\/\/www.europesays.com\/fr\/wp-content\/uploads\/2025\/06\/90-_RALLYE-DU-COEUR-2025_AM.jpg\" title=\"90. Sylvain Lysiak en AC COBRA 427 SC Aluminium CSX400 de 1965\" data-rl_title=\"90. Sylvain Lysiak en AC COBRA 427 SC Aluminium CSX400 de 1965\" class=\"rl-gallery-link\" data-rl_caption=\"\" data-rel=\"lightbox-gallery-bGlnaHRib3gtZ2FsbGVyeS0w\" data-rl_><img loading=\"lazy\" decoding=\"async\" width=\"900\" height=\"599\" src=\"data:image\/svg+xml,%3Csvg%20xmlns=\" http:=\"\" class=\"attachment-large size-large\" alt=\"\" aria-describedby=\"gallery--161147\" data-lazy- data-lazy- data-lazy-src=\"https:\/\/www.europesays.com\/fr\/wp-content\/uploads\/2025\/06\/90-_RALLYE-DU-COEUR-2025_AM.jpg\"\/><\/a><\/p>\n<p>\n                                90. Sylvain Lysiak en AC COBRA 427 SC Aluminium CSX400 de 1965<\/p>\n<p><br style=\"clear: both\"\/><\/p>\n<p>                                <a href=\"https:\/\/www.europesays.com\/fr\/wp-content\/uploads\/2025\/06\/91-_RALLYE-DU-COEUR-2025_AM.jpg\" title=\"91. Jean-Michel Martin au volant d\u2019une Alfa Rom\u00e9o Giulia 1600ss de 1965\" data-rl_title=\"91. Jean-Michel Martin au volant d\u2019une Alfa Rom\u00e9o Giulia 1600ss de 1965\" class=\"rl-gallery-link\" data-rl_caption=\"\" data-rel=\"lightbox-gallery-bGlnaHRib3gtZ2FsbGVyeS0w\" data-rl_><img loading=\"lazy\" decoding=\"async\" width=\"900\" height=\"599\" src=\"data:image\/svg+xml,%3Csvg%20xmlns=\" http:=\"\" class=\"attachment-large size-large\" alt=\"\" aria-describedby=\"gallery--161148\" data-lazy- data-lazy- data-lazy-src=\"https:\/\/www.europesays.com\/fr\/wp-content\/uploads\/2025\/06\/91-_RALLYE-DU-COEUR-2025_AM.jpg\"\/><\/a><\/p>\n<p>\n                                91. Jean-Michel Martin au volant d\u2019une Alfa Rom\u00e9o Giulia 1600ss de 1965<\/p>\n<p>                                <a href=\"https:\/\/www.europesays.com\/fr\/wp-content\/uploads\/2025\/06\/92-_RALLYE-DU-COEUR-2025_AM.jpg\" title=\"92. Alain Celle en Lancia Stratos de 1975\" data-rl_title=\"92. Alain Celle en Lancia Stratos de 1975\" class=\"rl-gallery-link\" data-rl_caption=\"\" data-rel=\"lightbox-gallery-bGlnaHRib3gtZ2FsbGVyeS0w\" data-rl_><img loading=\"lazy\" decoding=\"async\" width=\"900\" height=\"599\" src=\"data:image\/svg+xml,%3Csvg%20xmlns=\" http:=\"\" class=\"attachment-large size-large\" alt=\"\" aria-describedby=\"gallery--161149\" data-lazy- data-lazy- data-lazy-src=\"https:\/\/www.europesays.com\/fr\/wp-content\/uploads\/2025\/06\/92-_RALLYE-DU-COEUR-2025_AM.jpg\"\/><\/a><\/p>\n<p>\n                                92. Alain Celle en Lancia Stratos de 1975 <\/p>\n<p><br style=\"clear: both\"\/><\/p>\n<p>                                <a href=\"https:\/\/www.europesays.com\/fr\/wp-content\/uploads\/2025\/06\/93-_RALLYE-DU-COEUR-2025_AM.jpg\" title=\"93. Eric Thomassey au volant d\u2019une Lamborghini, Urraco, P300 de 1977\" data-rl_title=\"93. Eric Thomassey au volant d\u2019une Lamborghini, Urraco, P300 de 1977\" class=\"rl-gallery-link\" data-rl_caption=\"\" data-rel=\"lightbox-gallery-bGlnaHRib3gtZ2FsbGVyeS0w\" data-rl_><img loading=\"lazy\" decoding=\"async\" width=\"900\" height=\"599\" src=\"data:image\/svg+xml,%3Csvg%20xmlns=\" http:=\"\" class=\"attachment-large size-large\" alt=\"\" aria-describedby=\"gallery--161150\" data-lazy- data-lazy- data-lazy-src=\"https:\/\/www.europesays.com\/fr\/wp-content\/uploads\/2025\/06\/93-_RALLYE-DU-COEUR-2025_AM.jpg\"\/><\/a><\/p>\n<p>\n                                93. Eric Thomassey au volant d\u2019une Lamborghini, Urraco, P300 de 1977<\/p>\n<p>                                <a href=\"https:\/\/www.europesays.com\/fr\/wp-content\/uploads\/2025\/06\/94-_RALLYE-DU-COEUR-2025_AM.jpg\" title=\"94. Le commissaire-priseur Christophe Belleville en Ferrari 308 GTS de 1983\" data-rl_title=\"94. Le commissaire-priseur Christophe Belleville en Ferrari 308 GTS de 1983\" class=\"rl-gallery-link\" data-rl_caption=\"\" data-rel=\"lightbox-gallery-bGlnaHRib3gtZ2FsbGVyeS0w\" data-rl_><img loading=\"lazy\" decoding=\"async\" width=\"900\" height=\"599\" src=\"data:image\/svg+xml,%3Csvg%20xmlns=\" http:=\"\" class=\"attachment-large size-large\" alt=\"\" aria-describedby=\"gallery--161151\" data-lazy- data-lazy- data-lazy-src=\"https:\/\/www.europesays.com\/fr\/wp-content\/uploads\/2025\/06\/94-_RALLYE-DU-COEUR-2025_AM.jpg\"\/><\/a><\/p>\n<p>\n                                94. Le commissaire-priseur Christophe Belleville en Ferrari 308 GTS de 1983<\/p>\n<p><br style=\"clear: both\"\/><\/p>\n<p>                                <a href=\"https:\/\/www.europesays.com\/fr\/wp-content\/uploads\/2025\/06\/95-_RALLYE-DU-COEUR-2025_AM.jpg\" title=\"95. Le performeur Raul Marchisio et sa Ferrari F40\" data-rl_title=\"95. Le performeur Raul Marchisio et sa Ferrari F40\" class=\"rl-gallery-link\" data-rl_caption=\"\" data-rel=\"lightbox-gallery-bGlnaHRib3gtZ2FsbGVyeS0w\" data-rl_><img loading=\"lazy\" decoding=\"async\" width=\"900\" height=\"599\" src=\"data:image\/svg+xml,%3Csvg%20xmlns=\" http:=\"\" class=\"attachment-large size-large\" alt=\"\" aria-describedby=\"gallery--161152\" data-lazy- data-lazy- data-lazy-src=\"https:\/\/www.europesays.com\/fr\/wp-content\/uploads\/2025\/06\/95-_RALLYE-DU-COEUR-2025_AM.jpg\"\/><\/a><\/p>\n<p>\n                                95. Le performeur Raul Marchisio et sa Ferrari F40<\/p>\n<p>                                <a href=\"https:\/\/www.europesays.com\/fr\/wp-content\/uploads\/2025\/06\/96-_RALLYE-DU-COEUR-2025_AM.jpg\" title=\"96. Guillaume Michel en Alfa-Romeo, SZ de 1989\" data-rl_title=\"96. Guillaume Michel en Alfa-Romeo, SZ de 1989\" class=\"rl-gallery-link\" data-rl_caption=\"\" data-rel=\"lightbox-gallery-bGlnaHRib3gtZ2FsbGVyeS0w\" data-rl_><img loading=\"lazy\" decoding=\"async\" width=\"900\" height=\"599\" src=\"data:image\/svg+xml,%3Csvg%20xmlns=\" http:=\"\" class=\"attachment-large size-large\" alt=\"\" aria-describedby=\"gallery--161153\" data-lazy- data-lazy- data-lazy-src=\"https:\/\/www.europesays.com\/fr\/wp-content\/uploads\/2025\/06\/96-_RALLYE-DU-COEUR-2025_AM.jpg\"\/><\/a><\/p>\n<p>\n                                96. Guillaume Michel en Alfa-Romeo, SZ de 1989<\/p>\n<p><br style=\"clear: both\"\/><\/p>\n<p>                                <a href=\"https:\/\/www.europesays.com\/fr\/wp-content\/uploads\/2025\/06\/97-_RALLYE-DU-COEUR-2025_AM.jpg\" title=\"97. Anne-Sophie Veroone, en Mini Asutin Cabriolet de 1993, avec Lorely\" data-rl_title=\"97. Anne-Sophie Veroone, en Mini Asutin Cabriolet de 1993, avec Lorely\" class=\"rl-gallery-link\" data-rl_caption=\"\" data-rel=\"lightbox-gallery-bGlnaHRib3gtZ2FsbGVyeS0w\" data-rl_><img loading=\"lazy\" decoding=\"async\" width=\"900\" height=\"662\" src=\"data:image\/svg+xml,%3Csvg%20xmlns=\" http:=\"\" class=\"attachment-large size-large\" alt=\"\" aria-describedby=\"gallery--161154\" data-lazy- data-lazy- data-lazy-src=\"https:\/\/www.europesays.com\/fr\/wp-content\/uploads\/2025\/06\/97-_RALLYE-DU-COEUR-2025_AM.jpg\"\/><\/a><\/p>\n<p>\n                                97. Anne-Sophie Veroone, en Mini Asutin Cabriolet de 1993, avec Lorely<\/p>\n<p>                                <a href=\"https:\/\/www.europesays.com\/fr\/wp-content\/uploads\/2025\/06\/98-_RALLYE-DU-COEUR-2025_AM.jpg\" title=\"98. Patrick Bergia en Mc Laren 720s de 2018\" data-rl_title=\"98. Patrick Bergia en Mc Laren 720s de 2018\" class=\"rl-gallery-link\" data-rl_caption=\"\" data-rel=\"lightbox-gallery-bGlnaHRib3gtZ2FsbGVyeS0w\" data-rl_><img loading=\"lazy\" decoding=\"async\" width=\"900\" height=\"651\" src=\"data:image\/svg+xml,%3Csvg%20xmlns=\" http:=\"\" class=\"attachment-large size-large\" alt=\"\" aria-describedby=\"gallery--161155\" data-lazy- data-lazy- data-lazy-src=\"https:\/\/www.europesays.com\/fr\/wp-content\/uploads\/2025\/06\/98-_RALLYE-DU-COEUR-2025_AM.jpg\"\/><\/a><\/p>\n<p>\n                                98. Patrick Bergia en Mc Laren 720s de 2018<\/p>\n<p><br style=\"clear: both\"\/><\/p>\n<p>                                <a href=\"https:\/\/www.europesays.com\/fr\/wp-content\/uploads\/2025\/06\/99-_RALLYE-DU-COEUR-2025_AM.jpg\" title=\"99. Michel Goutorbe en Aston-Martin DBS Superleggerra Volante de 2021\" data-rl_title=\"99. Michel Goutorbe en Aston-Martin DBS Superleggerra Volante de 2021\" class=\"rl-gallery-link\" data-rl_caption=\"\" data-rel=\"lightbox-gallery-bGlnaHRib3gtZ2FsbGVyeS0w\" data-rl_><img loading=\"lazy\" decoding=\"async\" width=\"900\" height=\"599\" src=\"data:image\/svg+xml,%3Csvg%20xmlns=\" http:=\"\" class=\"attachment-large size-large\" alt=\"\" aria-describedby=\"gallery--161156\" data-lazy- data-lazy- data-lazy-src=\"https:\/\/www.europesays.com\/fr\/wp-content\/uploads\/2025\/06\/99-_RALLYE-DU-COEUR-2025_AM.jpg\"\/><\/a><\/p>\n<p>\n                                99. Michel Goutorbe en Aston-Martin DBS Superleggerra Volante de 2021<\/p>\n<p>                                <a href=\"https:\/\/www.europesays.com\/fr\/wp-content\/uploads\/2025\/06\/100-_RALLYE-DU-COEUR-2025_AM.jpg\" title=\"100. Baudoin Saint Olive, pr\u00e9sident du cercle de l\u2019union au volant d\u2019une Ferrari F12 tour de France, avec Nah\u00e9\" data-rl_title=\"100. Baudoin Saint Olive, pr\u00e9sident du cercle de l\u2019union au volant d\u2019une Ferrari F12 tour de France, avec Nah\u00e9\" class=\"rl-gallery-link\" data-rl_caption=\"\" data-rel=\"lightbox-gallery-bGlnaHRib3gtZ2FsbGVyeS0w\" data-rl_><img loading=\"lazy\" decoding=\"async\" width=\"900\" height=\"599\" src=\"data:image\/svg+xml,%3Csvg%20xmlns=\" http:=\"\" class=\"attachment-large size-large\" alt=\"\" aria-describedby=\"gallery--161157\" data-lazy- data-lazy- data-lazy-src=\"https:\/\/www.europesays.com\/fr\/wp-content\/uploads\/2025\/06\/100-_RALLYE-DU-COEUR-2025_AM.jpg\"\/><\/a><\/p>\n<p>\n                                100. Baudoin Saint Olive, pr\u00e9sident du cercle de l\u2019union au volant d\u2019une Ferrari F12 tour de France, avec Nah\u00e9<\/p>\n<p><br style=\"clear: both\"\/><\/p>\n<p>                                <a href=\"https:\/\/www.europesays.com\/fr\/wp-content\/uploads\/2025\/06\/101-_RALLYE-DU-COEUR-2025_AM.jpg\" title=\"101. L\u2019orangerie du ch\u00e2teau de Salette transform\u00e9e en restaurant\" data-rl_title=\"101. L\u2019orangerie du ch\u00e2teau de Salette transform\u00e9e en restaurant\" class=\"rl-gallery-link\" data-rl_caption=\"\" data-rel=\"lightbox-gallery-bGlnaHRib3gtZ2FsbGVyeS0w\" data-rl_><img loading=\"lazy\" decoding=\"async\" width=\"900\" height=\"599\" src=\"data:image\/svg+xml,%3Csvg%20xmlns=\" http:=\"\" class=\"attachment-large size-large\" alt=\"\" aria-describedby=\"gallery--161158\" data-lazy- data-lazy- data-lazy-src=\"https:\/\/www.europesays.com\/fr\/wp-content\/uploads\/2025\/06\/101-_RALLYE-DU-COEUR-2025_AM.jpg\"\/><\/a><\/p>\n<p>\n                                101. L\u2019orangerie du ch\u00e2teau de Salette transform\u00e9e en restaurant<\/p>\n<p>                                <a href=\"https:\/\/www.europesays.com\/fr\/wp-content\/uploads\/2025\/06\/102-_RALLYE-DU-COEUR-2025_AM.jpg\" title=\"102. 320 v\u00e9hicules de collection et supercars d\u2019exception et leurs \u00e9quipages ont investi le ch\u00e2teau de Salette (38)\" data-rl_title=\"102. 320 v\u00e9hicules de collection et supercars d\u2019exception et leurs \u00e9quipages ont investi le ch\u00e2teau de Salette (38)\" class=\"rl-gallery-link\" data-rl_caption=\"\" data-rel=\"lightbox-gallery-bGlnaHRib3gtZ2FsbGVyeS0w\" data-rl_><img loading=\"lazy\" decoding=\"async\" width=\"900\" height=\"599\" src=\"data:image\/svg+xml,%3Csvg%20xmlns=\" http:=\"\" class=\"attachment-large size-large\" alt=\"\" aria-describedby=\"gallery--161159\" data-lazy- data-lazy- data-lazy-src=\"https:\/\/www.europesays.com\/fr\/wp-content\/uploads\/2025\/06\/102-_RALLYE-DU-COEUR-2025_AM.jpg\"\/><\/a><\/p>\n<p>\n                                102. 320 v\u00e9hicules de collection et supercars d\u2019exception et leurs \u00e9quipages ont investi le ch\u00e2teau de Salette (38)<\/p>\n<p><br style=\"clear: both\"\/><\/p>\n<p>                                <a href=\"https:\/\/www.europesays.com\/fr\/wp-content\/uploads\/2025\/06\/104-_RALLYE-DU-COEUR-2025_AM.jpg\" title=\"104. Des \u00e9quipages venus de France et de Suisse\" data-rl_title=\"104. Des \u00e9quipages venus de France et de Suisse\" class=\"rl-gallery-link\" data-rl_caption=\"\" data-rel=\"lightbox-gallery-bGlnaHRib3gtZ2FsbGVyeS0w\" data-rl_><img loading=\"lazy\" decoding=\"async\" width=\"900\" height=\"599\" src=\"data:image\/svg+xml,%3Csvg%20xmlns=\" http:=\"\" class=\"attachment-large size-large\" alt=\"\" aria-describedby=\"gallery--161160\" data-lazy- data-lazy- data-lazy-src=\"https:\/\/www.europesays.com\/fr\/wp-content\/uploads\/2025\/06\/104-_RALLYE-DU-COEUR-2025_AM.jpg\"\/><\/a><\/p>\n<p>\n                                104. Des \u00e9quipages venus de France et de Suisse<\/p>\n<p>                                <a href=\"https:\/\/www.europesays.com\/fr\/wp-content\/uploads\/2025\/06\/105-_RALLYE-DU-COEUR-2025_AM.jpg\" title=\"105. L\u2019\u00e9quipage 991 membre du Sportives Club de l\u2019Ain\" data-rl_title=\"105. L\u2019\u00e9quipage 991 membre du Sportives Club de l\u2019Ain\" class=\"rl-gallery-link\" data-rl_caption=\"\" data-rel=\"lightbox-gallery-bGlnaHRib3gtZ2FsbGVyeS0w\" data-rl_><img loading=\"lazy\" decoding=\"async\" width=\"900\" height=\"619\" src=\"data:image\/svg+xml,%3Csvg%20xmlns=\" http:=\"\" class=\"attachment-large size-large\" alt=\"\" aria-describedby=\"gallery--161161\" data-lazy- data-lazy- data-lazy-src=\"https:\/\/www.europesays.com\/fr\/wp-content\/uploads\/2025\/06\/105-_RALLYE-DU-COEUR-2025_AM.jpg\"\/><\/a><\/p>\n<p>\n                                105. L\u2019\u00e9quipage 991 membre du Sportives Club de l\u2019Ain<\/p>\n<p><br style=\"clear: both\"\/><\/p>\n<p>                                <a href=\"https:\/\/www.europesays.com\/fr\/wp-content\/uploads\/2025\/06\/106-_RALLYE-DU-COEUR-2025_AM.jpg\" title=\"106. La marque Audi \u00e9galement repr\u00e9sent\u00e9e avec cette RS6 R Abt pilot\u00e9e par Alexandre Jeannerod\" data-rl_title=\"106. La marque Audi \u00e9galement repr\u00e9sent\u00e9e avec cette RS6 R Abt pilot\u00e9e par Alexandre Jeannerod\" class=\"rl-gallery-link\" data-rl_caption=\"\" data-rel=\"lightbox-gallery-bGlnaHRib3gtZ2FsbGVyeS0w\" data-rl_><img loading=\"lazy\" decoding=\"async\" width=\"900\" height=\"620\" src=\"data:image\/svg+xml,%3Csvg%20xmlns=\" http:=\"\" class=\"attachment-large size-large\" alt=\"\" aria-describedby=\"gallery--161162\" data-lazy- data-lazy- data-lazy-src=\"https:\/\/www.europesays.com\/fr\/wp-content\/uploads\/2025\/06\/106-_RALLYE-DU-COEUR-2025_AM.jpg\"\/><\/a><\/p>\n<p>\n                                106. La marque Audi \u00e9galement repr\u00e9sent\u00e9e avec cette RS6 R Abt pilot\u00e9e par Alexandre Jeannerod <\/p>\n<p>                                <a href=\"https:\/\/www.europesays.com\/fr\/wp-content\/uploads\/2025\/06\/107-_RALLYE-DU-COEUR-2025_AM.jpg\" title=\"107. La BMW 78 pilot\u00e9e par Cyrille Arnaud\" data-rl_title=\"107. La BMW 78 pilot\u00e9e par Cyrille Arnaud\" class=\"rl-gallery-link\" data-rl_caption=\"\" data-rel=\"lightbox-gallery-bGlnaHRib3gtZ2FsbGVyeS0w\" data-rl_><img loading=\"lazy\" decoding=\"async\" width=\"900\" height=\"599\" src=\"data:image\/svg+xml,%3Csvg%20xmlns=\" http:=\"\" class=\"attachment-large size-large\" alt=\"\" aria-describedby=\"gallery--161163\" data-lazy- data-lazy- data-lazy-src=\"https:\/\/www.europesays.com\/fr\/wp-content\/uploads\/2025\/06\/107-_RALLYE-DU-COEUR-2025_AM.jpg\"\/><\/a><\/p>\n<p>\n                                107. La BMW 78 pilot\u00e9e par Cyrille Arnaud<\/p>\n<p><br style=\"clear: both\"\/><\/p>\n<p>                                <a href=\"https:\/\/www.europesays.com\/fr\/wp-content\/uploads\/2025\/06\/108-_RALLYE-DU-COEUR-2025_AM.jpg\" title=\"108. Au milieu des supercars, la v\u00e9n\u00e9rable Mercedes 220 SE de Xavier Gaillard\" data-rl_title=\"108. Au milieu des supercars, la v\u00e9n\u00e9rable Mercedes 220 SE de Xavier Gaillard\" class=\"rl-gallery-link\" data-rl_caption=\"\" data-rel=\"lightbox-gallery-bGlnaHRib3gtZ2FsbGVyeS0w\" data-rl_><img loading=\"lazy\" decoding=\"async\" width=\"900\" height=\"599\" src=\"data:image\/svg+xml,%3Csvg%20xmlns=\" http:=\"\" class=\"attachment-large size-large\" alt=\"\" aria-describedby=\"gallery--161164\" data-lazy- data-lazy- data-lazy-src=\"https:\/\/www.europesays.com\/fr\/wp-content\/uploads\/2025\/06\/108-_RALLYE-DU-COEUR-2025_AM.jpg\"\/><\/a><\/p>\n<p>\n                                108. Au milieu des supercars, la v\u00e9n\u00e9rable Mercedes 220 SE de Xavier Gaillard<\/p>\n<p>                                <a href=\"https:\/\/www.europesays.com\/fr\/wp-content\/uploads\/2025\/06\/109-_RALLYE-DU-COEUR-2025_AM.jpg\" title=\"109. La Mc Laren 570S Spider pilot\u00e9e par J\u00e9r\u00e9mie Guinin\" data-rl_title=\"109. La Mc Laren 570S Spider pilot\u00e9e par J\u00e9r\u00e9mie Guinin\" class=\"rl-gallery-link\" data-rl_caption=\"\" data-rel=\"lightbox-gallery-bGlnaHRib3gtZ2FsbGVyeS0w\" data-rl_><img loading=\"lazy\" decoding=\"async\" width=\"900\" height=\"599\" src=\"data:image\/svg+xml,%3Csvg%20xmlns=\" http:=\"\" class=\"attachment-large size-large\" alt=\"\" aria-describedby=\"gallery--161165\" data-lazy- data-lazy- data-lazy-src=\"https:\/\/www.europesays.com\/fr\/wp-content\/uploads\/2025\/06\/109-_RALLYE-DU-COEUR-2025_AM.jpg\"\/><\/a><\/p>\n<p>\n                                109. La Mc Laren 570S Spider pilot\u00e9e par J\u00e9r\u00e9mie Guinin<\/p>\n<p><br style=\"clear: both\"\/><\/p>\n<p>                                <a href=\"https:\/\/www.europesays.com\/fr\/wp-content\/uploads\/2025\/06\/110-_RALLYE-DU-COEUR-2025_AM.jpg\" title=\"110. Le ch\u00e2teau de Salette a \u00e9t\u00e9 \u00e9difi\u00e9 vers 1870-1880 et conserve quelques d\u00e9cors de cette \u00e9poque\" data-rl_title=\"110. Le ch\u00e2teau de Salette a \u00e9t\u00e9 \u00e9difi\u00e9 vers 1870-1880 et conserve quelques d\u00e9cors de cette \u00e9poque\" class=\"rl-gallery-link\" data-rl_caption=\"\" data-rel=\"lightbox-gallery-bGlnaHRib3gtZ2FsbGVyeS0w\" data-rl_><img loading=\"lazy\" decoding=\"async\" width=\"900\" height=\"626\" src=\"data:image\/svg+xml,%3Csvg%20xmlns=\" http:=\"\" class=\"attachment-large size-large\" alt=\"\" aria-describedby=\"gallery--161166\" data-lazy- data-lazy- data-lazy-src=\"https:\/\/www.europesays.com\/fr\/wp-content\/uploads\/2025\/06\/110-_RALLYE-DU-COEUR-2025_AM.jpg\"\/><\/a><\/p>\n<p>\n                                110. Le ch\u00e2teau de Salette a \u00e9t\u00e9 \u00e9difi\u00e9 vers 1870-1880 et conserve quelques d\u00e9cors de cette \u00e9poque<\/p>\n<p>                                <a href=\"https:\/\/www.europesays.com\/fr\/wp-content\/uploads\/2025\/06\/111-_RALLYE-DU-COEUR-2025_AM.jpg\" title=\"111. Mecanic Gallery a pr\u00e9sent\u00e9 cette Bugatti T38\" data-rl_title=\"111. Mecanic Gallery a pr\u00e9sent\u00e9 cette Bugatti T38\" class=\"rl-gallery-link\" data-rl_caption=\"\" data-rel=\"lightbox-gallery-bGlnaHRib3gtZ2FsbGVyeS0w\" data-rl_><img loading=\"lazy\" decoding=\"async\" width=\"900\" height=\"622\" src=\"data:image\/svg+xml,%3Csvg%20xmlns=\" http:=\"\" class=\"attachment-large size-large\" alt=\"\" aria-describedby=\"gallery--161167\" data-lazy- data-lazy- data-lazy-src=\"https:\/\/www.europesays.com\/fr\/wp-content\/uploads\/2025\/06\/111-_RALLYE-DU-COEUR-2025_AM.jpg\"\/><\/a><\/p>\n<p>\n                                111. Mecanic Gallery a pr\u00e9sent\u00e9 cette Bugatti T38<\/p>\n<p><br style=\"clear: both\"\/><\/p>\n<p>                                <a href=\"https:\/\/www.europesays.com\/fr\/wp-content\/uploads\/2025\/06\/112-_RALLYE-DU-COEUR-2025_AM.jpg\" title=\"112. Au premier plan, une rarissime Bugatti Type 57 Ventoux pilot\u00e9e par Patrick Arnaud\" data-rl_title=\"112. Au premier plan, une rarissime Bugatti Type 57 Ventoux pilot\u00e9e par Patrick Arnaud\" class=\"rl-gallery-link\" data-rl_caption=\"\" data-rel=\"lightbox-gallery-bGlnaHRib3gtZ2FsbGVyeS0w\" data-rl_><img loading=\"lazy\" decoding=\"async\" width=\"900\" height=\"604\" src=\"data:image\/svg+xml,%3Csvg%20xmlns=\" http:=\"\" class=\"attachment-large size-large\" alt=\"\" aria-describedby=\"gallery--161168\" data-lazy- data-lazy- data-lazy-src=\"https:\/\/www.europesays.com\/fr\/wp-content\/uploads\/2025\/06\/112-_RALLYE-DU-COEUR-2025_AM.jpg\"\/><\/a><\/p>\n<p>\n                                112. Au premier plan, une rarissime Bugatti Type 57 Ventoux pilot\u00e9e par Patrick Arnaud<\/p>\n<p>                                <a href=\"https:\/\/www.europesays.com\/fr\/wp-content\/uploads\/2025\/06\/113-_RALLYE-DU-COEUR-2025_AM.jpg\" title=\"113.\" data-rl_title=\"113.\" class=\"rl-gallery-link\" data-rl_caption=\"\" data-rel=\"lightbox-gallery-bGlnaHRib3gtZ2FsbGVyeS0w\" data-rl_><img loading=\"lazy\" decoding=\"async\" width=\"900\" height=\"599\" src=\"data:image\/svg+xml,%3Csvg%20xmlns=\" http:=\"\" class=\"attachment-large size-large\" alt=\"\" aria-describedby=\"gallery--161169\" data-lazy- data-lazy- data-lazy-src=\"https:\/\/www.europesays.com\/fr\/wp-content\/uploads\/2025\/06\/113-_RALLYE-DU-COEUR-2025_AM.jpg\"\/><\/a><\/p>\n<p>\n                                113. <\/p>\n<p><br style=\"clear: both\"\/><\/p>\n<p>                                <a href=\"https:\/\/www.europesays.com\/fr\/wp-content\/uploads\/2025\/06\/114-_RALLYE-DU-COEUR-2025_AM.jpg\" title=\"114.\" data-rl_title=\"114.\" class=\"rl-gallery-link\" data-rl_caption=\"\" data-rel=\"lightbox-gallery-bGlnaHRib3gtZ2FsbGVyeS0w\" data-rl_><img loading=\"lazy\" decoding=\"async\" width=\"900\" height=\"599\" src=\"data:image\/svg+xml,%3Csvg%20xmlns=\" http:=\"\" class=\"attachment-large size-large\" alt=\"\" aria-describedby=\"gallery--161170\" data-lazy- data-lazy- data-lazy-src=\"https:\/\/www.europesays.com\/fr\/wp-content\/uploads\/2025\/06\/114-_RALLYE-DU-COEUR-2025_AM.jpg\"\/><\/a><\/p>\n<p>\n                                114. <\/p>\n<p>                                <a href=\"https:\/\/www.europesays.com\/fr\/wp-content\/uploads\/2025\/06\/115-_RALLYE-DU-COEUR-2025_AM.jpg\" title=\"115. Les mod\u00e8les RR ann\u00e9es 30 et 50 pr\u00e9sent\u00e9s par le Rolls Royce Bentley Club de Lyon\" data-rl_title=\"115. Les mod\u00e8les RR ann\u00e9es 30 et 50 pr\u00e9sent\u00e9s par le Rolls Royce Bentley Club de Lyon\" class=\"rl-gallery-link\" data-rl_caption=\"\" data-rel=\"lightbox-gallery-bGlnaHRib3gtZ2FsbGVyeS0w\" data-rl_><img loading=\"lazy\" decoding=\"async\" width=\"900\" height=\"604\" src=\"data:image\/svg+xml,%3Csvg%20xmlns=\" http:=\"\" class=\"attachment-large size-large\" alt=\"\" aria-describedby=\"gallery--161171\" data-lazy- data-lazy- data-lazy-src=\"https:\/\/www.europesays.com\/fr\/wp-content\/uploads\/2025\/06\/115-_RALLYE-DU-COEUR-2025_AM.jpg\"\/><\/a><\/p>\n<p>\n                                115. Les mod\u00e8les RR ann\u00e9es 30 et 50 pr\u00e9sent\u00e9s par le Rolls Royce Bentley Club de Lyon <\/p>\n<p><br style=\"clear: both\"\/><\/p>\n<p>                                <a href=\"https:\/\/www.europesays.com\/fr\/wp-content\/uploads\/2025\/06\/116-_RALLYE-DU-COEUR-2025_AM.jpg\" title=\"116.\" data-rl_title=\"116.\" class=\"rl-gallery-link\" data-rl_caption=\"\" data-rel=\"lightbox-gallery-bGlnaHRib3gtZ2FsbGVyeS0w\" data-rl_><img loading=\"lazy\" decoding=\"async\" width=\"900\" height=\"599\" src=\"data:image\/svg+xml,%3Csvg%20xmlns=\" http:=\"\" class=\"attachment-large size-large\" alt=\"\" aria-describedby=\"gallery--161172\" data-lazy- data-lazy- data-lazy-src=\"https:\/\/www.europesays.com\/fr\/wp-content\/uploads\/2025\/06\/116-_RALLYE-DU-COEUR-2025_AM.jpg\"\/><\/a><\/p>\n<p>\n                                116. <\/p>\n<p>                                <a href=\"https:\/\/www.europesays.com\/fr\/wp-content\/uploads\/2025\/06\/117-_RALLYE-DU-COEUR-2025_AM.jpg\" title=\"117.\" data-rl_title=\"117.\" class=\"rl-gallery-link\" data-rl_caption=\"\" data-rel=\"lightbox-gallery-bGlnaHRib3gtZ2FsbGVyeS0w\" data-rl_><img loading=\"lazy\" decoding=\"async\" width=\"900\" height=\"599\" src=\"data:image\/svg+xml,%3Csvg%20xmlns=\" http:=\"\" class=\"attachment-large size-large\" alt=\"\" aria-describedby=\"gallery--161173\" data-lazy- data-lazy- data-lazy-src=\"https:\/\/www.europesays.com\/fr\/wp-content\/uploads\/2025\/06\/117-_RALLYE-DU-COEUR-2025_AM.jpg\"\/><\/a><\/p>\n<p>\n                                117. <\/p>\n<p><br style=\"clear: both\"\/><\/p>\n<p>                                <a href=\"https:\/\/www.europesays.com\/fr\/wp-content\/uploads\/2025\/06\/118-_RALLYE-DU-COEUR-2025_AM.jpg\" title=\"118.\" data-rl_title=\"118.\" class=\"rl-gallery-link\" data-rl_caption=\"\" data-rel=\"lightbox-gallery-bGlnaHRib3gtZ2FsbGVyeS0w\" data-rl_><img loading=\"lazy\" decoding=\"async\" width=\"900\" height=\"599\" src=\"data:image\/svg+xml,%3Csvg%20xmlns=\" http:=\"\" class=\"attachment-large size-large\" alt=\"\" aria-describedby=\"gallery--161174\" data-lazy- data-lazy- data-lazy-src=\"https:\/\/www.europesays.com\/fr\/wp-content\/uploads\/2025\/06\/118-_RALLYE-DU-COEUR-2025_AM.jpg\"\/><\/a><\/p>\n<p>\n                                118. <\/p>\n<p>                                <a href=\"https:\/\/www.europesays.com\/fr\/wp-content\/uploads\/2025\/06\/119-_RALLYE-DU-COEUR-2025_AM.jpg\" title=\"119. Au village partenaires, la soci\u00e9t\u00e9 Adjectif\" data-rl_title=\"119. Au village partenaires, la soci\u00e9t\u00e9 Adjectif\" class=\"rl-gallery-link\" data-rl_caption=\"\" data-rel=\"lightbox-gallery-bGlnaHRib3gtZ2FsbGVyeS0w\" data-rl_><img loading=\"lazy\" decoding=\"async\" width=\"900\" height=\"599\" src=\"data:image\/svg+xml,%3Csvg%20xmlns=\" http:=\"\" class=\"attachment-large size-large\" alt=\"\" aria-describedby=\"gallery--161175\" data-lazy- data-lazy- data-lazy-src=\"https:\/\/www.europesays.com\/fr\/wp-content\/uploads\/2025\/06\/119-_RALLYE-DU-COEUR-2025_AM.jpg\"\/><\/a><\/p>\n<p>\n                                119. Au village partenaires, la soci\u00e9t\u00e9 Adjectif<\/p>\n<p><br style=\"clear: both\"\/><\/p>\n<p>                                <a href=\"https:\/\/www.europesays.com\/fr\/wp-content\/uploads\/2025\/06\/120-_RALLYE-DU-COEUR-2025_AM.jpg\" title=\"120. La pr\u00e9sentation du road book\" data-rl_title=\"120. La pr\u00e9sentation du road book\" class=\"rl-gallery-link\" data-rl_caption=\"\" data-rel=\"lightbox-gallery-bGlnaHRib3gtZ2FsbGVyeS0w\" data-rl_><img loading=\"lazy\" decoding=\"async\" width=\"900\" height=\"599\" src=\"data:image\/svg+xml,%3Csvg%20xmlns=\" http:=\"\" class=\"attachment-large size-large\" alt=\"\" aria-describedby=\"gallery--161176\" data-lazy- data-lazy- data-lazy-src=\"https:\/\/www.europesays.com\/fr\/wp-content\/uploads\/2025\/06\/120-_RALLYE-DU-COEUR-2025_AM.jpg\"\/><\/a><\/p>\n<p>\n                                120. La pr\u00e9sentation du road book <\/p>\n<p>                                <a href=\"https:\/\/www.europesays.com\/fr\/wp-content\/uploads\/2025\/06\/121-_RALLYE-DU-COEUR-2025_AM.jpg\" title=\"121. Et des consignes de s\u00e9curit\u00e9.\" data-rl_title=\"121. Et des consignes de s\u00e9curit\u00e9.\" class=\"rl-gallery-link\" data-rl_caption=\"\" data-rel=\"lightbox-gallery-bGlnaHRib3gtZ2FsbGVyeS0w\" data-rl_><img loading=\"lazy\" decoding=\"async\" width=\"900\" height=\"599\" src=\"data:image\/svg+xml,%3Csvg%20xmlns=\" http:=\"\" class=\"attachment-large size-large\" alt=\"\" aria-describedby=\"gallery--161205\" data-lazy- data-lazy- data-lazy-src=\"https:\/\/www.europesays.com\/fr\/wp-content\/uploads\/2025\/06\/121-_RALLYE-DU-COEUR-2025_AM.jpg\"\/><\/a><\/p>\n<p>\n                                121. Et des consignes de s\u00e9curit\u00e9. <\/p>\n<p><br style=\"clear: both\"\/><\/p>\n<p>                                <a href=\"https:\/\/www.europesays.com\/fr\/wp-content\/uploads\/2025\/06\/122-_RALLYE-DU-COEUR-2025_AM.jpg\" title=\"122. D\u00e9part de la balade pour les enfants\" data-rl_title=\"122. D\u00e9part de la balade pour les enfants\" class=\"rl-gallery-link\" data-rl_caption=\"\" data-rel=\"lightbox-gallery-bGlnaHRib3gtZ2FsbGVyeS0w\" data-rl_><img loading=\"lazy\" decoding=\"async\" width=\"900\" height=\"599\" src=\"data:image\/svg+xml,%3Csvg%20xmlns=\" http:=\"\" class=\"attachment-large size-large\" alt=\"\" aria-describedby=\"gallery--161177\" data-lazy- data-lazy- data-lazy-src=\"https:\/\/www.europesays.com\/fr\/wp-content\/uploads\/2025\/06\/122-_RALLYE-DU-COEUR-2025_AM.jpg\"\/><\/a><\/p>\n<p>\n                                122. D\u00e9part de la balade pour les enfants <\/p>\n<p>                                <a href=\"https:\/\/www.europesays.com\/fr\/wp-content\/uploads\/2025\/06\/123-_RALLYE-DU-COEUR-2025_AM.jpg\" title=\"123. Mise en place du convoi emmen\u00e9 par la Lancia Delta Evoluzione de Benoit, suivi d\u2019une Jaguar Type E\" data-rl_title=\"123. Mise en place du convoi emmen\u00e9 par la Lancia Delta Evoluzione de Benoit, suivi d\u2019une Jaguar Type E\" class=\"rl-gallery-link\" data-rl_caption=\"\" data-rel=\"lightbox-gallery-bGlnaHRib3gtZ2FsbGVyeS0w\" data-rl_><img loading=\"lazy\" decoding=\"async\" width=\"900\" height=\"599\" src=\"data:image\/svg+xml,%3Csvg%20xmlns=\" http:=\"\" class=\"attachment-large size-large\" alt=\"\" aria-describedby=\"gallery--161178\" data-lazy- data-lazy- data-lazy-src=\"https:\/\/www.europesays.com\/fr\/wp-content\/uploads\/2025\/06\/123-_RALLYE-DU-COEUR-2025_AM.jpg\"\/><\/a><\/p>\n<p>\n                                123. Mise en place du convoi emmen\u00e9 par la Lancia Delta Evoluzione de Benoit, suivi d\u2019une Jaguar Type E <\/p>\n<p><br style=\"clear: both\"\/><\/p>\n<p>                                <a href=\"https:\/\/www.europesays.com\/fr\/wp-content\/uploads\/2025\/06\/124-_RALLYE-DU-COEUR-2025_AM.jpg\" title=\"124. En embuscade, la Porsche 911 4s cabriolet de St\u00e9phane et de son copilote Mael\" data-rl_title=\"124. En embuscade, la Porsche 911 4s cabriolet de St\u00e9phane et de son copilote Mael\" class=\"rl-gallery-link\" data-rl_caption=\"\" data-rel=\"lightbox-gallery-bGlnaHRib3gtZ2FsbGVyeS0w\" data-rl_><img loading=\"lazy\" decoding=\"async\" width=\"900\" height=\"599\" src=\"data:image\/svg+xml,%3Csvg%20xmlns=\" http:=\"\" class=\"attachment-large size-large\" alt=\"\" aria-describedby=\"gallery--161206\" data-lazy- data-lazy- data-lazy-src=\"https:\/\/www.europesays.com\/fr\/wp-content\/uploads\/2025\/06\/124-_RALLYE-DU-COEUR-2025_AM.jpg\"\/><\/a><\/p>\n<p>\n                                124. En embuscade, la Porsche 911 4s cabriolet de St\u00e9phane et de son copilote Mael <\/p>\n<p>                                <a href=\"https:\/\/www.europesays.com\/fr\/wp-content\/uploads\/2025\/06\/125-_RALLYE-DU-COEUR-2025_AM.jpg\" title=\"125.. En arri\u00e8re-plan, le ravissant pavillon d\u2019entr\u00e9e.\" data-rl_title=\"125.. En arri\u00e8re-plan, le ravissant pavillon d\u2019entr\u00e9e.\" class=\"rl-gallery-link\" data-rl_caption=\"\" data-rel=\"lightbox-gallery-bGlnaHRib3gtZ2FsbGVyeS0w\" data-rl_><img loading=\"lazy\" decoding=\"async\" width=\"900\" height=\"599\" src=\"data:image\/svg+xml,%3Csvg%20xmlns=\" http:=\"\" class=\"attachment-large size-large\" alt=\"\" aria-describedby=\"gallery--161179\" data-lazy- data-lazy- data-lazy-src=\"https:\/\/www.europesays.com\/fr\/wp-content\/uploads\/2025\/06\/125-_RALLYE-DU-COEUR-2025_AM.jpg\"\/><\/a><\/p>\n<p>\n                                125.. En arri\u00e8re-plan, le ravissant pavillon d\u2019entr\u00e9e. <\/p>\n<p><br style=\"clear: both\"\/><\/p>\n<p>                                <a href=\"https:\/\/www.europesays.com\/fr\/wp-content\/uploads\/2025\/06\/126-_RALLYE-DU-COEUR-2025_AM.jpg\" title=\"126. Et passage par l\u2019all\u00e9e d\u2019honneur du ch\u00e2teau de Salette\" data-rl_title=\"126. Et passage par l\u2019all\u00e9e d\u2019honneur du ch\u00e2teau de Salette\" class=\"rl-gallery-link\" data-rl_caption=\"\" data-rel=\"lightbox-gallery-bGlnaHRib3gtZ2FsbGVyeS0w\" data-rl_><img loading=\"lazy\" decoding=\"async\" width=\"900\" height=\"599\" src=\"data:image\/svg+xml,%3Csvg%20xmlns=\" http:=\"\" class=\"attachment-large size-large\" alt=\"\" aria-describedby=\"gallery--161180\" data-lazy- data-lazy- data-lazy-src=\"https:\/\/www.europesays.com\/fr\/wp-content\/uploads\/2025\/06\/126-_RALLYE-DU-COEUR-2025_AM.jpg\"\/><\/a><\/p>\n<p>\n                                126. Et passage par l\u2019all\u00e9e d\u2019honneur du ch\u00e2teau de Salette <\/p>\n<p>                                <a href=\"https:\/\/www.europesays.com\/fr\/wp-content\/uploads\/2025\/06\/127-_RALLYE-DU-COEUR-2025_AM.jpg\" title=\"127. Audi RS6 R Abt pilot\u00e9e par Alexandre Jeannerod\" data-rl_title=\"127. Audi RS6 R Abt pilot\u00e9e par Alexandre Jeannerod\" class=\"rl-gallery-link\" data-rl_caption=\"\" data-rel=\"lightbox-gallery-bGlnaHRib3gtZ2FsbGVyeS0w\" data-rl_><img loading=\"lazy\" decoding=\"async\" width=\"900\" height=\"599\" src=\"data:image\/svg+xml,%3Csvg%20xmlns=\" http:=\"\" class=\"attachment-large size-large\" alt=\"\" aria-describedby=\"gallery--161181\" data-lazy- data-lazy- data-lazy-src=\"https:\/\/www.europesays.com\/fr\/wp-content\/uploads\/2025\/06\/127-_RALLYE-DU-COEUR-2025_AM.jpg\"\/><\/a><\/p>\n<p>\n                                127. Audi RS6 R Abt pilot\u00e9e par Alexandre Jeannerod <\/p>\n<p><br style=\"clear: both\"\/><\/p>\n<p>                                <a href=\"https:\/\/www.europesays.com\/fr\/wp-content\/uploads\/2025\/06\/128-_RALLYE-DU-COEUR-2025_AM.jpg\" title=\"128. Les fans sont au rendez-vous\" data-rl_title=\"128. Les fans sont au rendez-vous\" class=\"rl-gallery-link\" data-rl_caption=\"\" data-rel=\"lightbox-gallery-bGlnaHRib3gtZ2FsbGVyeS0w\" data-rl_><img loading=\"lazy\" decoding=\"async\" width=\"900\" height=\"596\" src=\"data:image\/svg+xml,%3Csvg%20xmlns=\" http:=\"\" class=\"attachment-large size-large\" alt=\"\" aria-describedby=\"gallery--161207\" data-lazy- data-lazy- data-lazy-src=\"https:\/\/www.europesays.com\/fr\/wp-content\/uploads\/2025\/06\/128-_RALLYE-DU-COEUR-2025_AM.jpg\"\/><\/a><\/p>\n<p>\n                                128. Les fans sont au rendez-vous<\/p>\n<p>                                <a href=\"https:\/\/www.europesays.com\/fr\/wp-content\/uploads\/2025\/06\/129-_RALLYE-DU-COEUR-2025_AM.jpg\" title=\"129. L\u2019all\u00e9e majestueuse compos\u00e9e de platanes et de tilleuls centenaires\" data-rl_title=\"129. L\u2019all\u00e9e majestueuse compos\u00e9e de platanes et de tilleuls centenaires\" class=\"rl-gallery-link\" data-rl_caption=\"\" data-rel=\"lightbox-gallery-bGlnaHRib3gtZ2FsbGVyeS0w\" data-rl_><img loading=\"lazy\" decoding=\"async\" width=\"900\" height=\"666\" src=\"data:image\/svg+xml,%3Csvg%20xmlns=\" http:=\"\" class=\"attachment-large size-large\" alt=\"\" aria-describedby=\"gallery--161182\" data-lazy- data-lazy- data-lazy-src=\"https:\/\/www.europesays.com\/fr\/wp-content\/uploads\/2025\/06\/129-_RALLYE-DU-COEUR-2025_AM.jpg\"\/><\/a><\/p>\n<p>\n                                129. L\u2019all\u00e9e majestueuse compos\u00e9e de platanes et de tilleuls centenaires<\/p>\n<p><br style=\"clear: both\"\/><\/p>\n<p>                                <a href=\"https:\/\/www.europesays.com\/fr\/wp-content\/uploads\/2025\/06\/130-_RALLYE-DU-COEUR-2025_AM.jpg\" title=\"130. C\u2019est parti pour une heure de balade\" data-rl_title=\"130. C\u2019est parti pour une heure de balade\" class=\"rl-gallery-link\" data-rl_caption=\"\" data-rel=\"lightbox-gallery-bGlnaHRib3gtZ2FsbGVyeS0w\" data-rl_><img loading=\"lazy\" decoding=\"async\" width=\"900\" height=\"599\" src=\"data:image\/svg+xml,%3Csvg%20xmlns=\" http:=\"\" class=\"attachment-large size-large\" alt=\"\" aria-describedby=\"gallery--161208\" data-lazy- data-lazy- data-lazy-src=\"https:\/\/www.europesays.com\/fr\/wp-content\/uploads\/2025\/06\/130-_RALLYE-DU-COEUR-2025_AM.jpg\"\/><\/a><\/p>\n<p>\n                                130. C\u2019est parti pour une heure de balade <\/p>\n<p>                                <a href=\"https:\/\/www.europesays.com\/fr\/wp-content\/uploads\/2025\/06\/131-_RALLYE-DU-COEUR-2025_AM.jpg\" title=\"131. Pique-nique g\u00e9ant pour les pilotes, les enfants et leurs accompagnants\u2026\" data-rl_title=\"131. Pique-nique g\u00e9ant pour les pilotes, les enfants et leurs accompagnants\u2026\" class=\"rl-gallery-link\" data-rl_caption=\"\" data-rel=\"lightbox-gallery-bGlnaHRib3gtZ2FsbGVyeS0w\" data-rl_><img loading=\"lazy\" decoding=\"async\" width=\"900\" height=\"599\" src=\"data:image\/svg+xml,%3Csvg%20xmlns=\" http:=\"\" class=\"attachment-large size-large\" alt=\"\" aria-describedby=\"gallery--161209\" data-lazy- data-lazy- data-lazy-src=\"https:\/\/www.europesays.com\/fr\/wp-content\/uploads\/2025\/06\/131-_RALLYE-DU-COEUR-2025_AM.jpg\"\/><\/a><\/p>\n<p>\n                                131. Pique-nique g\u00e9ant pour les pilotes, les enfants et leurs accompagnants\u2026 <\/p>\n<p><br style=\"clear: both\"\/><\/p>\n<p>                                <a href=\"https:\/\/www.europesays.com\/fr\/wp-content\/uploads\/2025\/06\/132-_RALLYE-DU-COEUR-2025_AM.jpg\" title=\"132. \u2026dans le parc du ch\u00e2teau class\u00e9 au Monuments Historiques en 2022\" data-rl_title=\"132. \u2026dans le parc du ch\u00e2teau class\u00e9 au Monuments Historiques en 2022\" class=\"rl-gallery-link\" data-rl_caption=\"\" data-rel=\"lightbox-gallery-bGlnaHRib3gtZ2FsbGVyeS0w\" data-rl_><img loading=\"lazy\" decoding=\"async\" width=\"900\" height=\"599\" src=\"data:image\/svg+xml,%3Csvg%20xmlns=\" http:=\"\" class=\"attachment-large size-large\" alt=\"\" aria-describedby=\"gallery--161183\" data-lazy- data-lazy- data-lazy-src=\"https:\/\/www.europesays.com\/fr\/wp-content\/uploads\/2025\/06\/132-_RALLYE-DU-COEUR-2025_AM.jpg\"\/><\/a><\/p>\n<p>\n                                132. \u2026dans le parc du ch\u00e2teau class\u00e9 au Monuments Historiques en 2022<\/p>\n<p>                                <a href=\"https:\/\/www.europesays.com\/fr\/wp-content\/uploads\/2025\/06\/133-Rallye-du-Coeur-LYON.jpg\" title=\"133. Un nouveau record \u00e0 battre l\u2019an prochain !\" data-rl_title=\"133. Un nouveau record \u00e0 battre l\u2019an prochain !\" class=\"rl-gallery-link\" data-rl_caption=\"\" data-rel=\"lightbox-gallery-bGlnaHRib3gtZ2FsbGVyeS0w\" data-rl_><img loading=\"lazy\" decoding=\"async\" width=\"900\" height=\"600\" src=\"data:image\/svg+xml,%3Csvg%20xmlns=\" http:=\"\" class=\"attachment-large size-large\" alt=\"\" aria-describedby=\"gallery--161184\" data-lazy- data-lazy- data-lazy-src=\"https:\/\/www.europesays.com\/fr\/wp-content\/uploads\/2025\/06\/133-Rallye-du-Coeur-LYON.jpg\"\/><\/a><\/p>\n<p>\n                                133. Un nouveau record \u00e0 battre l\u2019an prochain ! <\/p>\n<p><br style=\"clear: both\"\/><\/p>\n","protected":false},"excerpt":{"rendered":"Texte\u00a0: Marco Polisson \u2013 Encore une fois la magie a op\u00e9r\u00e9. La 5\u00e8me \u00e9dition du Rallye du C\u0153ur&hellip;\n","protected":false},"author":2,"featured_media":200018,"comment_status":"","ping_status":"","sticky":false,"template":"","format":"standard","meta":{"footnotes":""},"categories":[1889],"tags":[4257,1111,47,11,2430,1777,674,1011,27,2428,12,33950,25],"class_list":{"0":"post-200017","1":"post","2":"type-post","3":"status-publish","4":"format-standard","5":"has-post-thumbnail","7":"category-lyon","8":"tag-0top","9":"tag-actu","10":"tag-actualite","11":"tag-actualites","12":"tag-auvergne-rhone-alpes","13":"tag-eu","14":"tag-europe","15":"tag-fr","16":"tag-france","17":"tag-lyon","18":"tag-news","19":"tag-rallye-du-coeur","20":"tag-republique-francaise"},"share_on_mastodon":{"url":"https:\/\/pubeurope.com\/@fr\/114736838694324359","error":""},"_links":{"self":[{"href":"https:\/\/www.europesays.com\/fr\/wp-json\/wp\/v2\/posts\/200017","targetHints":{"allow":["GET"]}}],"collection":[{"href":"https:\/\/www.europesays.com\/fr\/wp-json\/wp\/v2\/posts"}],"about":[{"href":"https:\/\/www.europesays.com\/fr\/wp-json\/wp\/v2\/types\/post"}],"author":[{"embeddable":true,"href":"https:\/\/www.europesays.com\/fr\/wp-json\/wp\/v2\/users\/2"}],"replies":[{"embeddable":true,"href":"https:\/\/www.europesays.com\/fr\/wp-json\/wp\/v2\/comments?post=200017"}],"version-history":[{"count":0,"href":"https:\/\/www.europesays.com\/fr\/wp-json\/wp\/v2\/posts\/200017\/revisions"}],"wp:featuredmedia":[{"embeddable":true,"href":"https:\/\/www.europesays.com\/fr\/wp-json\/wp\/v2\/media\/200018"}],"wp:attachment":[{"href":"https:\/\/www.europesays.com\/fr\/wp-json\/wp\/v2\/media?parent=200017"}],"wp:term":[{"taxonomy":"category","embeddable":true,"href":"https:\/\/www.europesays.com\/fr\/wp-json\/wp\/v2\/categories?post=200017"},{"taxonomy":"post_tag","embeddable":true,"href":"https:\/\/www.europesays.com\/fr\/wp-json\/wp\/v2\/tags?post=200017"}],"curies":[{"name":"wp","href":"https:\/\/api.w.org\/{rel}","templated":true}]}}