{"id":200101,"date":"2025-06-24T06:54:09","date_gmt":"2025-06-24T06:54:09","guid":{"rendered":"https:\/\/www.europesays.com\/fr\/200101\/"},"modified":"2025-06-24T06:54:09","modified_gmt":"2025-06-24T06:54:09","slug":"une-toute-nouvelle-decoration-dans-le-service-pediatrie","status":"publish","type":"post","link":"https:\/\/www.europesays.com\/fr\/200101\/","title":{"rendered":"une toute nouvelle d\u00e9coration dans le service p\u00e9diatrie"},"content":{"rendered":"<p>            Par<br \/>\n        <strong><br \/>\n            <a href=\"https:\/\/actu.fr\/auteur\/t-delbreil\" title=\"Consulter tous les articles de Th\u00e9o Delbreil\" rel=\"nofollow noopener\" target=\"_blank\">Th\u00e9o Delbreil<\/a><br \/>\n        <\/strong><\/p>\n<p>        Publi\u00e9 le<\/p>\n<p>            24 juin 2025 \u00e0 8h30<br \/>\n        ; mis \u00e0 jour le 24 juin 2025 \u00e0 8h33    <\/p>\n<p>Donner de la joie aux enfants hospitalis\u00e9s, c\u2019est tout le but <strong>\u201cDes bulles au c\u0153ur de la p\u00e9diatrie\u201d<\/strong>. <strong>Lundi 16 juin<\/strong>, le <strong>service p\u00e9diatrie g\u00e9n\u00e9rale<\/strong> du <strong>CHU de Montpellier<\/strong> a inaugur\u00e9 la toute nouvelle d\u00e9coration de ses couloirs avec plus d\u2019une dizaine de peintures \u00e0 m\u00eame les murs.\u00a0<\/p>\n<p>    <a href=\"https:\/\/www.google.com\/maps\/embed?pb=!1m18!1m12!1m3!1d1443.8805642424047!2d3.8473750278353664!3d43.63233043501539!2m3!1f0!2f0!3f0!3m2!1i1024!2i768!4f13.1!3m3!1m2!1s0x12b6aee814df19cf%3A0xd7dfd399223f84d0!2sHOPITAL%20ARNAUD%20DE%20VILLENEUVE%20-%2034090!5e0!3m2!1sfr!2sfr!4v1750410399822!5m2!1sfr!2sfr\" title=\"Ouvrie le lien\" rel=\"nofollow noopener\" target=\"_blank\">Cliquez ici pour visualiser le contenu<\/a><\/p>\n<p>Un projet pour apaiser les enfants avant l\u2019hospitalisation<\/p>\n<p class=\" wall-content\">\u00ab Le but de ce projet \u00e9tait de cr\u00e9er des ambiances pour pouvoir changer l\u2019\u00e9nergie du lieu et amener quelque chose de rassurant \u00bb, explique <strong>Fran\u00e7ois Le Flahec<\/strong>, coordinateur du projet. Suite \u00e0 des r\u00e9novations au sein du service, il \u00e9tait temps pour l\u2019\u00e9quipe de p\u00e9diatrie g\u00e9n\u00e9rale de redonner une touche de sang neuf \u00e0 ce d\u00e9partement.\u00a0<\/p>\n<p class=\" wall-content\"><a href=\"https:\/\/www.instagram.com\/reel\/DLQCjD1sEOc\/embed\" title=\"Ouvrir le lien sur Instagram\" rel=\"nofollow noopener\" target=\"_blank\">Visualiser le contenu sur Instagram<\/a><\/p>\n<p class=\" wall-content\">Si l\u2019on pourrait s\u2019arr\u00eater \u00e0 l\u2019aspect esth\u00e9tique et \u00e0 l\u2019id\u00e9e de redonner des couleurs vives au service p\u00e9diatrie, le responsable souligne l\u2019int\u00e9r\u00eat psychologique d\u2019une telle initiative. \u00ab\u00a0 Le moment de l\u2019hospitalisation peut \u00eatre tr\u00e8s angoissant, autant pour l\u2019enfant que pour la famille. L\u2019id\u00e9e c\u2019est de proposer un univers visuel qui agit sur le bien-\u00eatre int\u00e9rieur. Par le choix des th\u00e8mes et des couleurs, on voulait amener des touches enfantines pour faire de ce s\u00e9jour dans le service un moment de s\u00e9r\u00e9nit\u00e9. \u00bb<\/p>\n<p>Une fresque et des bulles peintes par Ceaf et Sidka<\/p>\n<p class=\" wall-content\">Pour r\u00e9aliser la grande fresque \u00e0 l\u2019entr\u00e9e et les peintures en forme de cercle, ce sont deux artistes de la soci\u00e9t\u00e9 VPSA Art, <strong>Ceaf<\/strong> et <strong>Sidka<\/strong>, qui ont mat\u00e9rialis\u00e9 les id\u00e9es de l\u2019\u00e9quipe coordinatrice du projet en illustrant les quatre saisons gr\u00e2ce \u00e0 des \u00e9l\u00e9ments reconnaissables. \u00ab C\u2019est un monde imaginaire o\u00f9 on va retrouver plein de d\u00e9tails. Par exemple, dans chaque bulle, il y a un petit personnage cach\u00e9 qu\u2019il faut trouver \u00bb, d\u00e9crit Ceaf.\u00a0<\/p>\n<p>Vid\u00e9os : en ce moment sur Actu<\/p>\n<p class=\" wall-content\">Des couleurs vives et joyeuses, un message de bien-\u00eatre pour les jeunes patients, \u201cDes bulles au c\u0153ur de la p\u00e9diatrie\u201d permet \u00e9galement de raconter une histoire aux enfants, comme l\u2019indique Fran\u00e7ois Le Flahec. \u00ab Dans la fresque qui est \u00e0 l\u2019entr\u00e9e, il y a un petit gar\u00e7on qui souffle des bulles et qui nous am\u00e8ne \u00e0 les suivre le long des couloirs du service. \u00bb<\/p>\n<p class=\" wall-content\">Et si ce projet a pu voir le jour, c\u2019est gr\u00e2ce \u00e0 l\u2019<strong>association Petits Princes<\/strong> qui a financ\u00e9 les 26 400 \u20ac n\u00e9cessaires. Pour ce groupe, cr\u00e9\u00e9 il y a 38 ans, la valeur reste la m\u00eame : r\u00e9aliser les r\u00eaves des enfants. Et depuis 15 ans, Petits Princes \u00e0 financ\u00e9 400 h\u00f4pitaux pour l\u2019am\u00e9lioration des conditions de l\u2019hospitalisation, jusqu\u2019au service p\u00e9diatrie du CHU de Montpellier.<\/p>\n<p class=\" wall-content\">Suivez toute l\u2019actualit\u00e9 de vos villes et m\u00e9dias favoris en vous inscrivant \u00e0 <a href=\"https:\/\/moncompte.actu.fr\" title=\"D\u00e9couvez Mon Actu\" rel=\"nofollow noopener\" data-trk=\"{&quot;cta&quot;:{&quot;action&quot;:&quot;https:\\\/\\\/moncompte.actu.fr&quot;,&quot;category&quot;:&quot;mon compte&quot;,&quot;from&quot;:&quot;article footer&quot;,&quot;name&quot;:&quot;Mon actu&quot;,&quot;type&quot;:&quot;cta&quot;}}\" target=\"_blank\">Mon Actu<\/a>.<\/p>\n<p>                    <script async src=\"\/\/www.instagram.com\/embed.js\"><\/script><\/p>\n","protected":false},"excerpt":{"rendered":"Par Th\u00e9o Delbreil Publi\u00e9 le 24 juin 2025 \u00e0 8h30 ; mis \u00e0 jour le 24 juin 2025&hellip;\n","protected":false},"author":2,"featured_media":200102,"comment_status":"","ping_status":"","sticky":false,"template":"","format":"standard","meta":{"footnotes":""},"categories":[9599],"tags":[1111,11,1719,1777,674,1011,27,2208,12,2680,25,104],"class_list":{"0":"post-200101","1":"post","2":"type-post","3":"status-publish","4":"format-standard","5":"has-post-thumbnail","7":"category-montpellier","8":"tag-actu","9":"tag-actualites","10":"tag-enfants","11":"tag-eu","12":"tag-europe","13":"tag-fr","14":"tag-france","15":"tag-montpellier","16":"tag-news","17":"tag-occitanie","18":"tag-republique-francaise","19":"tag-societe"},"share_on_mastodon":{"url":"https:\/\/pubeurope.com\/@fr\/114737031655518257","error":""},"_links":{"self":[{"href":"https:\/\/www.europesays.com\/fr\/wp-json\/wp\/v2\/posts\/200101","targetHints":{"allow":["GET"]}}],"collection":[{"href":"https:\/\/www.europesays.com\/fr\/wp-json\/wp\/v2\/posts"}],"about":[{"href":"https:\/\/www.europesays.com\/fr\/wp-json\/wp\/v2\/types\/post"}],"author":[{"embeddable":true,"href":"https:\/\/www.europesays.com\/fr\/wp-json\/wp\/v2\/users\/2"}],"replies":[{"embeddable":true,"href":"https:\/\/www.europesays.com\/fr\/wp-json\/wp\/v2\/comments?post=200101"}],"version-history":[{"count":0,"href":"https:\/\/www.europesays.com\/fr\/wp-json\/wp\/v2\/posts\/200101\/revisions"}],"wp:featuredmedia":[{"embeddable":true,"href":"https:\/\/www.europesays.com\/fr\/wp-json\/wp\/v2\/media\/200102"}],"wp:attachment":[{"href":"https:\/\/www.europesays.com\/fr\/wp-json\/wp\/v2\/media?parent=200101"}],"wp:term":[{"taxonomy":"category","embeddable":true,"href":"https:\/\/www.europesays.com\/fr\/wp-json\/wp\/v2\/categories?post=200101"},{"taxonomy":"post_tag","embeddable":true,"href":"https:\/\/www.europesays.com\/fr\/wp-json\/wp\/v2\/tags?post=200101"}],"curies":[{"name":"wp","href":"https:\/\/api.w.org\/{rel}","templated":true}]}}