{"id":200107,"date":"2025-06-24T06:58:16","date_gmt":"2025-06-24T06:58:16","guid":{"rendered":"https:\/\/www.europesays.com\/fr\/200107\/"},"modified":"2025-06-24T06:58:16","modified_gmt":"2025-06-24T06:58:16","slug":"pres-de-rouen-lentreprise-pasquier-meubles-enracinee-dans-cette-commune-depuis-presque-100-ans","status":"publish","type":"post","link":"https:\/\/www.europesays.com\/fr\/200107\/","title":{"rendered":"Pr\u00e8s de Rouen, l\u2019entreprise Pasquier Meubles enracin\u00e9e dans cette commune depuis presque 100 ans"},"content":{"rendered":"<p>            Par<br \/>\n        <strong><br \/>\n            <a href=\"https:\/\/actu.fr\/auteur\/chloe-lentier\" title=\"Consulter tous les articles de Chlo\u00e9 LENTIER\" rel=\"nofollow noopener\" target=\"_blank\">Chlo\u00e9 LENTIER<\/a><br \/>\n        <\/strong><\/p>\n<p>        Publi\u00e9 le<\/p>\n<p>            22 juin 2025 \u00e0 21h08        <\/p>\n<p>Il passe d\u2019une armoire malouine \u00e0 une commode florentine sans perdre le fil. Un \u0153il sur la courbe d\u2019un pi\u00e8tement, une main sur la texture d\u2019un tissu. \u00c9rick Pasquier ne vend pas des meubles. <b>Il les raconte<\/b>.<\/p>\n<p class=\" wall-content\">\u00c0 67\u00a0ans, il incarne la m\u00e9moire vivante de <b>G\u00e9rard Pasquier Meubles<\/b>, une enseigne install\u00e9e \u00e0 <a href=\"https:\/\/actu.fr\/normandie\/caudebec-les-elbeuf_76165\" rel=\"nofollow noopener\" target=\"_blank\">Caudebec-l\u00e8s-Elbeuf (Seine-Maritime)<\/a> depuis 1931, et qui a travers\u00e9 les g\u00e9n\u00e9rations. Une entreprise familiale, \u00e0 son image\u2009: chaleureuse, exigeante, passionn\u00e9e.<\/p>\n<p>Une histoire de famille qui traverse trois g\u00e9n\u00e9rations<\/p>\n<p class=\" wall-content\">Tout commence avec Robert Pasquier, le grand-p\u00e8re d\u2019\u00c9rick, tapissier de formation. En 1931, il cr\u00e9e l\u2019enseigne Pasquier Meubles \u00e0 Caudebec-l\u00e8s-Elbeuf, dans un premier local situ\u00e9 <b>rue Sadi Carnot<\/b>. Il travaille notamment pour la Compagnie g\u00e9n\u00e9rale transatlantique, r\u00e9alisant des am\u00e9nagements int\u00e9rieurs pour les grands paquebots fran\u00e7ais.<\/p>\n<p class=\" wall-content\">Quand il en parle, \u00c9rick \u00e9voque son grand-p\u00e8re avec une fiert\u00e9 intacte, comme s\u2019il avait lui-m\u00eame vu les gestes, senti l\u2019odeur du bois\u2009: \u00ab\u2009Mon grand-p\u00e8re avait jusqu\u2019\u00e0 50 employ\u00e9s, apr\u00e8s-guerre. Il faisait le sol, la menuiserie, l\u2019\u00e9b\u00e9nisterie, c\u2019\u00e9tait un bon boulot.\u2009\u00bb<\/p>\n<p class=\" wall-content\">Dans les ann\u00e9es 1950, l\u2019entreprise d\u00e9m\u00e9nage<b> rue de la R\u00e9publique<\/b>, \u00e0 son emplacement actuel. G\u00e9rard, le p\u00e8re d\u2019\u00c9rick, reprend l\u2019affaire. Artisan dans l\u2019\u00e2me, il d\u00e9veloppe l\u2019atelier, perp\u00e9tue le savoir-faire. \u00c0 l\u2019\u00e9poque, l\u2019envie de b\u00e2tir quelque chose de diff\u00e9rent le pousse hors de l\u2019atelier.<\/p>\n<p>Vid\u00e9os : en ce moment sur Actu<br \/>\n    <img   decoding=\"async\" loading=\"lazy\" class=\"size-large\" src=\"https:\/\/www.europesays.com\/fr\/wp-content\/uploads\/2025\/06\/31df6df2af08635df6df2af0829df6v-960x640.jpg\" alt=\"de\" width=\"960\" height=\"640\"\/><br \/>\n    Le magasin se situe 181 rue de la R\u00e9publique, \u00e0 Caudebec. \u00a9Chlo\u00e9 Lentier<\/p>\n<p class=\" wall-content\">Dans les ann\u00e9es 1970, G\u00e9rard Pasquier quitte l\u2019\u00e9b\u00e9nisterie pour ouvrir une <b>auberge familiale<\/b>, nich\u00e9e dans la vall\u00e9e de l\u2019Oison. Une autre aventure familiale commence. \u00ab\u2009Nous avons achet\u00e9 un terrain d\u2019un hectare. Mon p\u00e8re a restaur\u00e9 deux grandes maisons, on a cr\u00e9\u00e9 l\u2019auberge de la Gaille-Trel. J\u2019y ai travaill\u00e9 d\u00e8s mes 14\u00a0ans. Il a arr\u00eat\u00e9 son m\u00e9tier pour en r\u00e9ussir un autre\u2009: restaurateur\u2009\u00bb, sourit \u00c9rick.<\/p>\n<p class=\" wall-content\">Lui reviendra pourtant au <b>mobilier<\/b>. Apr\u00e8s une premi\u00e8re vie professionnelle dans la vente et une exp\u00e9rience au Canada, il revient \u00e0 Caudebec pour donner un coup de main \u00e0 son p\u00e8re. Finalement, il y restera\u2009: \u00ab\u2009J\u2019ai toujours \u00e9t\u00e9 vendeur. J\u2019ai su faire que \u00e7a, contrairement \u00e0 ma famille qui \u00e9tait dans l\u2019artisanat.\u2009\u00bb<\/p>\n<p>L\u2019art du conseil et du d\u00e9tail<\/p>\n<p class=\" wall-content\">G\u00e9rard Pasquier Meubles, c\u2019est aujourd\u2019hui <b>1\u2009200 m\u00b2 d\u2019exposition<\/b> sur deux \u00e9tages, des pi\u00e8ces uniques venues de France, d\u2019Italie, du Portugal, de Belgique\u2026 Un univers o\u00f9 design contemporain et mobilier classique cohabitent en harmonie. Mais le secret, ce n\u2019est pas que le choix des meubles. C\u2019est le regard d\u2019\u00c9rick, son \u00e9coute, son accompagnement.<\/p>\n<blockquote class=\"ac-article-quote wall-content\">\n<p>Je prends deux \u00e0 trois heures pour expliquer un matelas. Je leur dis\u2009: m\u00eame si vous achetez ailleurs, ne vous faites pas avoir.<\/p>\n<p>\u00c9rick Pasquier<\/p><\/blockquote>\n<p class=\" wall-content\">Sa sp\u00e9cialit\u00e9\u2009? La literie \u00e9lectrique. Mais aussi les tissus, les suspensions design, les pi\u00e8ces uniques venues d\u2019Italie, du Portugal ou des Vosges. Il suffit de l\u2019\u00e9couter pour comprendre son souci du d\u00e9tail\u2009: \u00ab\u2009Ce fauteuil-l\u00e0, regardez comme il est bien fini\u2026 L\u00e0, c\u2019est du bec-de-corbin, polychrom\u00e9. On ne voit plus \u00e7a aujourd\u2019hui.\u2009\u00bb<\/p>\n<p>Une entreprise profond\u00e9ment caudebecquaise<\/p>\n<p class=\" wall-content\">Depuis plus de 70\u00a0ans, l\u2019adresse de la rue de la R\u00e9publique est rest\u00e9e la m\u00eame. Un rep\u00e8re dans le paysage commer\u00e7ant de Caudebec, o\u00f9 \u00c9rick Pasquier a vu passer les <b>g\u00e9n\u00e9rations <\/b>de clients, parfois trois d\u2019une m\u00eame famille.<\/p>\n<blockquote class=\"ac-article-quote wall-content\">\n<p>J\u2019ai vu les vitrines de No\u00ebl, les cavalcades, les commerces vivants. Aujourd\u2019hui encore, les enfants de mes anciens clients viennent meubler leur maison ici\u2009!<\/p>\n<p>\u00c9rick Pasquier<\/p><\/blockquote>\n<p class=\" wall-content\">Une fid\u00e9lit\u00e9 pr\u00e9cieuse, qu\u2019il ch\u00e9rit. Il n\u2019a jamais envisag\u00e9 de quitter la ville. Il vend avec sinc\u00e9rit\u00e9, et surtout avec c\u0153ur\u2009: \u00ab\u2009Mon commerce, c\u2019est mon b\u00e9b\u00e9. Et mes clients, ce sont mes amis.\u2009\u00bb<\/p>\n<p class=\" wall-content\">Chez lui, les ventes sont souvent plac\u00e9es sous le signe de l\u2019amiti\u00e9. \u00ab\u2009On prend un caf\u00e9, un chocolat, parfois une coupe de champagne tous ensemble. C\u2019est beau \u00e7a, non\u2009?\u2009\u00bb Chez les Pasquier, on ne meuble pas seulement les int\u00e9rieurs. On y met de l\u2019\u00e2me.<\/p>\n<p class=\" wall-content\">Suivez toute l\u2019actualit\u00e9 de vos villes et m\u00e9dias favoris en vous inscrivant \u00e0 <a href=\"https:\/\/moncompte.actu.fr\" title=\"D\u00e9couvez Mon Actu\" rel=\"nofollow noopener\" data-trk=\"{&quot;cta&quot;:{&quot;action&quot;:&quot;https:\\\/\\\/moncompte.actu.fr&quot;,&quot;category&quot;:&quot;mon compte&quot;,&quot;from&quot;:&quot;article footer&quot;,&quot;name&quot;:&quot;Mon actu&quot;,&quot;type&quot;:&quot;cta&quot;}}\" target=\"_blank\">Mon Actu<\/a>.<\/p>\n","protected":false},"excerpt":{"rendered":"Par Chlo\u00e9 LENTIER Publi\u00e9 le 22 juin 2025 \u00e0 21h08 Il passe d\u2019une armoire malouine \u00e0 une commode&hellip;\n","protected":false},"author":2,"featured_media":200108,"comment_status":"","ping_status":"","sticky":false,"template":"","format":"standard","meta":{"footnotes":""},"categories":[9587],"tags":[1111,11,1477,1777,674,1011,27,12,5161,25,9590,104],"class_list":{"0":"post-200107","1":"post","2":"type-post","3":"status-publish","4":"format-standard","5":"has-post-thumbnail","7":"category-rouen","8":"tag-actu","9":"tag-actualites","10":"tag-artisanat","11":"tag-eu","12":"tag-europe","13":"tag-fr","14":"tag-france","15":"tag-news","16":"tag-normandie","17":"tag-republique-francaise","18":"tag-rouen","19":"tag-societe"},"share_on_mastodon":{"url":"https:\/\/pubeurope.com\/@fr\/114737047390134149","error":""},"_links":{"self":[{"href":"https:\/\/www.europesays.com\/fr\/wp-json\/wp\/v2\/posts\/200107","targetHints":{"allow":["GET"]}}],"collection":[{"href":"https:\/\/www.europesays.com\/fr\/wp-json\/wp\/v2\/posts"}],"about":[{"href":"https:\/\/www.europesays.com\/fr\/wp-json\/wp\/v2\/types\/post"}],"author":[{"embeddable":true,"href":"https:\/\/www.europesays.com\/fr\/wp-json\/wp\/v2\/users\/2"}],"replies":[{"embeddable":true,"href":"https:\/\/www.europesays.com\/fr\/wp-json\/wp\/v2\/comments?post=200107"}],"version-history":[{"count":0,"href":"https:\/\/www.europesays.com\/fr\/wp-json\/wp\/v2\/posts\/200107\/revisions"}],"wp:featuredmedia":[{"embeddable":true,"href":"https:\/\/www.europesays.com\/fr\/wp-json\/wp\/v2\/media\/200108"}],"wp:attachment":[{"href":"https:\/\/www.europesays.com\/fr\/wp-json\/wp\/v2\/media?parent=200107"}],"wp:term":[{"taxonomy":"category","embeddable":true,"href":"https:\/\/www.europesays.com\/fr\/wp-json\/wp\/v2\/categories?post=200107"},{"taxonomy":"post_tag","embeddable":true,"href":"https:\/\/www.europesays.com\/fr\/wp-json\/wp\/v2\/tags?post=200107"}],"curies":[{"name":"wp","href":"https:\/\/api.w.org\/{rel}","templated":true}]}}