{"id":200109,"date":"2025-06-24T06:59:11","date_gmt":"2025-06-24T06:59:11","guid":{"rendered":"https:\/\/www.europesays.com\/fr\/200109\/"},"modified":"2025-06-24T06:59:11","modified_gmt":"2025-06-24T06:59:11","slug":"lecosysteme-est-mobilise-pour-faire-de-techfest-un-evenement-international","status":"publish","type":"post","link":"https:\/\/www.europesays.com\/fr\/200109\/","title":{"rendered":"\u00ab \u200aL\u2019\u00e9cosyst\u00e8me est mobilis\u00e9 pour faire de tech&#038;fest un \u00e9v\u00e9nement international \u00bb"},"content":{"rendered":"<p class=\"question\">Que contient le partenariat sign\u00e9 avec le High Level Forum\u200a?<\/p>\n<p>\u00ab\u200aLe HLF est une organisation internationale qui r\u00e9unit les plus grands \u00e9cosyst\u00e8mes de la tech mondiale\u200a: Stanford, MIT, Oxford, Technion\u2026 Ils se r\u00e9unissent tous les ans et, une ann\u00e9e sur deux, ce rendez-vous a lieu \u00e0 Grenoble. Pour l\u2019\u00e9dition 2026, le HLF a d\u00e9cid\u00e9 de se r\u00e9unir en m\u00eame temps que tech &amp; fest. On parle d\u2019une centaine de personnes, scientifiques, dirigeants, \u00e9cosyst\u00e8mes et chercheurs. Ils ont la capacit\u00e9 de proposer bon nombre de speakers.\u200a\u00bb<\/p>\n<p class=\"question\">Des th\u00e9matiques communes vont-elles \u00e9merger\u200a?<\/p>\n<p>\u00ab\u200aLa th\u00e9matique du prochain tech &amp; fest est la souverainet\u00e9. Celle du HLF est \u201cinnover dans un monde en mutation\u201d. C\u2019est assez facile de voir comment les deux sujets se conjuguent. Comment innover dans un monde en si profond changement\u200a? Il y a une r\u00e9ponse\u200a: venir en Europe\u200a! C\u2019est un peu cela que nous allons essayer de porter sur tech &amp; fest, qui est un \u00e9v\u00e9nement militant. On va militer pour une tech europ\u00e9enne, soucieuse de l\u2019humain et de la plan\u00e8te. La seule mani\u00e8re de sortir d\u2019une d\u00e9pendance trop forte vis-\u00e0-vis de pays \u00e9trangers qui pourraient basculer dans des environnements \u201cnon souhaitables\u201d est de d\u00e9velopper une tech &#8211; une fois encore &#8211; responsable et respectueuse de l\u2019environnement et des humains et la plus ind\u00e9pendante possible.\u200a\u00bb<\/p>\n<p class=\"question\">Qu\u2019est-ce que ce partenariat implique pour la prochaine \u00e9dition\u200a?<\/p>\n<p>\u00ab\u200aC\u2019est vraiment un signe d\u2019internationalisation majeure qui va se doubler de la mont\u00e9e en puissance \u00e9galement de l\u2019Universit\u00e9 Grenoble Alpes (UGA) au sein de tech &amp; fest avec laquelle nous avons \u00e9galement sign\u00e9 une convention. L\u2019UGA va inviter ses grands partenaires internationaux, notamment japonais, ta\u00efwanais, singapouriens ou canadiens. On voit que tout l\u2019\u00e9cosyst\u00e8me grenoblois se mobilise pour faire de tech &amp; fest un \u00e9v\u00e9nement international. Les interventions se feront aussi, peut-\u00eatre de fa\u00e7on un peu plus importante, en anglais l\u2019ann\u00e9e prochaine.\u200a\u00bb<\/p>\n<p class=\"question\">Quelles seront les autres nouveaut\u00e9s de l\u2019\u00e9dition 2026\u200a?<\/p>\n<p>\u00ab\u00a0Nous allons nous concentrer autour de quatre th\u00e9matiques fondamentales\u200a: tech&amp;planet, tech&amp;fab sur la partie industrielle, tech&amp;human sur la sant\u00e9, qualit\u00e9 de vie, bien-\u00eatre et tech&amp;solutions sur toutes les solutions aux entreprises. Nous aurons un focus sur la sant\u00e9 avec un village des medtech, des start-up qui vont r\u00e9volutionner la sant\u00e9 de demain et rencontrer des grandes entreprises et des grands laboratoires.\u200a\u00bb<\/p>\n<p class=\"question\">Quel sera votre r\u00f4le dans la prochaine \u00e9dition de t&amp;f, alors que vous quittez la direction g\u00e9n\u00e9rale du Dauphin\u00e9 Lib\u00e9r\u00e9\u200a?<\/p>\n<p>\u00ab\u200aLe m\u00eame qu\u2019avant, si ce n\u2019est que je ne le conjuguerai plus avec la direction g\u00e9n\u00e9rale du Dauphin\u00e9 lib\u00e9r\u00e9. Je conserve la direction de tech&amp;fest, son incarnation et sa repr\u00e9sentation, son dialogue permanent avec les principaux partenaires, ses impulsions \u00e0 la fois sur les th\u00e9matiques et les speakers avec toute l\u2019\u00e9quipe qui ne change pas.\u200a\u00bb<\/p>\n<p class=\"question\">Pourquoi est-ce important qu\u2019un m\u00e9dia porte l\u2019\u00e9v\u00e8nement\u200a?<\/p>\n<p>\u00ab\u200atech&amp;fest est un \u00e9v\u00e9nement conversationnel bien plus que tous les autres. Il est capable de critiquer et d\u2019avoir une v\u00e9ritable interrogation en profondeur sur les sujets qui concernent la tech. Si vous regardez tous les autres \u00e9v\u00e9nements internationaux qui existent, c\u2019est extr\u00eamement rare. Pourquoi\u200a? Parce qu\u2019ils sont financ\u00e9s par les Gafam (Google, Apple, Facebook, Amazon et Microsoft) ou par les BATX (Baidu, Alibaba, Tencent et Xiaomi). Nous n\u2019avons pas cette d\u00e9pendance-l\u00e0. Toutes les entreprises sur tech &amp; fest ont une attention quasi obsessionnelle au respect de la plan\u00e8te et de l\u2019humain. Elles n\u2019ont pas encore toutes des modes de fonctionnement totalement vertueux mais elles travaillent \u00e0 les am\u00e9liorer. Ces sujets-l\u00e0 sont vraiment au c\u0153ur de nos pr\u00e9occupations et il n\u2019y a qu\u2019un m\u00e9dia qui peut le traiter de fa\u00e7on ind\u00e9pendante.\u200a\u00bb<\/p>\n","protected":false},"excerpt":{"rendered":"Que contient le partenariat sign\u00e9 avec le High Level Forum\u200a? \u00ab\u200aLe HLF est une organisation internationale qui r\u00e9unit&hellip;\n","protected":false},"author":2,"featured_media":200110,"comment_status":"","ping_status":"","sticky":false,"template":"","format":"standard","meta":{"footnotes":""},"categories":[9566],"tags":[1111,11,2430,9810,33,1777,674,1011,27,2731,2732,108,12,25,20932],"class_list":{"0":"post-200109","1":"post","2":"type-post","3":"status-publish","4":"format-standard","5":"has-post-thumbnail","7":"category-grenoble","8":"tag-actu","9":"tag-actualites","10":"tag-auvergne-rhone-alpes","11":"tag-direct-entreprises","12":"tag-economie","13":"tag-eu","14":"tag-europe","15":"tag-fr","16":"tag-france","17":"tag-grenoble","18":"tag-grenoble-bassin","19":"tag-isere","20":"tag-news","21":"tag-republique-francaise","22":"tag-tech-and-fest"},"share_on_mastodon":{"url":"https:\/\/pubeurope.com\/@fr\/114737051338579701","error":""},"_links":{"self":[{"href":"https:\/\/www.europesays.com\/fr\/wp-json\/wp\/v2\/posts\/200109","targetHints":{"allow":["GET"]}}],"collection":[{"href":"https:\/\/www.europesays.com\/fr\/wp-json\/wp\/v2\/posts"}],"about":[{"href":"https:\/\/www.europesays.com\/fr\/wp-json\/wp\/v2\/types\/post"}],"author":[{"embeddable":true,"href":"https:\/\/www.europesays.com\/fr\/wp-json\/wp\/v2\/users\/2"}],"replies":[{"embeddable":true,"href":"https:\/\/www.europesays.com\/fr\/wp-json\/wp\/v2\/comments?post=200109"}],"version-history":[{"count":0,"href":"https:\/\/www.europesays.com\/fr\/wp-json\/wp\/v2\/posts\/200109\/revisions"}],"wp:featuredmedia":[{"embeddable":true,"href":"https:\/\/www.europesays.com\/fr\/wp-json\/wp\/v2\/media\/200110"}],"wp:attachment":[{"href":"https:\/\/www.europesays.com\/fr\/wp-json\/wp\/v2\/media?parent=200109"}],"wp:term":[{"taxonomy":"category","embeddable":true,"href":"https:\/\/www.europesays.com\/fr\/wp-json\/wp\/v2\/categories?post=200109"},{"taxonomy":"post_tag","embeddable":true,"href":"https:\/\/www.europesays.com\/fr\/wp-json\/wp\/v2\/tags?post=200109"}],"curies":[{"name":"wp","href":"https:\/\/api.w.org\/{rel}","templated":true}]}}