{"id":200116,"date":"2025-06-24T07:03:10","date_gmt":"2025-06-24T07:03:10","guid":{"rendered":"https:\/\/www.europesays.com\/fr\/200116\/"},"modified":"2025-06-24T07:03:10","modified_gmt":"2025-06-24T07:03:10","slug":"eckbolsheim-apres-une-edition-tronquee-lan-passe-la-journee-du-jeu-revient-ce-dimanche-29-juin","status":"publish","type":"post","link":"https:\/\/www.europesays.com\/fr\/200116\/","title":{"rendered":"Eckbolsheim. Apr\u00e8s une \u00e9dition tronqu\u00e9e l\u2019an pass\u00e9, la journ\u00e9e du jeu revient ce dimanche 29\u00a0juin"},"content":{"rendered":"<p>La journ\u00e9e du jeu, port\u00e9e par la municipalit\u00e9 d\u2019Eckbolsheim, revient en version int\u00e9grale ce dimanche 29\u00a0juin apr\u00e8s-midi, au parc urbain du Niederholtz. En 2024, l\u2019\u00e9v\u00e9nement avait eu lieu en version tronqu\u00e9e en raison des \u00e9lections l\u00e9gislatives et des conditions m\u00e9t\u00e9orologiques. La r\u00e9alisation de l\u2019\u00e9v\u00e9nement est orchestr\u00e9e par Laurence Lemoussu, \u00e9ducatrice de jeunes enfants et coordinatrice du p\u00f4le petite enfance, et \u00e0 Laura Si\u00e9gel, conseill\u00e8re en \u00e9conomie sociale et familiale au Centre communal d\u2019action sociale (CCAS).<\/p>\n<p>La journ\u00e9e du jeu n\u2019est pas qu\u2019une histoire de pions et de cartes, mais de lien social, d\u2019ouverture aux autres, de partage d\u2019activit\u00e9s, de d\u00e9connexion des \u00e9crans. L\u2019\u00e9ventail de ses propositions est si large qu\u2019elle convient aux familles, aux couples, aux solitaires \u2013 ces derniers peuvent y trouver des partenaires de jeu.<\/p>\n<p>  Loto des saveurs, fresque color\u00e9e<\/p>\n<p>Cette huiti\u00e8me \u00e9dition va offrir des nouveaut\u00e9s tel qu\u2019un loto des saveurs, qui permet de d\u00e9couvrir d\u2019autres cultures par la gastronomie. Dans des sp\u00e9cialit\u00e9s du Surinam, du Kosovo, du Maroc,\u00a0etc., pr\u00e9par\u00e9es par des habitants, il faudra identifier l\u2019ingr\u00e9dient particulier et \u00e9ventuellement placer son lieu de culture sur une carte.<\/p>\n<p>\u00c0 partir de 16\u00a0h, l\u2019Association des musiciens intervenants de Strasbourg (Amistras) fera des spectateurs et spectatrices les acteurs et actrices du spectacle en les incitant \u00e0 cr\u00e9er des sons et des rythmes \u00e0 partir d\u2019objets de r\u00e9cup\u00e9ration. Un moment d\u00e9cal\u00e9 et cr\u00e9atif\u00a0!<\/p>\n<p>Tout aussi cr\u00e9ative, la rencontre, sur le stand de la biblioth\u00e8que, <a href=\"https:\/\/www.dna.fr\/culture-loisirs\/2024\/06\/29\/les-eleves-realisent-leur-propre-livre-avec-leonie-koelsch\" target=\"_blank\" rel=\"nofollow noopener\">avec L\u00e9onie Koelsch, illustratrice et designer graphique ind\u00e9pendante<\/a> , dipl\u00f4m\u00e9e de la Haute \u00e9cole des arts du Rhin (HEAR). Connue pour ses atmosph\u00e8res graphiques gaies et color\u00e9es, elle aidera les participants \u00e0 r\u00e9aliser une fresque collective qui figurera ult\u00e9rieurement \u00e0 la biblioth\u00e8que.<\/p>\n<p>Aussi une premi\u00e8re, s\u2019ils veulent bouger, les enfants pourront voyager \u00e0 dos de poney. Une proposition du <a href=\"https:\/\/www.dna.fr\/culture-loisirs\/2024\/07\/01\/un-spectacle-anniversaire-pour-mieux-connaitre-le-club-hippique\" target=\"_blank\" rel=\"nofollow noopener\">club hippique Saint-Hubert<\/a>.<\/p>\n<p>  Apporter les jeux plus utilis\u00e9s<\/p>\n<p>Venue de Gertwiller, Seven, une association d\u2019aide aux enfants d\u00e9favoris\u00e9s et \u00e0 leurs familles a pour devise \u00ab\u00a0La solidarit\u00e9 de main \u00e0 main\u00a0\u00bb. Aupr\u00e8s d\u2019elle, on pourra donner, troquer, recevoir gratuitement des jeux. Il faut juste penser \u00e0 apporter des jeux en bon \u00e9tat dont on a envie de se s\u00e9parer.<\/p>\n<p>\u00c0 c\u00f4t\u00e9 des nouveaut\u00e9s, les visiteurs pourront jouer \u00e0 tout ce qu\u2019ils n\u2019ont pas eu le temps de tester les ann\u00e9es pr\u00e9c\u00e9dentes. Plus de 50 jeux d\u2019adresse, de kermesse, de soci\u00e9t\u00e9 (les traditionnels et les nouveaut\u00e9s), de piste avec le Kid club, ainsi que les grands jeux en bois, habituellement pl\u00e9biscit\u00e9s. Ils pourront prendre un cours particulier de golf. \u00c0 part la p\u00e2tisserie et la buvette, tout est gratuit\u00a0!<\/p>\n<p class=\"note\">Dimanche 29\u00a0juin, de 14\u00a0h \u00e0 18\u00a0h, parc naturel urbain du Niederholtz, rue du Niederholtz, \u00e0 Eckbolsheim. Repli \u00e0 l\u2019\u00e9cole des Cigognes en cas de pluie.<\/p>\n","protected":false},"excerpt":{"rendered":"La journ\u00e9e du jeu, port\u00e9e par la municipalit\u00e9 d\u2019Eckbolsheim, revient en version int\u00e9grale ce dimanche 29\u00a0juin apr\u00e8s-midi, au&hellip;\n","protected":false},"author":2,"featured_media":200117,"comment_status":"","ping_status":"","sticky":false,"template":"","format":"standard","meta":{"footnotes":""},"categories":[2820],"tags":[1111,11,1687,11353,2880,1777,674,3326,107,1011,27,775,12,25,640,3089],"class_list":{"0":"post-200116","1":"post","2":"type-post","3":"status-publish","4":"format-standard","5":"has-post-thumbnail","7":"category-strasbourg","8":"tag-actu","9":"tag-actualites","10":"tag-culture-loisirs","11":"tag-eckbolsheim","12":"tag-edition-strasbourg","13":"tag-eu","14":"tag-europe","15":"tag-fete-locale","16":"tag-fil-info","17":"tag-fr","18":"tag-france","19":"tag-grand-est","20":"tag-news","21":"tag-republique-francaise","22":"tag-strasbourg","23":"tag-strasbourg-sud"},"share_on_mastodon":{"url":"https:\/\/pubeurope.com\/@fr\/114737067042872867","error":""},"_links":{"self":[{"href":"https:\/\/www.europesays.com\/fr\/wp-json\/wp\/v2\/posts\/200116","targetHints":{"allow":["GET"]}}],"collection":[{"href":"https:\/\/www.europesays.com\/fr\/wp-json\/wp\/v2\/posts"}],"about":[{"href":"https:\/\/www.europesays.com\/fr\/wp-json\/wp\/v2\/types\/post"}],"author":[{"embeddable":true,"href":"https:\/\/www.europesays.com\/fr\/wp-json\/wp\/v2\/users\/2"}],"replies":[{"embeddable":true,"href":"https:\/\/www.europesays.com\/fr\/wp-json\/wp\/v2\/comments?post=200116"}],"version-history":[{"count":0,"href":"https:\/\/www.europesays.com\/fr\/wp-json\/wp\/v2\/posts\/200116\/revisions"}],"wp:featuredmedia":[{"embeddable":true,"href":"https:\/\/www.europesays.com\/fr\/wp-json\/wp\/v2\/media\/200117"}],"wp:attachment":[{"href":"https:\/\/www.europesays.com\/fr\/wp-json\/wp\/v2\/media?parent=200116"}],"wp:term":[{"taxonomy":"category","embeddable":true,"href":"https:\/\/www.europesays.com\/fr\/wp-json\/wp\/v2\/categories?post=200116"},{"taxonomy":"post_tag","embeddable":true,"href":"https:\/\/www.europesays.com\/fr\/wp-json\/wp\/v2\/tags?post=200116"}],"curies":[{"name":"wp","href":"https:\/\/api.w.org\/{rel}","templated":true}]}}