{"id":200134,"date":"2025-06-24T07:13:08","date_gmt":"2025-06-24T07:13:08","guid":{"rendered":"https:\/\/www.europesays.com\/fr\/200134\/"},"modified":"2025-06-24T07:13:08","modified_gmt":"2025-06-24T07:13:08","slug":"lille-les-fetes-de-fives-reviennent-ce-samedi-avec-un-grand-feu-dartifice","status":"publish","type":"post","link":"https:\/\/www.europesays.com\/fr\/200134\/","title":{"rendered":"Lille. Les f\u00eates de Fives reviennent ce samedi avec un grand feu d&rsquo;artifice\u00a0!"},"content":{"rendered":"<p>            Par<br \/>\n        <strong><br \/>\n            <a href=\"https:\/\/actu.fr\/auteur\/nicolas-demollien\" title=\"Consulter tous les articles de Nicolas Demollien\" target=\"_blank\" rel=\"noopener\">Nicolas Demollien<\/a><br \/>\n        <\/strong><\/p>\n<p>        Publi\u00e9 le<\/p>\n<p>            24 juin 2025 \u00e0 8h10        <\/p>\n<p>On a d\u00e9j\u00e0 h\u00e2te d\u2019y \u00eatre ! Les traditionnelles <b>f\u00eates de Fives<\/b> font leur grand retour \u00e0 <a href=\"https:\/\/actu.fr\/hauts-de-france\/lille_59350\" target=\"_blank\" rel=\"noopener\">Lille<\/a> (Nord) ce <b>samedi 28 juin 2025<\/b>. Une nouvelle \u00e9dition qui s\u2019annonce encore une fois tr\u00e8s prometteuse et se terminera par un grand <a href=\"https:\/\/actu.fr\/tag\/feu-dartifice\" target=\"_blank\" rel=\"noopener\">feu d\u2019artifice<\/a>. On fait le point sur le <b>programme<\/b>.<\/p>\n<p>Ce qui vous attend aux F\u00eates de Fives ce samedi<\/p>\n<p class=\" wall-content\">C\u2019est la <b>th\u00e9matique Fiesta<\/b> qui r\u00e9gira ces festivit\u00e9s. Elles d\u00e9buteront d\u00e8s 9h au <b>square Lardemer<\/b> avec des tournois sportifs jusqu\u2019\u00e0 11h.\u00a0<\/p>\n<p class=\" wall-content\">Place ensuite aux\u00a0concerts et animations de 11h \u00e0 14h30 avec le montage des g\u00e9ants et la pr\u00e9paration de la grande parade. Au menu : DJ set, spectacle, chorale, jeux anciens et ateliers familles, stand de maquillage, bar et petite restauration.<\/p>\n<p class=\" wall-content\">Le d\u00e9part de la <b>grande parade<\/b> du square Lardemer est pr\u00e9vu \u00e0 partir de 15h, en <b>direction de Fives Cail<\/b> o\u00f9 sera install\u00e9 le village d\u2019animations avec ses jeux gonflables et la musique. L\u2019arriv\u00e9e de la grande parade est estim\u00e9e aux alentours de 16h15 \u2013 30, par la Halle de l\u2019Internationale pour la pr\u00e9sentation des g\u00e9ants et des compagnies de spectacle de rue avec le Rigodon final. De nombreuses activit\u00e9s vous attendent sur place.<\/p>\n<p class=\" wall-content\">\u00c0 19h, place au banquet g\u00e9ant sur le cours Jean-Fran\u00e7ois Cail (r\u00e9servation n\u00e9cessaire, nombre de places limit\u00e9).<\/p>\n<p>Vid\u00e9os : en ce moment sur Actu<\/p>\n<p class=\" wall-content\">A 21h, les artistes entreront en sc\u00e8ne pour des <b>grands concerts gratuits<\/b> organis\u00e9s par l\u2019A\u00e9ronef et la Ville de Lille.\u00a0<\/p>\n<p class=\" wall-content\">C\u2019est \u00e0 23h30 que sera tir\u00e9 le <b>feu d\u2019artifice<\/b> !<\/p>\n<p class=\" wall-content\">Plus d\u2019infos sur le site de la Ville <a href=\"https:\/\/www.lille.fr\/fives\/Evenements\/Fetes-de-Fives-2025\" target=\"_blank\" rel=\"noopener\">lille.fr<\/a><\/p>\n<p class=\" wall-content\">Suivez toute l\u2019actualit\u00e9 de vos villes et m\u00e9dias favoris en vous inscrivant \u00e0 <a href=\"https:\/\/moncompte.actu.fr\" title=\"D\u00e9couvez Mon Actu\" rel=\"nofollow noopener\" data-trk=\"{&quot;cta&quot;:{&quot;action&quot;:&quot;https:\\\/\\\/moncompte.actu.fr&quot;,&quot;category&quot;:&quot;mon compte&quot;,&quot;from&quot;:&quot;article footer&quot;,&quot;name&quot;:&quot;Mon actu&quot;,&quot;type&quot;:&quot;cta&quot;}}\" target=\"_blank\">Mon Actu<\/a>.<\/p>\n","protected":false},"excerpt":{"rendered":"Par Nicolas Demollien Publi\u00e9 le 24 juin 2025 \u00e0 8h10 On a d\u00e9j\u00e0 h\u00e2te d\u2019y \u00eatre ! Les&hellip;\n","protected":false},"author":2,"featured_media":200135,"comment_status":"","ping_status":"","sticky":false,"template":"","format":"standard","meta":{"footnotes":""},"categories":[2815],"tags":[1111,11,1777,674,16701,1011,27,811,1307,1652,12,25],"class_list":{"0":"post-200134","1":"post","2":"type-post","3":"status-publish","4":"format-standard","5":"has-post-thumbnail","7":"category-lille","8":"tag-actu","9":"tag-actualites","10":"tag-eu","11":"tag-europe","12":"tag-feu-dartifice","13":"tag-fr","14":"tag-france","15":"tag-hauts-de-france","16":"tag-lille","17":"tag-loisirs-culture","18":"tag-news","19":"tag-republique-francaise"},"share_on_mastodon":{"url":"https:\/\/pubeurope.com\/@fr\/114737106459750653","error":""},"_links":{"self":[{"href":"https:\/\/www.europesays.com\/fr\/wp-json\/wp\/v2\/posts\/200134","targetHints":{"allow":["GET"]}}],"collection":[{"href":"https:\/\/www.europesays.com\/fr\/wp-json\/wp\/v2\/posts"}],"about":[{"href":"https:\/\/www.europesays.com\/fr\/wp-json\/wp\/v2\/types\/post"}],"author":[{"embeddable":true,"href":"https:\/\/www.europesays.com\/fr\/wp-json\/wp\/v2\/users\/2"}],"replies":[{"embeddable":true,"href":"https:\/\/www.europesays.com\/fr\/wp-json\/wp\/v2\/comments?post=200134"}],"version-history":[{"count":0,"href":"https:\/\/www.europesays.com\/fr\/wp-json\/wp\/v2\/posts\/200134\/revisions"}],"wp:featuredmedia":[{"embeddable":true,"href":"https:\/\/www.europesays.com\/fr\/wp-json\/wp\/v2\/media\/200135"}],"wp:attachment":[{"href":"https:\/\/www.europesays.com\/fr\/wp-json\/wp\/v2\/media?parent=200134"}],"wp:term":[{"taxonomy":"category","embeddable":true,"href":"https:\/\/www.europesays.com\/fr\/wp-json\/wp\/v2\/categories?post=200134"},{"taxonomy":"post_tag","embeddable":true,"href":"https:\/\/www.europesays.com\/fr\/wp-json\/wp\/v2\/tags?post=200134"}],"curies":[{"name":"wp","href":"https:\/\/api.w.org\/{rel}","templated":true}]}}