{"id":200138,"date":"2025-06-24T07:15:10","date_gmt":"2025-06-24T07:15:10","guid":{"rendered":"https:\/\/www.europesays.com\/fr\/200138\/"},"modified":"2025-06-24T07:15:10","modified_gmt":"2025-06-24T07:15:10","slug":"franck-allisio-veut-donner-le-la-a-lextreme-droite","status":"publish","type":"post","link":"https:\/\/www.europesays.com\/fr\/200138\/","title":{"rendered":"Franck Allisio veut donner le \u00ab\u00a0la\u00a0\u00bb \u00e0\u00a0 l&rsquo;extr\u00eame droite"},"content":{"rendered":"<p>Alors que St\u00e9phane Ravier a appel\u00e9 le 18\u00a0juin dans Valeurs actuelles \u00e0 une \u00ab\u00a0union des droites\u00a0\u00bb, un appel r\u00e9it\u00e9r\u00e9 ce mardi 24\u00a0juin dans nos colonnes, Franck Allisio occupe le terrain et tente d\u2019imposer son tempo. Le d\u00e9put\u00e9 RN, qui a annonc\u00e9 <a href=\"https:\/\/www.laprovence.com\/article\/region\/99959064721220\/municipales-2026-franck-allisio-rn-a-declare-ce-mercredi-quil-etait-candidat-a-la-mairie-de-marseille\" target=\"_blank\" rel=\"nofollow noopener\">sa candidature aux municipales<\/a> \u00e0 Marseille ce m\u00eame 18\u00a0juin, a pr\u00e9sent\u00e9 lundi matin dans les jardins du Pharo (7e) une partie de son \u00e9quipe de campagne. \u00ab\u00a0Une premi\u00e8re salve\u00a0\u00bb, annonce-t-il, qui sera suivie d'\u00a0\u00bbau moins une seconde \u00e0 l\u2019automne, avec une dizaine de noms en plus. Et avec des surprises\u00a0\u00bb.<\/p>\n","protected":false},"excerpt":{"rendered":"Alors que St\u00e9phane Ravier a appel\u00e9 le 18\u00a0juin dans Valeurs actuelles \u00e0 une \u00ab\u00a0union des droites\u00a0\u00bb, un appel&hellip;\n","protected":false},"author":2,"featured_media":200139,"comment_status":"","ping_status":"","sticky":false,"template":"","format":"standard","meta":{"footnotes":""},"categories":[2814],"tags":[17,5734,1111,11,19140,11269,1777,674,1011,27,12182,884,3554,12,882,16,25,9870],"class_list":{"0":"post-200138","1":"post","2":"type-post","3":"status-publish","4":"format-standard","5":"has-post-thumbnail","7":"category-marseille","8":"tag-17","9":"tag-5734","10":"tag-actu","11":"tag-actualites","12":"tag-allisio","13":"tag-donner","14":"tag-eu","15":"tag-europe","16":"tag-fr","17":"tag-france","18":"tag-franck","19":"tag-marseille","20":"tag-municipales","21":"tag-news","22":"tag-provence-alpes-cote-dazur","23":"tag-region","24":"tag-republique-francaise","25":"tag-veut"},"share_on_mastodon":{"url":"https:\/\/pubeurope.com\/@fr\/114737114278086175","error":""},"_links":{"self":[{"href":"https:\/\/www.europesays.com\/fr\/wp-json\/wp\/v2\/posts\/200138","targetHints":{"allow":["GET"]}}],"collection":[{"href":"https:\/\/www.europesays.com\/fr\/wp-json\/wp\/v2\/posts"}],"about":[{"href":"https:\/\/www.europesays.com\/fr\/wp-json\/wp\/v2\/types\/post"}],"author":[{"embeddable":true,"href":"https:\/\/www.europesays.com\/fr\/wp-json\/wp\/v2\/users\/2"}],"replies":[{"embeddable":true,"href":"https:\/\/www.europesays.com\/fr\/wp-json\/wp\/v2\/comments?post=200138"}],"version-history":[{"count":0,"href":"https:\/\/www.europesays.com\/fr\/wp-json\/wp\/v2\/posts\/200138\/revisions"}],"wp:featuredmedia":[{"embeddable":true,"href":"https:\/\/www.europesays.com\/fr\/wp-json\/wp\/v2\/media\/200139"}],"wp:attachment":[{"href":"https:\/\/www.europesays.com\/fr\/wp-json\/wp\/v2\/media?parent=200138"}],"wp:term":[{"taxonomy":"category","embeddable":true,"href":"https:\/\/www.europesays.com\/fr\/wp-json\/wp\/v2\/categories?post=200138"},{"taxonomy":"post_tag","embeddable":true,"href":"https:\/\/www.europesays.com\/fr\/wp-json\/wp\/v2\/tags?post=200138"}],"curies":[{"name":"wp","href":"https:\/\/api.w.org\/{rel}","templated":true}]}}