{"id":200146,"date":"2025-06-24T07:19:08","date_gmt":"2025-06-24T07:19:08","guid":{"rendered":"https:\/\/www.europesays.com\/fr\/200146\/"},"modified":"2025-06-24T07:19:08","modified_gmt":"2025-06-24T07:19:08","slug":"la-cour-des-comptes-tire-le-signal-dalarme-sur-letat-des-routes-en-ile-de-france","status":"publish","type":"post","link":"https:\/\/www.europesays.com\/fr\/200146\/","title":{"rendered":"La Cour des comptes tire le signal d\u2019alarme sur l\u2019\u00e9tat des routes en \u00cele-de-France"},"content":{"rendered":"<p class=\"paragraph text_align_left lp-f-body-02\">Chauss\u00e9es d\u00e9grad\u00e9es, signalisations et \u00e9quipements qui doivent \u00eatre remis \u00e0 niveau, ouvrages insuffisamment contr\u00f4l\u00e9s : c\u2019est dans les grandes lignes l\u2019\u00e9tat pr\u00e9occupant du r\u00e9seau routier d\u2019\u00cele-de- France d\u00e9taill\u00e9 dans un rapport que la Cour des comptes (CRC) vient tout juste de rendre public. Des routes pourtant cruciales puisqu\u2019elles sont emprunt\u00e9es chaque jour par 4 millions de voitures et camions.<\/p>\n","protected":false},"excerpt":{"rendered":"Chauss\u00e9es d\u00e9grad\u00e9es, signalisations et \u00e9quipements qui doivent \u00eatre remis \u00e0 niveau, ouvrages insuffisamment contr\u00f4l\u00e9s : c\u2019est dans les&hellip;\n","protected":false},"author":2,"featured_media":200147,"comment_status":"","ping_status":"","sticky":false,"template":"","format":"standard","meta":{"footnotes":""},"categories":[1592],"tags":[1111,11,1777,674,1011,27,662,1944,12,626,25,2382],"class_list":{"0":"post-200146","1":"post","2":"type-post","3":"status-publish","4":"format-standard","5":"has-post-thumbnail","7":"category-ile-de-france","8":"tag-actu","9":"tag-actualites","10":"tag-eu","11":"tag-europe","12":"tag-fr","13":"tag-france","14":"tag-ile-de-france","15":"tag-ma-ville","16":"tag-news","17":"tag-paris","18":"tag-republique-francaise","19":"tag-transport-idf-oise"},"share_on_mastodon":{"url":"https:\/\/pubeurope.com\/@fr\/114737129982114555","error":""},"_links":{"self":[{"href":"https:\/\/www.europesays.com\/fr\/wp-json\/wp\/v2\/posts\/200146","targetHints":{"allow":["GET"]}}],"collection":[{"href":"https:\/\/www.europesays.com\/fr\/wp-json\/wp\/v2\/posts"}],"about":[{"href":"https:\/\/www.europesays.com\/fr\/wp-json\/wp\/v2\/types\/post"}],"author":[{"embeddable":true,"href":"https:\/\/www.europesays.com\/fr\/wp-json\/wp\/v2\/users\/2"}],"replies":[{"embeddable":true,"href":"https:\/\/www.europesays.com\/fr\/wp-json\/wp\/v2\/comments?post=200146"}],"version-history":[{"count":0,"href":"https:\/\/www.europesays.com\/fr\/wp-json\/wp\/v2\/posts\/200146\/revisions"}],"wp:featuredmedia":[{"embeddable":true,"href":"https:\/\/www.europesays.com\/fr\/wp-json\/wp\/v2\/media\/200147"}],"wp:attachment":[{"href":"https:\/\/www.europesays.com\/fr\/wp-json\/wp\/v2\/media?parent=200146"}],"wp:term":[{"taxonomy":"category","embeddable":true,"href":"https:\/\/www.europesays.com\/fr\/wp-json\/wp\/v2\/categories?post=200146"},{"taxonomy":"post_tag","embeddable":true,"href":"https:\/\/www.europesays.com\/fr\/wp-json\/wp\/v2\/tags?post=200146"}],"curies":[{"name":"wp","href":"https:\/\/api.w.org\/{rel}","templated":true}]}}