{"id":200150,"date":"2025-06-24T07:21:08","date_gmt":"2025-06-24T07:21:08","guid":{"rendered":"https:\/\/www.europesays.com\/fr\/200150\/"},"modified":"2025-06-24T07:21:08","modified_gmt":"2025-06-24T07:21:08","slug":"plus-de-400-kilometres-de-bouchons-sur-les-routes-de-paris-et-dile-de-france","status":"publish","type":"post","link":"https:\/\/www.europesays.com\/fr\/200150\/","title":{"rendered":"plus de 400 kilom\u00e8tres de bouchons sur les routes de Paris et d&rsquo;\u00cele-de-France"},"content":{"rendered":"<p>            Par<br \/>\n        <strong><br \/>\n            <a href=\"https:\/\/actu.fr\/auteur\/redaction-paris\" title=\"Consulter tous les articles de R\u00e9daction Paris\" rel=\"nofollow noopener\" target=\"_blank\">R\u00e9daction Paris<\/a><br \/>\n        <\/strong><\/p>\n<p>        Publi\u00e9 le<\/p>\n<p>            24 juin 2025 \u00e0 8h28        <\/p>\n<p>Nouvelle matin\u00e9e laborieuse sur les routes de Paris et d\u2019\u00cele-de-France ce mardi 24\u00a0juin 2025.\u00a0Comme hier, la <a href=\"https:\/\/actu.fr\/tag\/circulation\" rel=\"nofollow noopener\" target=\"_blank\">circulation<\/a> est tr\u00e8s difficile en raison d\u2019accidents qui engendrent des <strong>embouteillages<\/strong> bien au-dessus de la moyenne pour un mardi.<\/p>\n<p>Trois accidents<\/p>\n<p class=\" wall-content\">\u00c0 en juger par le barom\u00e8tre de <a href=\"https:\/\/www.sytadin.fr\/\" rel=\"nofollow noopener\" target=\"_blank\">Sytadin.fr<\/a>, le cumul des bouchons atteints, \u00e0 8h20,<strong> 418 kilom\u00e8tres<\/strong>. Lors d\u2019une matin\u00e9e o\u00f9 la circulation est fluide, ils ne d\u00e9passent pas 300 kilom\u00e8tres.<\/p>\n<p class=\" wall-content\">Plusieurs <a href=\"https:\/\/actu.fr\/tag\/accident\" rel=\"nofollow noopener\" target=\"_blank\">accidents<\/a> ont \u00e9t\u00e9 signal\u00e9s\u2009:<\/p>\n<p class=\" wall-content\">\u2013 Sur l\u2019A13 dans le sens province-Paris de Vaucresson (A13xA86) vers St Cloud-D985 (&gt;Paris)<br \/>Sur trois voies, une est ferm\u00e9e \u00e0 gauche<\/p>\n<p class=\" wall-content\">\u2013 Sur la N118N dans le sens province-Paris. Un v\u00e9hicule l\u00e9ger et une moto impliqu\u00e9s<\/p>\n<p>Vid\u00e9os : en ce moment sur Actu<\/p>\n<p class=\" wall-content\">\u2013 Sur l\u2019A104N ext\u00e9rieur. Un v\u00e9hicule l\u00e9ger est impliqu\u00e9. Sur trois voies, une voie ferm\u00e9e \u00e0 droite<\/p>\n<p class=\" wall-content\">Suivez toute l\u2019actualit\u00e9 de vos villes et m\u00e9dias favoris en vous inscrivant \u00e0 <a href=\"https:\/\/moncompte.actu.fr\" title=\"D\u00e9couvez Mon Actu\" rel=\"nofollow noopener\" data-trk=\"{&quot;cta&quot;:{&quot;action&quot;:&quot;https:\\\/\\\/moncompte.actu.fr&quot;,&quot;category&quot;:&quot;mon compte&quot;,&quot;from&quot;:&quot;article footer&quot;,&quot;name&quot;:&quot;Mon actu&quot;,&quot;type&quot;:&quot;cta&quot;}}\" target=\"_blank\">Mon Actu<\/a>.<\/p>\n","protected":false},"excerpt":{"rendered":"Par R\u00e9daction Paris Publi\u00e9 le 24 juin 2025 \u00e0 8h28 Nouvelle matin\u00e9e laborieuse sur les routes de Paris&hellip;\n","protected":false},"author":2,"featured_media":200151,"comment_status":"","ping_status":"","sticky":false,"template":"","format":"standard","meta":{"footnotes":""},"categories":[1888],"tags":[119,1111,1928,11,1927,3542,1777,674,1011,27,12,1926,626,1925,25,104,2803],"class_list":{"0":"post-200150","1":"post","2":"type-post","3":"status-publish","4":"format-standard","5":"has-post-thumbnail","7":"category-paris","8":"tag-accident","9":"tag-actu","10":"tag-actu-paris","11":"tag-actualites","12":"tag-actualites-paris","13":"tag-circulation","14":"tag-eu","15":"tag-europe","16":"tag-fr","17":"tag-france","18":"tag-news","19":"tag-news-paris","20":"tag-paris","21":"tag-paris-news","22":"tag-republique-francaise","23":"tag-societe","24":"tag-transport"},"share_on_mastodon":{"url":"https:\/\/pubeurope.com\/@fr\/114737137889581362","error":""},"_links":{"self":[{"href":"https:\/\/www.europesays.com\/fr\/wp-json\/wp\/v2\/posts\/200150","targetHints":{"allow":["GET"]}}],"collection":[{"href":"https:\/\/www.europesays.com\/fr\/wp-json\/wp\/v2\/posts"}],"about":[{"href":"https:\/\/www.europesays.com\/fr\/wp-json\/wp\/v2\/types\/post"}],"author":[{"embeddable":true,"href":"https:\/\/www.europesays.com\/fr\/wp-json\/wp\/v2\/users\/2"}],"replies":[{"embeddable":true,"href":"https:\/\/www.europesays.com\/fr\/wp-json\/wp\/v2\/comments?post=200150"}],"version-history":[{"count":0,"href":"https:\/\/www.europesays.com\/fr\/wp-json\/wp\/v2\/posts\/200150\/revisions"}],"wp:featuredmedia":[{"embeddable":true,"href":"https:\/\/www.europesays.com\/fr\/wp-json\/wp\/v2\/media\/200151"}],"wp:attachment":[{"href":"https:\/\/www.europesays.com\/fr\/wp-json\/wp\/v2\/media?parent=200150"}],"wp:term":[{"taxonomy":"category","embeddable":true,"href":"https:\/\/www.europesays.com\/fr\/wp-json\/wp\/v2\/categories?post=200150"},{"taxonomy":"post_tag","embeddable":true,"href":"https:\/\/www.europesays.com\/fr\/wp-json\/wp\/v2\/tags?post=200150"}],"curies":[{"name":"wp","href":"https:\/\/api.w.org\/{rel}","templated":true}]}}