{"id":200160,"date":"2025-06-24T07:26:09","date_gmt":"2025-06-24T07:26:09","guid":{"rendered":"https:\/\/www.europesays.com\/fr\/200160\/"},"modified":"2025-06-24T07:26:09","modified_gmt":"2025-06-24T07:26:09","slug":"des-frappes-russes-font-trois-morts-dans-le-nord-est-de-lukraine","status":"publish","type":"post","link":"https:\/\/www.europesays.com\/fr\/200160\/","title":{"rendered":"Des frappes russes font trois morts dans le nord-est de l&rsquo;Ukraine"},"content":{"rendered":"<p><a href=\"https:\/\/www.laprovence.com\/article\/france-monde\/35948372646072\/guerre-en-ukraine-lavancee-russe-ralentit-pour-le-4e-mois-consecutif\" target=\"_blank\" rel=\"nofollow noopener\">Des frappes de drones russes ont fait trois morts, dont un enfant<\/a>, dans l&rsquo;agglom\u00e9ration de Soumy, ville du nord-est de l&rsquo;Ukraine, a annonc\u00e9 ce mardi matin l&rsquo;administration r\u00e9gionale.<\/p>\n<p>\u00ab\u00a0Vers minuit, les Russes ont attaqu\u00e9 massivement avec des drones un village (&#8230;) Nous avons des informations sur trois morts\u00a0\u00bb, a d\u00e9clar\u00e9 le chef de l&rsquo;administration r\u00e9gionale, Oleg Grygorov.<\/p>\n<p>\u00ab\u00a0La frappe a pris la vie de personnes issues de familles diff\u00e9rentes. Ils vivaient tous dans la m\u00eame rue.\u00a0\u00bb<\/p>\n<p>Outre le petit gar\u00e7on dont l&rsquo;\u00e2ge a \u00e9t\u00e9 r\u00e9vis\u00e9 de huit \u00e0 cinq ans, \u00ab\u00a0un homme de 52 ans et une femme de 84 ans sont \u00e9galement morts\u00a0\u00bb, a pr\u00e9cis\u00e9 le bureau du procureur de Soumy.<\/p>\n<p>Le parquet r\u00e9gional a expliqu\u00e9 que \u00ab\u00a0six autres personnes, y compris deux adolescentes de 17 ans et un jeune de 12 ans ont \u00e9t\u00e9 bless\u00e9s\u00a0\u00bb.\u00a0<\/p>\n<p>Igor Terekhov, maire de Kharkiv, a indiqu\u00e9 dans un message sur Telegram que la Russie avait tir\u00e9 sept drones sur la ville du nord-est de l&rsquo;Ukraine pendant la nuit.<\/p>\n<p>Cinq personnes ont \u00e9t\u00e9 bless\u00e9es dans Kharkiv.<\/p>\n<p>Sergi\u00ef Lissak, gouverneur de la r\u00e9gion de Dnipropetrovsk, plus au sud, a annonc\u00e9 que des frappes d&rsquo;artillerie et de drone ont cibl\u00e9 la ville de Nikopol, \u00e0 l&rsquo;ouest de Zaporijjia.<\/p>\n<p>Quatre personnes, deux femmes de 34 et 40 ans, et deux \u00a0hommes de 36 et 44 ans, ont \u00e9t\u00e9 bless\u00e9s et \u00ab\u00a0tous re\u00e7oivent un traitement ambulatoire\u00a0\u00bb, a-t-il d\u00e9clar\u00e9.<\/p>\n<p>Il a \u00e9galement inform\u00e9 qu&rsquo;un b\u00e2timent administratif, une tour d&rsquo;habitation, deux maisons et un magasin ont \u00e9t\u00e9 endommag\u00e9s dans ces frappes.<\/p>\n<p>Le pr\u00e9sident ukrainien Volodymyr Zelensky sera pr\u00e9sent \u00e0 La Haye, lors du sommet de l&rsquo;Otan mardi et mercredi, mais pas en tant que participant officiel du sommet.<\/p>\n<p>Il sera l&rsquo;invit\u00e9 du roi des Pays-Bas Willem-Alexander III mardi soir, o\u00f9 il aura &#8211; peut-\u00eatre &#8211; l&rsquo;occasion de s&rsquo;adresser au pr\u00e9sident am\u00e9ricain, qu&rsquo;il n&rsquo;avait pas pu rencontrer la semaine derni\u00e8re lors du sommet du G7 au Canada.<\/p>\n<p>Dans la capitale russe, un drone a vis\u00e9 un immeuble r\u00e9sidentiel faisant deux bless\u00e9s, dont un a \u00e9t\u00e9 hospitalis\u00e9, a annonc\u00e9, toujours sur Telegram, Andre\u00ef Vorobiov, le gouverneur de la r\u00e9gion de Moscou.<\/p>\n<p>\u00ab\u00a0Une centaine de personnes, dont 30 enfants, ont \u00e9t\u00e9 \u00e9vacu\u00e9es de l&rsquo;immeuble\u00a0\u00bb, a-t-il indiqu\u00e9.<\/p>\n<p>Deux autres drones ont \u00e9t\u00e9 abattus \u00e0 l&rsquo;ouest de la capitale russe, sans faire de bless\u00e9, a-t-il pr\u00e9cis\u00e9.<\/p>\n<p>Igor Klymenko, ministre des Affaires int\u00e9rieures de l&rsquo;Ukraine, a indiqu\u00e9 sur Telegram que l&rsquo;attaque a\u00e9rienne russe dans la nuit de dimanche \u00e0 lundi a tu\u00e9 dix civils \u00e0 Kiev et dans sa r\u00e9gion, dont une fille de onze ans.<\/p>\n<p>Les frappes ont dur\u00e9 plus de quatre heures, d&rsquo;abord avec des drones explosifs, puis des missiles balistiques et de croisi\u00e8re.<\/p>\n<p>Plusieurs quartiers de la capitale ukrainienne ont \u00e9t\u00e9 touch\u00e9s et une section enti\u00e8re d&rsquo;un immeuble r\u00e9sidentiel de plusieurs \u00e9tages a \u00e9t\u00e9 d\u00e9truite.<\/p>\n<p>Des frappes dans la r\u00e9gion d&rsquo;Odessa, dans le sud de l&rsquo;Ukraine, ont aussi tu\u00e9 deux personnes lundi et bless\u00e9 au moins une dizaine d&rsquo;autres, selon les autorit\u00e9s locales.<\/p>\n<p>Une \u00e9cole a \u00e9t\u00e9 touch\u00e9e, selon Volodymyr Zelensky.<\/p>\n<p>Dans la capitale ukrainienne, au moins 28 personnes avaient \u00e9t\u00e9 tu\u00e9es lors d&rsquo;une pr\u00e9c\u00e9dente frappe russe de grande ampleur en d\u00e9but de semaine derni\u00e8re.<\/p>\n<p>Les villes ukrainiennes sont cibl\u00e9es chaque nuit par des frappes russes, tandis que les pourparlers entre Kiev et Moscou en vue d&rsquo;un cessez-le-feu sont dans l&rsquo;impasse, malgr\u00e9 la pression de Washington.<\/p>\n<p>Lors d&rsquo;une visite du pr\u00e9sident ukrainien Volodymyr Zelensky au Royaume-Uni lundi, le Premier ministre britannique Keir Starmer a annonc\u00e9 un accord sur la production de drones renfor\u00e7ant la coop\u00e9ration militaire avec l&rsquo;Ukraine, notamment pour la production de drones aux technologies avanc\u00e9es.<\/p>\n","protected":false},"excerpt":{"rendered":"Des frappes de drones russes ont fait trois morts, dont un enfant, dans l&rsquo;agglom\u00e9ration de Soumy, ville du&hellip;\n","protected":false},"author":2,"featured_media":200161,"comment_status":"","ping_status":"","sticky":false,"template":"","format":"standard","meta":{"footnotes":""},"categories":[1590],"tags":[17,11,1446,154,1777,674,7234,329,2535,5184,12,2536,1100,220],"class_list":{"0":"post-200160","1":"post","2":"type-post","3":"status-publish","4":"format-standard","5":"has-post-thumbnail","7":"category-ukraine","8":"tag-17","9":"tag-actualites","10":"tag-dans","11":"tag-des","12":"tag-eu","13":"tag-europe","14":"tag-font","15":"tag-france-monde","16":"tag-frappes","17":"tag-morts","18":"tag-news","19":"tag-russes","20":"tag-trois","21":"tag-ukraine"},"share_on_mastodon":{"url":"https:\/\/pubeurope.com\/@fr\/114737157531015969","error":""},"_links":{"self":[{"href":"https:\/\/www.europesays.com\/fr\/wp-json\/wp\/v2\/posts\/200160","targetHints":{"allow":["GET"]}}],"collection":[{"href":"https:\/\/www.europesays.com\/fr\/wp-json\/wp\/v2\/posts"}],"about":[{"href":"https:\/\/www.europesays.com\/fr\/wp-json\/wp\/v2\/types\/post"}],"author":[{"embeddable":true,"href":"https:\/\/www.europesays.com\/fr\/wp-json\/wp\/v2\/users\/2"}],"replies":[{"embeddable":true,"href":"https:\/\/www.europesays.com\/fr\/wp-json\/wp\/v2\/comments?post=200160"}],"version-history":[{"count":0,"href":"https:\/\/www.europesays.com\/fr\/wp-json\/wp\/v2\/posts\/200160\/revisions"}],"wp:featuredmedia":[{"embeddable":true,"href":"https:\/\/www.europesays.com\/fr\/wp-json\/wp\/v2\/media\/200161"}],"wp:attachment":[{"href":"https:\/\/www.europesays.com\/fr\/wp-json\/wp\/v2\/media?parent=200160"}],"wp:term":[{"taxonomy":"category","embeddable":true,"href":"https:\/\/www.europesays.com\/fr\/wp-json\/wp\/v2\/categories?post=200160"},{"taxonomy":"post_tag","embeddable":true,"href":"https:\/\/www.europesays.com\/fr\/wp-json\/wp\/v2\/tags?post=200160"}],"curies":[{"name":"wp","href":"https:\/\/api.w.org\/{rel}","templated":true}]}}