{"id":200164,"date":"2025-06-24T07:28:26","date_gmt":"2025-06-24T07:28:26","guid":{"rendered":"https:\/\/www.europesays.com\/fr\/200164\/"},"modified":"2025-06-24T07:28:26","modified_gmt":"2025-06-24T07:28:26","slug":"le-royaume-uni-lance-une-grande-enquete-sur-ses-maternites-a-la-suite-de-plusieurs-scandales","status":"publish","type":"post","link":"https:\/\/www.europesays.com\/fr\/200164\/","title":{"rendered":"Le Royaume-Uni lance une grande enqu\u00eate sur ses maternit\u00e9s \u00e0 la suite de plusieurs scandales"},"content":{"rendered":"<p>Des d\u00e9faillances de soins dans les <a href=\"https:\/\/www.20minutes.fr\/dossier\/maternite\" class=\"color-ultramarine c-link\" rel=\"nofollow noopener\" target=\"_blank\">maternit\u00e9s <\/a>\u00ab\u00a0qui n\u2019auraient jamais d\u00fb se produire\u00a0\u00bb, selon les mots du ministre de la <a href=\"https:\/\/www.20minutes.fr\/sante\/\" class=\"color-ultramarine c-link\" rel=\"nofollow noopener\" target=\"_blank\">Sant\u00e9 <\/a>Wes Streeting. Le gouvernement britannique a annonc\u00e9 lundi le lancement d\u2019une enqu\u00eate sur les maternit\u00e9s du pays, o\u00f9 de nombreux scandales ont r\u00e9v\u00e9l\u00e9 des \u00ab\u00a0probl\u00e8mes syst\u00e9miques\u00a0\u00bb depuis au moins une quinzaine d\u2019ann\u00e9es, qui ont conduit aux d\u00e9c\u00e8s de plusieurs centaines de <a href=\"https:\/\/www.20minutes.fr\/dossier\/bebe\" class=\"color-ultramarine c-link\" rel=\"nofollow noopener\" target=\"_blank\">b\u00e9b\u00e9s<\/a>.<\/p>\n<p>Men\u00e9e en collaboration avec des m\u00e9decins, experts et parents, elle d\u00e9butera cet \u00e9t\u00e9 et donnera lieu \u00e0 un rapport en d\u00e9cembre. Le ministre a promis des mesures imm\u00e9diates dans certaines maternit\u00e9s particuli\u00e8rement d\u00e9faillantes. L\u2019objectif de l\u2019enqu\u00eate annonc\u00e9e lundi par le minist\u00e8re de la Sant\u00e9 est \u00ab\u00a0d\u2019\u00e9tablir la v\u00e9rit\u00e9 et les responsabilit\u00e9s pour les familles touch\u00e9es et d\u2019apporter des am\u00e9liorations urgentes en mati\u00e8re de soin et de s\u00e9curit\u00e9\u00a0\u00bb.<\/p>\n<\/p>\n<p>Des centaines de d\u00e9c\u00e8s \u00e9vitables<\/p>\n<p>Une enqu\u00eate publi\u00e9e en janvier par la BBC sur ces deux \u00e9tablissements avait r\u00e9v\u00e9l\u00e9 que la mort d\u2019au moins 56 b\u00e9b\u00e9s aurait pu \u00eatre \u00e9vit\u00e9e entre janvier\u00a02019 et juillet\u00a02024. Au-del\u00e0 des services de maternit\u00e9, le syst\u00e8me public de sant\u00e9, le NHS, est en crise depuis de nombreuses ann\u00e9es, cons\u00e9quence d\u2019un sous-investissement chronique et plus r\u00e9cemment de la pand\u00e9mie de Covid-19.<\/p>\n<p>En\u00a02022, un rapport de la Commission sur la qualit\u00e9 des soins (CQC) avait conclu que plus de la moiti\u00e9 des 139 maternit\u00e9s anglaises pr\u00e9sentaient des niveaux de s\u00e9curit\u00e9 inad\u00e9quats ou n\u00e9cessitant une am\u00e9lioration. Une enqu\u00eate publi\u00e9e peu avant avait montr\u00e9 que 45 morts de b\u00e9b\u00e9s auraient pu \u00eatre \u00e9vit\u00e9es en dix ans dans deux maternit\u00e9s du sud-est de l\u2019Angleterre. Quelques mois plus t\u00f4t, les dysfonctionnements dans plusieurs maternit\u00e9s de l\u2019ouest de l\u2019Angleterre \u00e9taient point\u00e9s du doigt pour expliquer le d\u00e9c\u00e8s de plus de 200 b\u00e9b\u00e9s en vingt ans.<\/p>\n<p>In\u00e9galit\u00e9s<\/p>\n<p>Le refus obstin\u00e9 des m\u00e9decins d\u2019effectuer des c\u00e9sariennes, des soins inad\u00e9quats et l\u2019absence d\u2019enqu\u00eate interne avaient \u00e9t\u00e9 critiqu\u00e9s. Face au toll\u00e9, le gouvernement conservateur de l\u2019\u00e9poque s\u2019\u00e9tait excus\u00e9. Plusieurs de ces rapports ont aussi mis en \u00e9vidence des in\u00e9galit\u00e9s au d\u00e9triment des femmes issues de minorit\u00e9s ethniques.<\/p>\n<p>Selon celui de\u00a02022 de la CQC, les femmes noires ont quatre fois plus de risques de mourir pendant la grossesse ou l\u2019accouchement que les femmes blanches. Pour les femmes asiatiques, ce risque est deux fois plus \u00e9lev\u00e9 que pour les femmes blanches.<\/p>\n","protected":false},"excerpt":{"rendered":"Des d\u00e9faillances de soins dans les maternit\u00e9s \u00ab\u00a0qui n\u2019auraient jamais d\u00fb se produire\u00a0\u00bb, selon les mots du ministre&hellip;\n","protected":false},"author":2,"featured_media":200165,"comment_status":"","ping_status":"","sticky":false,"template":"","format":"standard","meta":{"footnotes":""},"categories":[1588],"tags":[47,11,3493,1777,674,100,15761,74,12,473,1853,71,1851,1850,1852],"class_list":{"0":"post-200164","1":"post","2":"type-post","3":"status-publish","4":"format-standard","5":"has-post-thumbnail","7":"category-royaume-uni","8":"tag-actualite","9":"tag-actualites","10":"tag-bebe","11":"tag-eu","12":"tag-europe","13":"tag-hopital","14":"tag-maternite","15":"tag-monde","16":"tag-news","17":"tag-royaume-uni","18":"tag-royaume-uni-de-grande-bretagne-et-dirlande-du-nord","19":"tag-sante","20":"tag-uk","21":"tag-united-kingdom","22":"tag-united-kingdom-of-great-britain-and-northern-ireland"},"share_on_mastodon":{"url":"https:\/\/pubeurope.com\/@fr\/114737165393086281","error":""},"_links":{"self":[{"href":"https:\/\/www.europesays.com\/fr\/wp-json\/wp\/v2\/posts\/200164","targetHints":{"allow":["GET"]}}],"collection":[{"href":"https:\/\/www.europesays.com\/fr\/wp-json\/wp\/v2\/posts"}],"about":[{"href":"https:\/\/www.europesays.com\/fr\/wp-json\/wp\/v2\/types\/post"}],"author":[{"embeddable":true,"href":"https:\/\/www.europesays.com\/fr\/wp-json\/wp\/v2\/users\/2"}],"replies":[{"embeddable":true,"href":"https:\/\/www.europesays.com\/fr\/wp-json\/wp\/v2\/comments?post=200164"}],"version-history":[{"count":0,"href":"https:\/\/www.europesays.com\/fr\/wp-json\/wp\/v2\/posts\/200164\/revisions"}],"wp:featuredmedia":[{"embeddable":true,"href":"https:\/\/www.europesays.com\/fr\/wp-json\/wp\/v2\/media\/200165"}],"wp:attachment":[{"href":"https:\/\/www.europesays.com\/fr\/wp-json\/wp\/v2\/media?parent=200164"}],"wp:term":[{"taxonomy":"category","embeddable":true,"href":"https:\/\/www.europesays.com\/fr\/wp-json\/wp\/v2\/categories?post=200164"},{"taxonomy":"post_tag","embeddable":true,"href":"https:\/\/www.europesays.com\/fr\/wp-json\/wp\/v2\/tags?post=200164"}],"curies":[{"name":"wp","href":"https:\/\/api.w.org\/{rel}","templated":true}]}}