{"id":200170,"date":"2025-06-24T07:32:09","date_gmt":"2025-06-24T07:32:09","guid":{"rendered":"https:\/\/www.europesays.com\/fr\/200170\/"},"modified":"2025-06-24T07:32:09","modified_gmt":"2025-06-24T07:32:09","slug":"apres-la-galere-dans-le-metro-de-marseille-les-trams-et-les-bus","status":"publish","type":"post","link":"https:\/\/www.europesays.com\/fr\/200170\/","title":{"rendered":"apr\u00e8s la gal\u00e8re dans le m\u00e9tro de Marseille, les trams et les bus ?"},"content":{"rendered":"<p>A\u00a0\u00bbIl n\u2019y a jamais eu de gr\u00e8ve de cette ampleur dans le m\u00e9tro, mais on ne reprendra pas tant que la direction continuera de ne pas respecter ni les agents, ni les Marseillais\u00a0\u00bb. Ce <a href=\"https:\/\/www.laprovence.com\/article\/societe\/15249318882715\/aucun-metro-a-marseille-ce-lundi-en-raison-de-la-poursuite-dun-mouvement-social\" target=\"_blank\" rel=\"nofollow noopener\">lundi 23\u00a0juin<\/a>, au deuxi\u00e8me jour de <a href=\"https:\/\/www.laprovence.com\/article\/region\/208949682799615\/la-greve-du-metro-reconduite-ce-mardi-a-marseille-bus-et-tramways-au-bord-de-la-saturation\" target=\"_blank\" rel=\"nofollow noopener\">gr\u00e8ve<\/a> de la trentaine d\u2019agents de ma\u00eetrise du poste central de commande, qui assure la r\u00e9gulation et la s\u00e9curit\u00e9 des m\u00e9tros, pour contester la r\u00e9organisation de leur service, la col\u00e8re du syndicat FO demeure plus vive que jamais. Un peu plus t\u00f4t dans la matin\u00e9e, une rencontre avec la direction \u00ab\u00a0n\u2019a pas permis d\u2019ouvrir le dialogue social\u00a0\u00bb, assure un syndicaliste. La gr\u00e8ve se poursuivra donc ce mardi.<\/p>\n","protected":false},"excerpt":{"rendered":"A\u00a0\u00bbIl n\u2019y a jamais eu de gr\u00e8ve de cette ampleur dans le m\u00e9tro, mais on ne reprendra pas&hellip;\n","protected":false},"author":2,"featured_media":200171,"comment_status":"","ping_status":"","sticky":false,"template":"","format":"standard","meta":{"footnotes":""},"categories":[2],"tags":[17,11,150,1446,1011,27,33956,6151,884,4047,12,16,25,10783],"class_list":{"0":"post-200170","1":"post","2":"type-post","3":"status-publish","4":"format-standard","5":"has-post-thumbnail","7":"category-actualites","8":"tag-17","9":"tag-actualites","10":"tag-apres","11":"tag-dans","12":"tag-fr","13":"tag-france","14":"tag-galere","15":"tag-greve","16":"tag-marseille","17":"tag-metro","18":"tag-news","19":"tag-region","20":"tag-republique-francaise","21":"tag-rtm"},"share_on_mastodon":{"url":"https:\/\/pubeurope.com\/@fr\/114737181090465873","error":""},"_links":{"self":[{"href":"https:\/\/www.europesays.com\/fr\/wp-json\/wp\/v2\/posts\/200170","targetHints":{"allow":["GET"]}}],"collection":[{"href":"https:\/\/www.europesays.com\/fr\/wp-json\/wp\/v2\/posts"}],"about":[{"href":"https:\/\/www.europesays.com\/fr\/wp-json\/wp\/v2\/types\/post"}],"author":[{"embeddable":true,"href":"https:\/\/www.europesays.com\/fr\/wp-json\/wp\/v2\/users\/2"}],"replies":[{"embeddable":true,"href":"https:\/\/www.europesays.com\/fr\/wp-json\/wp\/v2\/comments?post=200170"}],"version-history":[{"count":0,"href":"https:\/\/www.europesays.com\/fr\/wp-json\/wp\/v2\/posts\/200170\/revisions"}],"wp:featuredmedia":[{"embeddable":true,"href":"https:\/\/www.europesays.com\/fr\/wp-json\/wp\/v2\/media\/200171"}],"wp:attachment":[{"href":"https:\/\/www.europesays.com\/fr\/wp-json\/wp\/v2\/media?parent=200170"}],"wp:term":[{"taxonomy":"category","embeddable":true,"href":"https:\/\/www.europesays.com\/fr\/wp-json\/wp\/v2\/categories?post=200170"},{"taxonomy":"post_tag","embeddable":true,"href":"https:\/\/www.europesays.com\/fr\/wp-json\/wp\/v2\/tags?post=200170"}],"curies":[{"name":"wp","href":"https:\/\/api.w.org\/{rel}","templated":true}]}}