{"id":20018,"date":"2025-04-12T15:35:12","date_gmt":"2025-04-12T15:35:12","guid":{"rendered":"https:\/\/www.europesays.com\/fr\/20018\/"},"modified":"2025-04-12T15:35:12","modified_gmt":"2025-04-12T15:35:12","slug":"les-elus-ps-eelv-et-pcf-apportent-leur-soutien-au-maire-de-lyon","status":"publish","type":"post","link":"https:\/\/www.europesays.com\/fr\/20018\/","title":{"rendered":"les \u00e9lus PS, EELV et PCF apportent leur soutien au maire de Lyon"},"content":{"rendered":"<p itemprop=\"description\"><strong><strong>Dans un communiqu\u00e9 publi\u00e9 ce vendredi 11 avril, diff\u00e9rents groupes composant la majorit\u00e9 du maire de Lyon ont apport\u00e9 leur soutien \u00e0 Gr\u00e9gory Doucet.<\/strong><\/strong><\/p>\n<p style=\"text-align:start\">Mercredi, le maire de Lyon, Gr\u00e9gory Doucet, a \u00e9t\u00e9 auditionn\u00e9 par la brigade financi\u00e8re lors d\u2019une garde \u00e0 vue qui a dur\u00e9 pas moins de 9 heures. L\u2019\u00e9dile \u00e9cologiste \u00e9tait entendu dans le cadre d&rsquo;une enqu\u00eate ouverte il y a un an pour d\u00e9tournement de fonds publics.<\/p>\n<p style=\"text-align:start\">Il a d\u00fb alors expliquer aux enqu\u00eateurs les r\u00f4les des 24 charg\u00e9s de mission suppl\u00e9mentaires recrut\u00e9s, qui auraient parfois des t\u00e2ches politiques, ce qui est contraire au r\u00e8glement. \u00c0 noter que l\u2019ancien maire de Lyon, Georges K\u00e9p\u00e9n\u00e9kian, a, lui aussi, \u00e9t\u00e9 plac\u00e9 en garde \u00e0 vue ce mardi, pour la m\u00eame enqu\u00eate que son successeur.<\/p>\n<p style=\"text-align:start\"><strong>\u00ab\u00a0Nous apportons notre plein soutien \u00e0 Gr\u00e9gory Doucet\u00a0\u00bb<\/strong><\/p>\n<p style=\"text-align:start\">Ce vendredi midi, plusieurs \u00e9lus des groupes PS, EELV et PCF de Lyon se sont li\u00e9s pour soutenir Gr\u00e9gory Doucet\u00a0: \u00ab\u00a0Au d\u00e9but du mandat, la Ville a fait \u00e9voluer l&rsquo;organisation, dans les meilleurs d\u00e9lais malgr\u00e9 le contexte sanitaire, afin de clarifier les fonctions de ces agents administratifs. Puis il y a quelques mois ces fonctions ont \u00e9t\u00e9 supprim\u00e9es et les postes red\u00e9ploy\u00e9s afin de se conformer aux recommandations de la Chambre r\u00e9gionale des comptes (\u2026) Lyon n&rsquo;est pas isol\u00e9e dans cette situation, d&rsquo;autres collectivit\u00e9s sont aussi concern\u00e9es\u00a0\u00bb, peut-on lire.<\/p>\n<p style=\"text-align:start\">Les auteurs de ce communiqu\u00e9, assurant repr\u00e9senter une centaine d&rsquo;\u00e9lus lyonnais ajoutent\u00a0: \u00ab\u00a0Comme de nombreuses autres personnes depuis mercredi, nous apportons notre plein soutien \u00e0 Gr\u00e9gory Doucet\u00a0\u00bb.<\/p>\n<p style=\"text-align:start\">Des mots rassurants de la part de son bord politique, \u00e0 pr\u00e8s d\u2019un an des \u00e9lections municipales.<\/p>\n","protected":false},"excerpt":{"rendered":"Dans un communiqu\u00e9 publi\u00e9 ce vendredi 11 avril, diff\u00e9rents groupes composant la majorit\u00e9 du maire de Lyon ont&hellip;\n","protected":false},"author":2,"featured_media":20019,"comment_status":"","ping_status":"","sticky":false,"template":"","format":"standard","meta":{"footnotes":""},"categories":[1889],"tags":[1111,11,2813,2190,2430,1109,251,1112,2811,1777,674,118,1011,27,1922,1110,1114,2428,2810,12,241,316,25,2812,517,800],"class_list":{"0":"post-20018","1":"post","2":"type-post","3":"status-publish","4":"format-standard","5":"has-post-thumbnail","7":"category-lyon","8":"tag-actu","9":"tag-actualites","10":"tag-article","11":"tag-asvel","12":"tag-auvergne-rhone-alpes","13":"tag-breves","14":"tag-culture","15":"tag-depeches","16":"tag-economique","17":"tag-eu","18":"tag-europe","19":"tag-faits-divers","20":"tag-fr","21":"tag-france","22":"tag-info","23":"tag-informations","24":"tag-infos","25":"tag-lyon","26":"tag-lyonmag","27":"tag-news","28":"tag-ol","29":"tag-politique","30":"tag-republique-francaise","31":"tag-sociale","32":"tag-sport","33":"tag-transports"},"share_on_mastodon":{"url":"https:\/\/pubeurope.com\/@fr\/114325731593143667","error":""},"_links":{"self":[{"href":"https:\/\/www.europesays.com\/fr\/wp-json\/wp\/v2\/posts\/20018","targetHints":{"allow":["GET"]}}],"collection":[{"href":"https:\/\/www.europesays.com\/fr\/wp-json\/wp\/v2\/posts"}],"about":[{"href":"https:\/\/www.europesays.com\/fr\/wp-json\/wp\/v2\/types\/post"}],"author":[{"embeddable":true,"href":"https:\/\/www.europesays.com\/fr\/wp-json\/wp\/v2\/users\/2"}],"replies":[{"embeddable":true,"href":"https:\/\/www.europesays.com\/fr\/wp-json\/wp\/v2\/comments?post=20018"}],"version-history":[{"count":0,"href":"https:\/\/www.europesays.com\/fr\/wp-json\/wp\/v2\/posts\/20018\/revisions"}],"wp:featuredmedia":[{"embeddable":true,"href":"https:\/\/www.europesays.com\/fr\/wp-json\/wp\/v2\/media\/20019"}],"wp:attachment":[{"href":"https:\/\/www.europesays.com\/fr\/wp-json\/wp\/v2\/media?parent=20018"}],"wp:term":[{"taxonomy":"category","embeddable":true,"href":"https:\/\/www.europesays.com\/fr\/wp-json\/wp\/v2\/categories?post=20018"},{"taxonomy":"post_tag","embeddable":true,"href":"https:\/\/www.europesays.com\/fr\/wp-json\/wp\/v2\/tags?post=20018"}],"curies":[{"name":"wp","href":"https:\/\/api.w.org\/{rel}","templated":true}]}}