{"id":200186,"date":"2025-06-24T07:42:16","date_gmt":"2025-06-24T07:42:16","guid":{"rendered":"https:\/\/www.europesays.com\/fr\/200186\/"},"modified":"2025-06-24T07:42:16","modified_gmt":"2025-06-24T07:42:16","slug":"cyclisme-exposition-eddy-merckx-fete-a-la-maison-du-cyclisme-liege-bastogne-liege","status":"publish","type":"post","link":"https:\/\/www.europesays.com\/fr\/200186\/","title":{"rendered":"Cyclisme. Exposition &#8211; Eddy Merckx f\u00eat\u00e9 \u00e0 La Maison du Cyclisme Li\u00e8ge-Bastogne-Li\u00e8ge"},"content":{"rendered":"<p>\u00ab\u00a0Qu\u2019\u00e9crire encore en plus des \u00e9loges dithyrambiques \u00e0 son propos, qu\u2019apprendre de neuf sur lui, que r\u00e9aliser que d\u2019autres n\u2019ont pas fait sur <strong><a href=\"https:\/\/www.cyclismactu.net\/..\/news-cyclisme-route-eddy-merckx-cannibale-fete-ses-80-ans-ce-mardi-88404.html\" target=\"_blank\" rel=\"noopener\">Eddy Merckx<\/a>\u00a0<\/strong>? Et si \u00ab\u00a0simplement\u00a0\u00bb, nous lui rendions hommage, pour f\u00eater, comme toute la Belgique, et bien d\u2019autres acteurs internationaux, son 80e anniversaire. C\u2019est ce que nous avons eu pour objectif, en mettant sur pied cette nouvelle expo temporaire.\u00a0\u00bb Voil\u00e0 le message que<a href=\"https:\/\/www.lamaisonducyclisme.be\" target=\"_blank\" rel=\"noopener\">\u00a0<\/a><strong><a href=\"https:\/\/www.lamaisonducyclisme.be\" target=\"_blank\" rel=\"noopener\">La Maison du Cyclisme Li\u00e8ge-Bastogne-Li\u00e8ge<\/a><\/strong> a adress\u00e9 \u00e0 <a href=\"https:\/\/www.cyclismactu.net\/..\/news-cyclisme-route-record-de-heure-eddy-merckx-a-lance-un-defi-tadej-pogacar-et-remco-evenepoel-88443.html\" target=\"_blank\" rel=\"noopener\">Cyclism&rsquo;Actu<\/a>.<\/p>\n<p>Vid\u00e9o &#8211; Eddy Merckx a f\u00eat\u00e9 ses 80 ans le 17 juin dernier Lire la suite de l&rsquo;article&#13;<\/p>\n<p>\u00a0<\/p>\n<p>&#13;<br \/>\n<strong><strong>\u00ab\u00a0SIMPLEMENT EDDY\u00a0\u00bb, UNE EXPO TEMPORAIRE JUSQU\u2019\u00c0 LA MI-SEPTEMBRE.<\/strong><br \/><\/strong>&#13;<\/p>\n<p>L\u2019exposition que nous vous proposons jalonne de multiples mani\u00e8res la carri\u00e8re professionnelle du \u00ab\u00a0ketje\u00a0\u00bb de Meensel-Kiezegem. Gr\u00e2ce aux possessions des diff\u00e9rents collectionneurs avec lesquels nous collaborons (Jean-Marie Gobert, Guy Crasset, Michel No\u00ebl, Vincent Piette, Jean-Pierre Ropet, la famille de Roger Wery et Jaimy Lauwereys), voyagez au gr\u00e9 des heures de gloire ou des instants plus familiaux, \u00e0 travers divers \u00ab\u00a0moments\u00a0\u00bb et plusieurs types de pi\u00e8ces.\u00a0<\/p>\n<p>&#13;<\/p>\n<p>Expo photos, parfois rares\u00a0; objets, souvent insolites\u00a0; documents et ouvrages\u00a0; maillots et surv\u00eatements\u00a0; v\u00e9los et accessoires\u00a0; diaporama, interviews et musique, tout corrobore pour mettre en lumi\u00e8re celui que plusieurs g\u00e9n\u00e9rations consid\u00e8rent comme le plus grand coureur cycliste de tous les temps.<\/p>\n<p>&#13;<\/p>\n<p>Nous esp\u00e9rons que votre m\u00e9dia pourra mettre en lumi\u00e8re le travail que nous avons r\u00e9alis\u00e9 pour lui rendre hommage, et qu\u2019un grand nombre de personnes auront ainsi envie de venir la d\u00e9couvrir. N\u2019h\u00e9sitez pas \u00e0 nous contacter pour toute demande en la mati\u00e8re.\u00a0<\/p>\n<p>&#13;<\/p>\n<p>A tr\u00e8s bient\u00f4t, \u00e0 la Maison du Cyclisme.\u00a0<\/p>\n<p>&#13;<\/p>\n<p>\u00a0<\/p>\n<p>&#13;<br \/>\n<strong>Les infos<\/strong><strong>\u00a0de La Maison du Cyclisme Li\u00e8ge-Bastogne-Li\u00e8ge<\/strong>&#13;<\/p>\n<p>rue de Louveign\u00e9, 5 A \u2013 4920 AYWAILLE<strong>\u00a0<\/strong><\/p>\n<p>&#13;<\/p>\n<p><strong>\u00a0<\/strong><a href=\"https:\/\/www.lamaisonducyclisme.be\/\" target=\"_blank\" rel=\"noopener\">www.lamaisonducyclisme.be<\/a><strong>\u00a0<\/strong><\/p>\n<p>&#13;<\/p>\n<p><strong>\u00a0<\/strong><a href=\"https:\/\/www.cyclismactu.net\/mailto:maisonducyclisme@aywaille.be\" target=\"_blank\" rel=\"noopener\">maisonducyclisme@aywaille.be<\/a><\/p>\n<p>&#13;<\/p>\n<p>\u00a0<\/p>\n<p>&#13;<\/p>\n<p><strong>Horaires d\u2019ouverture<\/strong><\/p>\n<p>&#13;<\/p>\n<p>Lundi : 10h\u00a0\u00e0 17h\u00a0\u00a0\u00a0\u00a0\u00a0\u00a0\u00a0\u00a0\u00a0<\/p>\n<p>&#13;<\/p>\n<p>Mardi : 10h\u00a0\u00e0 17h<\/p>\n<p>&#13;<\/p>\n<p>Mercredi : 10h \u00e0 17h<\/p>\n<p>&#13;<\/p>\n<p>Jeudi : 13h \u00e0 17h<\/p>\n<p>&#13;<\/p>\n<p>Vendredi :\u00a013h \u00e0 17h<\/p>\n<p>&#13;<\/p>\n<p>Samedi :\u00a010h\u00a0\u00e0 17h\u00a0\u00a0\u00a0\u00a0\u00a0\u00a0<\/p>\n<p>&#13;<\/p>\n<p>Dimanche : 10h \u00e0 17h<\/p>\n<p>&#13;<\/p>\n<p>\u00a0<strong>\u00a0<\/strong><\/p>\n<p>&#13;<\/p>\n<p><strong>Tarifs<\/strong><\/p>\n<p>&#13;<br \/>\n&#13;<br \/>\n&#13;<\/p>\n<tr>&#13;<\/p>\n<td width=\"302\" valign=\"top\">&#13;<\/p>\n<p>\u00a0Visite adulte +12 ans<\/p>\n<p>&#13;\n<\/td>\n<p>&#13;<\/p>\n<td width=\"274\" valign=\"top\">&#13;<\/p>\n<p>\u00a08,00 \u20ac<\/p>\n<p>&#13;\n<\/td>\n<p>&#13;<br \/>\n<\/tr>\n<p>&#13;<\/p>\n<tr>&#13;<\/p>\n<td width=\"302\" valign=\"top\">&#13;<\/p>\n<p>\u00a0Visite enfant (4 \u00e0 12 ans)<\/p>\n<p>&#13;\n<\/td>\n<p>&#13;<\/p>\n<td width=\"274\" valign=\"top\">&#13;<\/p>\n<p>\u00a05,00 \u20ac<\/p>\n<p>&#13;\n<\/td>\n<p>&#13;<br \/>\n<\/tr>\n<p>&#13;<\/p>\n<tr>&#13;<\/p>\n<td width=\"302\" valign=\"top\">&#13;<\/p>\n<p>\u00a0Visite en famille (2 adultes + 2 enfants)<\/p>\n<p>&#13;\n<\/td>\n<p>&#13;<\/p>\n<td width=\"274\" valign=\"top\">&#13;<\/p>\n<p>\u00a022,00 \u20ac + 4 \u20ac \/ enfant suppl\u00e9mentaire<\/p>\n<p>&#13;\n<\/td>\n<p>&#13;<br \/>\n<\/tr>\n<p>&#13;<\/p>\n<tr>&#13;<\/p>\n<td width=\"302\" valign=\"top\">&#13;<\/p>\n<p>\u00a0Visite groupe adultes (min. 15 pers., uniquement\u00a0\u00a0\u00a0\u00a0sur r\u00e9servation)<\/p>\n<p>&#13;\n<\/td>\n<p>&#13;<\/p>\n<td width=\"274\" valign=\"top\">&#13;<\/p>\n<p>\u00a06,00 \u20ac \/ pers.<\/p>\n<p>&#13;<\/p>\n<p>\u00a01 accompagnant gratuit<\/p>\n<p>&#13;\n<\/td>\n<p>&#13;<br \/>\n<\/tr>\n<p>&#13;<br \/>\n&#13;<\/p>\n","protected":false},"excerpt":{"rendered":"\u00ab\u00a0Qu\u2019\u00e9crire encore en plus des \u00e9loges dithyrambiques \u00e0 son propos, qu\u2019apprendre de neuf sur lui, que r\u00e9aliser que&hellip;\n","protected":false},"author":2,"featured_media":200187,"comment_status":"","ping_status":"","sticky":false,"template":"","format":"standard","meta":{"footnotes":""},"categories":[1411],"tags":[1154,207,3293,211,1011,27,209,60,210,212,208,213],"class_list":{"0":"post-200186","1":"post","2":"type-post","3":"status-publish","4":"format-standard","5":"has-post-thumbnail","7":"category-cyclisme","8":"tag-cycling","9":"tag-cyclisme","10":"tag-exposition","11":"tag-ffc","12":"tag-fr","13":"tag-france","14":"tag-route","15":"tag-sports","16":"tag-tour-de-france","17":"tag-uci","18":"tag-velo","19":"tag-world-tour"},"share_on_mastodon":{"url":"https:\/\/pubeurope.com\/@fr\/114737220349455711","error":""},"_links":{"self":[{"href":"https:\/\/www.europesays.com\/fr\/wp-json\/wp\/v2\/posts\/200186","targetHints":{"allow":["GET"]}}],"collection":[{"href":"https:\/\/www.europesays.com\/fr\/wp-json\/wp\/v2\/posts"}],"about":[{"href":"https:\/\/www.europesays.com\/fr\/wp-json\/wp\/v2\/types\/post"}],"author":[{"embeddable":true,"href":"https:\/\/www.europesays.com\/fr\/wp-json\/wp\/v2\/users\/2"}],"replies":[{"embeddable":true,"href":"https:\/\/www.europesays.com\/fr\/wp-json\/wp\/v2\/comments?post=200186"}],"version-history":[{"count":0,"href":"https:\/\/www.europesays.com\/fr\/wp-json\/wp\/v2\/posts\/200186\/revisions"}],"wp:featuredmedia":[{"embeddable":true,"href":"https:\/\/www.europesays.com\/fr\/wp-json\/wp\/v2\/media\/200187"}],"wp:attachment":[{"href":"https:\/\/www.europesays.com\/fr\/wp-json\/wp\/v2\/media?parent=200186"}],"wp:term":[{"taxonomy":"category","embeddable":true,"href":"https:\/\/www.europesays.com\/fr\/wp-json\/wp\/v2\/categories?post=200186"},{"taxonomy":"post_tag","embeddable":true,"href":"https:\/\/www.europesays.com\/fr\/wp-json\/wp\/v2\/tags?post=200186"}],"curies":[{"name":"wp","href":"https:\/\/api.w.org\/{rel}","templated":true}]}}