{"id":200223,"date":"2025-06-24T08:01:18","date_gmt":"2025-06-24T08:01:18","guid":{"rendered":"https:\/\/www.europesays.com\/fr\/200223\/"},"modified":"2025-06-24T08:01:18","modified_gmt":"2025-06-24T08:01:18","slug":"lorraine-les-images-insolites-du-week-end-le-plateau-tele-du-jour-bienvenue-au-cafe-des-sports","status":"publish","type":"post","link":"https:\/\/www.europesays.com\/fr\/200223\/","title":{"rendered":"Lorraine. Les images insolites du week-end, le plateau t\u00e9l\u00e9 du jour\u2026 Bienvenue au caf\u00e9 des sports\u00a0!"},"content":{"rendered":"<p>  Sur le web<\/p>\n<p>Le mardi, sur la page \u00ab <a href=\"https:\/\/www.estrepublicain.fr\/sport\/sport-lorrain\" target=\"_blank\" rel=\"noopener\">sport lorrain<\/a> \u00a0\u00bb de L\u2019Est R\u00e9publicain, vous avez rendez-vous avec la galerie des photos insolites du week-end. Histoire de garder le sourire\u00a0!<\/p>\n<p>  \u00c0 la t\u00e9l\u00e9<\/p>\n<p>Tennis\u00a0: Tournoi de Wimbledon, \u00e0 partir de 12h, sur beIN Sports 3.<\/p>\n<p>Basket\u00a0: Euro f\u00e9minin (quart de finale), France &#8211; Lituanie, \u00e0 partir de 16h30, sur TMC et TF1.<\/p>\n<p>Football\u00a0: Euro U19 f\u00e9minin (demi-finale), France &#8211; Portugal, \u00e0 partir de 20h, sur L\u2019\u00c9quipe Live.<\/p>\n<p>Basket\u00a0: Betclic \u00c9lite (finale, match 5), Paris &#8211; Monaco, \u00e0 partir de 20h30, sur DAZN.<\/p>\n<p>Football\u00a0: Coupe du monde des clubs (3e journ\u00e9e), Benfica &#8211; Bayern Munich, \u00e0 partir de 21h, sur DAZN.<\/p>\n","protected":false},"excerpt":{"rendered":"Sur le web Le mardi, sur la page \u00ab sport lorrain \u00a0\u00bb de L\u2019Est R\u00e9publicain, vous avez rendez-vous&hellip;\n","protected":false},"author":2,"featured_media":200224,"comment_status":"","ping_status":"","sticky":false,"template":"","format":"standard","meta":{"footnotes":""},"categories":[9635],"tags":[1111,11,1704,1777,674,1011,27,775,1702,1703,12,25,517,1700],"class_list":{"0":"post-200223","1":"post","2":"type-post","3":"status-publish","4":"format-standard","5":"has-post-thumbnail","7":"category-nancy","8":"tag-actu","9":"tag-actualites","10":"tag-edition-nancy-et-agglomeration","11":"tag-eu","12":"tag-europe","13":"tag-fr","14":"tag-france","15":"tag-grand-est","16":"tag-nancy","17":"tag-nancy-ville-54b","18":"tag-news","19":"tag-republique-francaise","20":"tag-sport","21":"tag-sport-lorrain"},"share_on_mastodon":{"url":"https:\/\/pubeurope.com\/@fr\/114737295153886778","error":""},"_links":{"self":[{"href":"https:\/\/www.europesays.com\/fr\/wp-json\/wp\/v2\/posts\/200223","targetHints":{"allow":["GET"]}}],"collection":[{"href":"https:\/\/www.europesays.com\/fr\/wp-json\/wp\/v2\/posts"}],"about":[{"href":"https:\/\/www.europesays.com\/fr\/wp-json\/wp\/v2\/types\/post"}],"author":[{"embeddable":true,"href":"https:\/\/www.europesays.com\/fr\/wp-json\/wp\/v2\/users\/2"}],"replies":[{"embeddable":true,"href":"https:\/\/www.europesays.com\/fr\/wp-json\/wp\/v2\/comments?post=200223"}],"version-history":[{"count":0,"href":"https:\/\/www.europesays.com\/fr\/wp-json\/wp\/v2\/posts\/200223\/revisions"}],"wp:featuredmedia":[{"embeddable":true,"href":"https:\/\/www.europesays.com\/fr\/wp-json\/wp\/v2\/media\/200224"}],"wp:attachment":[{"href":"https:\/\/www.europesays.com\/fr\/wp-json\/wp\/v2\/media?parent=200223"}],"wp:term":[{"taxonomy":"category","embeddable":true,"href":"https:\/\/www.europesays.com\/fr\/wp-json\/wp\/v2\/categories?post=200223"},{"taxonomy":"post_tag","embeddable":true,"href":"https:\/\/www.europesays.com\/fr\/wp-json\/wp\/v2\/tags?post=200223"}],"curies":[{"name":"wp","href":"https:\/\/api.w.org\/{rel}","templated":true}]}}