{"id":200235,"date":"2025-06-24T08:07:08","date_gmt":"2025-06-24T08:07:08","guid":{"rendered":"https:\/\/www.europesays.com\/fr\/200235\/"},"modified":"2025-06-24T08:07:08","modified_gmt":"2025-06-24T08:07:08","slug":"hockey-la-metropole-de-rouen-annonce-un-projet-de-construction-dune-nouvelle-grande-patinoire","status":"publish","type":"post","link":"https:\/\/www.europesays.com\/fr\/200235\/","title":{"rendered":"Hockey. La M\u00e9tropole de Rouen annonce un projet de construction d&rsquo;une nouvelle grande patinoire"},"content":{"rendered":"<p>            Par<br \/>\n        <strong><br \/>\n            <a href=\"https:\/\/actu.fr\/auteur\/thomas-rideau\" title=\"Consulter tous les articles de Thomas Rideau\" target=\"_blank\" rel=\"noopener\">Thomas Rideau<\/a><br \/>\n        <\/strong><\/p>\n<p>        Publi\u00e9 le<\/p>\n<p>            24 juin 2025 \u00e0 9h43        <\/p>\n<p>Le conseil de <a href=\"https:\/\/actu.fr\/tag\/metropole-rouen\" target=\"_blank\" rel=\"noopener\">la M\u00e9tropole de Rouen<\/a> du 30\u00a0juin s\u2019annonce particuli\u00e8rement dense\u2009! Nouveau d\u00e9l\u00e9gataire pour les bus, gratuit\u00e9 de ces derniers pour les moins de 18\u00a0ans et maintenant le lancement du projet d\u2019une nouvelle patinoire pour les <a href=\"https:\/\/actu.fr\/tag\/rouen-hockey-club\" target=\"_blank\" rel=\"noopener\">Dragons de Rouen<\/a>\u2009!<\/p>\n<p class=\" wall-content\">Le projet, d\u00e9voil\u00e9 ce lundi 23\u00a0juin 2025, n\u2019est qu\u2019un <strong>d\u00e9but d\u2019\u00e9bauche<\/strong>. Lors du conseil m\u00e9tropolitain, il sera surtout question d\u2019autoriser le \u00ab\u2009lancement d\u2019une \u00e9tude sur la localisation\u2009\u00bb de cette patinoire.<\/p>\n<p>Une patinoire avec 5 \u00e0 10 000 places<\/p>\n<p class=\" wall-content\">\u00ab\u2009La patinoire olympique de l\u2019\u00eele-Lacroix est satur\u00e9e quasiment \u00e0 chaque match et ne suffit plus \u00e0 accompagner le <strong>RHE (Rouen Hockey \u00c9lite)<\/strong> dans sa position de leader national\u2009\u00bb, indique la M\u00e9tropole via un communiqu\u00e9.<\/p>\n<p class=\" wall-content\">Pour le moment, nous savons seulement qu\u2019il s\u2019agit d\u2019une cr\u00e9ation d\u2019un \u00e9quipement sportif neuf qui aura une capacit\u00e9 de <strong>5000 \u00e0 10\u2009000 places<\/strong>. Et son lieu d\u2019installation devra prendre en compte la \u00ab\u2009desserte en transports en commun, l\u2019accessibilit\u00e9 routi\u00e8re, la localisation, le co\u00fbt d\u2019acquisition et les contraintes r\u00e9glementaires\u2009\u00bb.<\/p>\n<p>L\u2019\u00eele-Lacroix atteint ses limites<\/p>\n<p class=\" wall-content\">\u00ab\u2009Le club embl\u00e9matique et ses fid\u00e8les supporters ont besoin d\u2019un \u00e9quipement \u00e0 la hauteur de leur succ\u00e8s et de leurs ambitions. La patinoire de l\u2019\u00eele-Lacroix est un antre magnifique, mais avec une jauge d\u2019environ <strong>3000 places seulement<\/strong>, elle a d\u00e9sormais atteint ses limites\u2009\u00bb, pr\u00e9cise la collectivit\u00e9 de ce m\u00eame communiqu\u00e9.<\/p>\n<p>Vid\u00e9os : en ce moment sur Actu<\/p>\n<p class=\" wall-content\">Un projet qui va de pair avec les ambitions du nouveau pr\u00e9sident des Dragons, Ga\u00ebtan Muller. Celui-ci\u00a0compte bien faire augmenter le budget du club de fa\u00e7on importante. Au point de<strong> le faire doubler sous cinq saisons<\/strong>. Une boutique \u00e9ph\u00e9m\u00e8re et un restaurant attenant \u00e0 la patinoire sont notamment en projet. Il estime que la nouvelle patinoire pourrait voir le jour d\u2019ici \u00e0 2029 ou 2030.<\/p>\n<p class=\" wall-content\">Ce 30\u00a0juin, un autre vote pour lancer les \u00e9tudes pour le futur stade de foot aura \u00e9galement lieu.<\/p>\n<p>Suivez l\u2019actualit\u00e9 de Rouen <a href=\"https:\/\/www.whatsapp.com\/channel\/0029VaKfnf99hXF2ddApFB1D\" target=\"_blank\" rel=\"noopener\">sur notre cha\u00eene WhatsApp<\/a> et <a href=\"https:\/\/www.tiktok.com\/@76actu.fr?lang=fr\" target=\"_blank\" rel=\"noopener\">sur notre compte TikTok<\/a><\/p>\n<p class=\" wall-content\">Suivez toute l\u2019actualit\u00e9 de vos villes et m\u00e9dias favoris en vous inscrivant \u00e0 <a href=\"https:\/\/moncompte.actu.fr\" title=\"D\u00e9couvez Mon Actu\" rel=\"nofollow noopener\" data-trk=\"{&quot;cta&quot;:{&quot;action&quot;:&quot;https:\\\/\\\/moncompte.actu.fr&quot;,&quot;category&quot;:&quot;mon compte&quot;,&quot;from&quot;:&quot;article footer&quot;,&quot;name&quot;:&quot;Mon actu&quot;,&quot;type&quot;:&quot;cta&quot;}}\" target=\"_blank\">Mon Actu<\/a>.<\/p>\n<ul class=\"ac-article-tag wall-content\">\n<li><a href=\"https:\/\/actu.fr\/tag\/metropole-rouen\" data-trk=\"{&quot;cta&quot;:{&quot;action&quot;:&quot;M\\u00e9tropole Rouen&quot;,&quot;category&quot;:&quot;tag&quot;,&quot;from&quot;:&quot;article footer&quot;,&quot;name&quot;:&quot;M\\u00e9tropole Rouen&quot;,&quot;type&quot;:&quot;cta&quot;}}\" target=\"_blank\" rel=\"noopener\">#M\u00e9tropole Rouen<\/a><\/li>\n<li><a href=\"https:\/\/actu.fr\/tag\/rouen-hockey-club\" data-trk=\"{&quot;cta&quot;:{&quot;action&quot;:&quot;Rouen Hockey Club&quot;,&quot;category&quot;:&quot;tag&quot;,&quot;from&quot;:&quot;article footer&quot;,&quot;name&quot;:&quot;Rouen Hockey Club&quot;,&quot;type&quot;:&quot;cta&quot;}}\" target=\"_blank\" rel=\"noopener\">#Rouen Hockey Club<\/a><\/li>\n<\/ul>\n<p>                    <script async src=\"\/\/www.tiktok.com\/embed.js\"><\/script><\/p>\n","protected":false},"excerpt":{"rendered":"Par Thomas Rideau Publi\u00e9 le 24 juin 2025 \u00e0 9h43 Le conseil de la M\u00e9tropole de Rouen du&hellip;\n","protected":false},"author":2,"featured_media":200236,"comment_status":"","ping_status":"","sticky":false,"template":"","format":"standard","meta":{"footnotes":""},"categories":[9587],"tags":[1111,11,33,1777,674,1011,27,9725,12,5161,25,9590,33958],"class_list":{"0":"post-200235","1":"post","2":"type-post","3":"status-publish","4":"format-standard","5":"has-post-thumbnail","7":"category-rouen","8":"tag-actu","9":"tag-actualites","10":"tag-economie","11":"tag-eu","12":"tag-europe","13":"tag-fr","14":"tag-france","15":"tag-metropole-rouen","16":"tag-news","17":"tag-normandie","18":"tag-republique-francaise","19":"tag-rouen","20":"tag-rouen-hockey-club"},"share_on_mastodon":{"url":"https:\/\/pubeurope.com\/@fr\/114737318780447490","error":""},"_links":{"self":[{"href":"https:\/\/www.europesays.com\/fr\/wp-json\/wp\/v2\/posts\/200235","targetHints":{"allow":["GET"]}}],"collection":[{"href":"https:\/\/www.europesays.com\/fr\/wp-json\/wp\/v2\/posts"}],"about":[{"href":"https:\/\/www.europesays.com\/fr\/wp-json\/wp\/v2\/types\/post"}],"author":[{"embeddable":true,"href":"https:\/\/www.europesays.com\/fr\/wp-json\/wp\/v2\/users\/2"}],"replies":[{"embeddable":true,"href":"https:\/\/www.europesays.com\/fr\/wp-json\/wp\/v2\/comments?post=200235"}],"version-history":[{"count":0,"href":"https:\/\/www.europesays.com\/fr\/wp-json\/wp\/v2\/posts\/200235\/revisions"}],"wp:featuredmedia":[{"embeddable":true,"href":"https:\/\/www.europesays.com\/fr\/wp-json\/wp\/v2\/media\/200236"}],"wp:attachment":[{"href":"https:\/\/www.europesays.com\/fr\/wp-json\/wp\/v2\/media?parent=200235"}],"wp:term":[{"taxonomy":"category","embeddable":true,"href":"https:\/\/www.europesays.com\/fr\/wp-json\/wp\/v2\/categories?post=200235"},{"taxonomy":"post_tag","embeddable":true,"href":"https:\/\/www.europesays.com\/fr\/wp-json\/wp\/v2\/tags?post=200235"}],"curies":[{"name":"wp","href":"https:\/\/api.w.org\/{rel}","templated":true}]}}