{"id":200238,"date":"2025-06-24T08:09:10","date_gmt":"2025-06-24T08:09:10","guid":{"rendered":"https:\/\/www.europesays.com\/fr\/200238\/"},"modified":"2025-06-24T08:09:10","modified_gmt":"2025-06-24T08:09:10","slug":"le-maire-eric-piolle-retire-le-jumelage-avec-la-ville-israelienne-de-rehovot","status":"publish","type":"post","link":"https:\/\/www.europesays.com\/fr\/200238\/","title":{"rendered":"le maire Eric Piolle retire le jumelage avec la ville isra\u00e9lienne de Rehovot"},"content":{"rendered":"<p>\t\t\t\t\t\t\t\t\t\t\t<img loading=\"lazy\" decoding=\"async\" width=\"1110\" title=\"Grenoble : le maire Eric Piolle retire le jumelage avec la ville isra\u00e9lienne de Rehovot\" class=\"img-fluid not_lzld mb-3\" src=\"https:\/\/grandgrenoble.alpes1.com\/media\/news\/thumb\/1110x624_grenoble-le-maire-eric-piolle-retire-le-jumelage-avec-la-ville-israelienne-de-rehovot_685a565c8264e.webp\" alt=\"Grenoble : le maire Eric Piolle retire le jumelage avec la ville isra\u00e9lienne de Rehovot\" itemprop=\"image\" height=\"624\"\/>\t\t\t\t\t\t\t\t\t\t\t\t<\/p>\n<p>Grenoble : le maire Eric Piolle retire le jumelage avec la ville isra\u00e9lienne de Rehovot &#8211; DR<\/p>\n<p itemprop=\"description\"><strong>Lors du conseil municipal, le maire de Grenoble a annonc\u00e9 la fin du jumelage entre Rehovot (Isra\u00ebl) et la capitale is\u00e9roise.<\/strong><\/p>\n<p>Lundi soir, les \u00e9lus de la municipalit\u00e9 de Grenoble se sont r\u00e9unis en conseil. Un sujet d\u00e9licat a \u00e9t\u00e9 mis sur la table : le jumelage de la ville avec Rehovot, en Isra\u00ebl. Dans le m\u00eame temps, une manifestation pro-palestinienne se tenait sur les marches de la mairie \u00e0 propos du m\u00eame sujet.<\/p>\n<p>Le maire \u00e9cologiste, \u00c9ric Piolle, a alors pris la parole pour acter la fin de l\u2019alliance communale entre Grenoble et Rehovot : \u00ab\u00a0Ces derniers jours, l\u2019attaque d\u2019Isra\u00ebl contre l\u2019Iran a provoqu\u00e9 une grave escalade dans une r\u00e9gion d\u00e9j\u00e0 \u00e0 feu et \u00e0 sang. Nous pensons aux victimes civiles de T\u00e9h\u00e9ran, de Tel-Aviv, de Rehovot, mais aussi de Tamra, ville arabe isra\u00e9lienne, qui ne dispose d\u2019aucun abri pour sa population (\u2026) En France, comme \u00e0 Grenoble, nous sommes nombreuses et nombreux \u00e0 \u00eatre touch\u00e9s, en col\u00e8re et boulevers\u00e9s par ce conflit (\u2026) C\u2019est maintenant vital : la France doit agir et reconna\u00eetre l\u2019Etat de Palestine\u00a0\u00bb, a d\u2019abord lanc\u00e9 l\u2019\u00e9lu.<\/p>\n<p><strong>\u00ab\u00a0Il n\u2019existe aujourd\u2019hui aucun lien institutionnel entre nos deux collectivit\u00e9s\u00a0\u00bb<\/strong><\/p>\n<p>\u00ab\u00a0Historiquement, Grenoble est jumel\u00e9e avec deux villes : Rehovot, en Isra\u00ebl, et Bethl\u00e9em, en Palestine. Le jumelage avec Bethl\u00e9em est vivant et actif (\u2026) Concernant Rehovot, deux rappels s\u2019imposent : le jumelage \u00e9tait suspendu sine die depuis plusieurs ann\u00e9es. Il n\u2019existe aujourd\u2019hui aucun lien institutionnel entre nos deux collectivit\u00e9s\u00a0\u00bb, a d\u00e9clar\u00e9 \u00c9ric Piolle devant le conseil municipal.<\/p>\n<p>\u00c0 noter qu\u2019en octobre 2023, quelques jours apr\u00e8s l\u2019attaque du Hamas contre Isra\u00ebl, \u00c9ric Piolle avait annonc\u00e9 le lancement d\u2019un jumelage citoyen avec la ville isra\u00e9lienne \u00ab\u00a0au nom de la fraternit\u00e9 et de la paix\u00a0\u00bb. Mais depuis, le conflit a pris d\u2019autres dimensions.<\/p>\n<p>D\u00e9sormais, l\u2019\u00e9lu \u00e9cologiste souhaite promouvoir la culture et l\u2019histoire palestiniennes par le biais du Mois de la Palestine \u00e0 la Maison de l\u2019international et organiser une conf\u00e9rence publique sur l\u2019antis\u00e9mitisme \u00e0 l\u2019H\u00f4tel de Ville.<\/p>\n","protected":false},"excerpt":{"rendered":"Grenoble : le maire Eric Piolle retire le jumelage avec la ville isra\u00e9lienne de Rehovot &#8211; DR Lors&hellip;\n","protected":false},"author":2,"featured_media":200239,"comment_status":"","ping_status":"","sticky":false,"template":"","format":"standard","meta":{"footnotes":""},"categories":[9566],"tags":[1111,11,7733,8279,2430,7736,650,7734,2889,2263,1777,674,1011,27,2731,8280,6417,1114,108,4662,12,3725,1825,25,7737],"class_list":{"0":"post-200238","1":"post","2":"type-post","3":"status-publish","4":"format-standard","5":"has-post-thumbnail","7":"category-grenoble","8":"tag-actu","9":"tag-actualites","10":"tag-alpes","11":"tag-alpes1","12":"tag-auvergne-rhone-alpes","13":"tag-cds","14":"tag-cinema","15":"tag-ecoute","16":"tag-emission","17":"tag-equipe","18":"tag-eu","19":"tag-europe","20":"tag-fr","21":"tag-france","22":"tag-grenoble","23":"tag-haute","24":"tag-information","25":"tag-infos","26":"tag-isere","27":"tag-journal","28":"tag-news","29":"tag-podcast","30":"tag-radio","31":"tag-republique-francaise","32":"tag-winamp"},"share_on_mastodon":{"url":"https:\/\/pubeurope.com\/@fr\/114737326647893401","error":""},"_links":{"self":[{"href":"https:\/\/www.europesays.com\/fr\/wp-json\/wp\/v2\/posts\/200238","targetHints":{"allow":["GET"]}}],"collection":[{"href":"https:\/\/www.europesays.com\/fr\/wp-json\/wp\/v2\/posts"}],"about":[{"href":"https:\/\/www.europesays.com\/fr\/wp-json\/wp\/v2\/types\/post"}],"author":[{"embeddable":true,"href":"https:\/\/www.europesays.com\/fr\/wp-json\/wp\/v2\/users\/2"}],"replies":[{"embeddable":true,"href":"https:\/\/www.europesays.com\/fr\/wp-json\/wp\/v2\/comments?post=200238"}],"version-history":[{"count":0,"href":"https:\/\/www.europesays.com\/fr\/wp-json\/wp\/v2\/posts\/200238\/revisions"}],"wp:featuredmedia":[{"embeddable":true,"href":"https:\/\/www.europesays.com\/fr\/wp-json\/wp\/v2\/media\/200239"}],"wp:attachment":[{"href":"https:\/\/www.europesays.com\/fr\/wp-json\/wp\/v2\/media?parent=200238"}],"wp:term":[{"taxonomy":"category","embeddable":true,"href":"https:\/\/www.europesays.com\/fr\/wp-json\/wp\/v2\/categories?post=200238"},{"taxonomy":"post_tag","embeddable":true,"href":"https:\/\/www.europesays.com\/fr\/wp-json\/wp\/v2\/tags?post=200238"}],"curies":[{"name":"wp","href":"https:\/\/api.w.org\/{rel}","templated":true}]}}