{"id":200240,"date":"2025-06-24T08:10:13","date_gmt":"2025-06-24T08:10:13","guid":{"rendered":"https:\/\/www.europesays.com\/fr\/200240\/"},"modified":"2025-06-24T08:10:13","modified_gmt":"2025-06-24T08:10:13","slug":"116-gendarmes-15-interpellations-9-armes-a-feu-un-reseau-de-trafiquants-tombe-a-maurepas","status":"publish","type":"post","link":"https:\/\/www.europesays.com\/fr\/200240\/","title":{"rendered":"116 gendarmes, 15 interpellations, 9 armes \u00e0 feu\u2026 Un r\u00e9seau de trafiquants tombe \u00e0 Maurepas"},"content":{"rendered":"<p>Ils sont huit \u00e0 dormir en prison depuis ce week-end. Huit hommes tous d\u00e9j\u00e0 connus de la justice et qui sont soup\u00e7onn\u00e9s d\u2019avoir particip\u00e9, de pr\u00e8s ou de loin, <a href=\"https:\/\/www.20minutes.fr\/faits_divers\/4127855-20241206-rennes-huit-hommes-mis-examen-armes-saisies-apres-fusillades-maurepas\" class=\"color-ultramarine c-link\" rel=\"nofollow noopener\" target=\"_blank\">\u00e0 l\u2019organisation d\u2019un trafic de stup\u00e9fiants \u00e0 Maurepas<\/a>. Un homme et une femme, moins impliqu\u00e9s, ont \u00e9t\u00e9 plac\u00e9s sous contr\u00f4le judiciaire. C\u2019est dans ce quartier du nord de Rennes <a href=\"https:\/\/www.20minutes.fr\/faits_divers\/faits-divers-rennes\/4127380-20241204-rennes-trois-hommes-soupconnes-avoir-tire-enfant-5-ans-mis-examen\" class=\"color-ultramarine c-link\" rel=\"nofollow noopener\" target=\"_blank\">que le p\u00e8re de l\u2019enfant de 5 ans touch\u00e9 par une balle<\/a> lors d\u2019une tentative de r\u00e8glement de compte r\u00e9sidait. Un quartier gangren\u00e9 par le trafic de stup\u00e9fiants dans lequel de nombreux consommateurs viennent s\u2019approvisionner, donnant lieu<a href=\"https:\/\/www.20minutes.fr\/faits_divers\/faits-divers-rennes\/4152436-20250508-rennes-apres-fusillade-kalachnikov-retrouvee-trois-hommes-mis-examen\" class=\"color-ultramarine c-link\" rel=\"nofollow noopener\" target=\"_blank\"> \u00e0 d\u2019intenses guerres de territoire entre bandes rivales<\/a>. Depuis quelques jours, le r\u00e9seau a \u00e9t\u00e9 \u00e9teint, \u00e0 la faveur d\u2019une grosse op\u00e9ration des forces de l\u2019ordre.<\/p>\n<p>Le mardi 17\u00a0juin au matin, un important coup de filet a \u00e9t\u00e9 r\u00e9alis\u00e9 lors d\u2019une op\u00e9ration coordonn\u00e9e par le parquet de <a href=\"https:\/\/www.20minutes.fr\/rennes\/\" class=\"color-ultramarine c-link\" rel=\"nofollow noopener\" target=\"_blank\">Rennes<\/a>. Au total, 116 gendarmes \u00e9taient mobilis\u00e9s en Ille-et-Vilaine, \u00e0 Rennes et aux alentours, mais aussi en Vend\u00e9e pour interpeller 15 individus. Onze d\u2019entre eux ont \u00e9t\u00e9 plac\u00e9s en garde \u00e0 vue. \u00ab\u00a0un trafic particuli\u00e8rement actif et solidement implant\u00e9 avec des approvisionnements r\u00e9guliers et cons\u00e9quents\u00a0\u00bb, selon le procureur Fr\u00e9d\u00e9ric Teillet.<\/p>\n<\/p>\n<p>Les perquisitions ont \u00e9galement permis aux gendarmes de mettre la main sur d\u2019importantes quantit\u00e9s de drogue et des armes. Bilan de l\u2019op\u00e9ration\u00a0: 50\u00a0kg de r\u00e9sine de cannabis et 7\u00a0kg d\u2019herbe, 2\u00a0kg de coca\u00efne mais aussi 34.000 euros saisis en liquide et neuf armes \u00e0 feu. Les perquisitions ont \u00e9galement permis de mettre la main sur environ 500 paquets de cigarettes et de tabac \u00e0 rouler. Onze v\u00e9hicules ont \u00e9t\u00e9 saisis. La plupart de la drogue \u00e9tait stock\u00e9e \u00e0 Maurepas et aux Gayeulles. \u00ab\u00a0L\u2019activit\u00e9 du point de vente est estim\u00e9e entre 50 et 80 transactions quotidiennes\u00a0\u00bb.<\/p>\n<p>La lutte contre le trafic s\u2019intensifie<\/p>\n<p>Une mobilisation d\u2019ampleur pour les gendarmes et le parquet mais qui a port\u00e9 ses fruits. \u00ab\u00a0Cette op\u00e9ration constitue une r\u00e9ussite importante dans la lutte contre les trafics de stup\u00e9fiants et la criminalit\u00e9 organis\u00e9e sur le territoire rennais\u00a0\u00bb, se f\u00e9licite le procureur Fr\u00e9d\u00e9ric Teillet. La brigade de recherches de Rennes poursuit ses investigations.<\/p>\n<p><img decoding=\"async\" alt=\"De la drogue, des armes, des cigarettes et des voitures ont \u00e9t\u00e9 saisis par les gendarmes lors d'une op\u00e9ration de lutte contre le trafic de stup\u00e9fiants. \" class=\"c-img\" loading=\"lazy\" fetchpriority=\"auto\" width=\"718\"  src=\"https:\/\/img.20mn.fr\/KHpbC0maRGmJ9p8-gbyh2yk\/718x0\" \/>De la drogue, des armes, des cigarettes et des voitures ont \u00e9t\u00e9 saisis par les gendarmes lors d&rsquo;une op\u00e9ration de lutte contre le trafic de stup\u00e9fiants. \u2002-\u00a0BCOM RGBRET<\/p>\n<p>Depuis plusieurs ann\u00e9es, les heurts entre bandes rivales sont r\u00e9guliers \u00e0 Rennes, chacun cherchant \u00e0 r\u00e9cup\u00e9rer des points de deal. Fin mai, six hommes avaient \u00e9t\u00e9 interpell\u00e9s et mis en examen. Tous \u00e9taient soup\u00e7onn\u00e9s d\u2019avoir particip\u00e9 \u00e0 des fusillades \u00e0 Villejean.<\/p>\n","protected":false},"excerpt":{"rendered":"Ils sont huit \u00e0 dormir en prison depuis ce week-end. Huit hommes tous d\u00e9j\u00e0 connus de la justice&hellip;\n","protected":false},"author":2,"featured_media":200241,"comment_status":"","ping_status":"","sticky":false,"template":"","format":"standard","meta":{"footnotes":""},"categories":[2821],"tags":[1111,47,11,829,3675,3993,17489,1052,1777,674,118,7641,1011,27,3832,848,813,12,2636,2402,11681,584,25,887,2546],"class_list":{"0":"post-200240","1":"post","2":"type-post","3":"status-publish","4":"format-standard","5":"has-post-thumbnail","7":"category-rennes","8":"tag-actu","9":"tag-actualite","10":"tag-actualites","11":"tag-bretagne","12":"tag-cannabis","13":"tag-cocaine","14":"tag-dealer","15":"tag-drogue","16":"tag-eu","17":"tag-europe","18":"tag-faits-divers","19":"tag-faits-divers-rennes","20":"tag-fr","21":"tag-france","22":"tag-fusillade","23":"tag-ille-et-vilaine","24":"tag-narcotrafiquants","25":"tag-news","26":"tag-pays-de-la-loire","27":"tag-perquisition","28":"tag-reglement-de-comptes","29":"tag-rennes","30":"tag-republique-francaise","31":"tag-trafic-de-drogue","32":"tag-vendee"},"share_on_mastodon":{"url":"https:\/\/pubeurope.com\/@fr\/114737330619550797","error":""},"_links":{"self":[{"href":"https:\/\/www.europesays.com\/fr\/wp-json\/wp\/v2\/posts\/200240","targetHints":{"allow":["GET"]}}],"collection":[{"href":"https:\/\/www.europesays.com\/fr\/wp-json\/wp\/v2\/posts"}],"about":[{"href":"https:\/\/www.europesays.com\/fr\/wp-json\/wp\/v2\/types\/post"}],"author":[{"embeddable":true,"href":"https:\/\/www.europesays.com\/fr\/wp-json\/wp\/v2\/users\/2"}],"replies":[{"embeddable":true,"href":"https:\/\/www.europesays.com\/fr\/wp-json\/wp\/v2\/comments?post=200240"}],"version-history":[{"count":0,"href":"https:\/\/www.europesays.com\/fr\/wp-json\/wp\/v2\/posts\/200240\/revisions"}],"wp:featuredmedia":[{"embeddable":true,"href":"https:\/\/www.europesays.com\/fr\/wp-json\/wp\/v2\/media\/200241"}],"wp:attachment":[{"href":"https:\/\/www.europesays.com\/fr\/wp-json\/wp\/v2\/media?parent=200240"}],"wp:term":[{"taxonomy":"category","embeddable":true,"href":"https:\/\/www.europesays.com\/fr\/wp-json\/wp\/v2\/categories?post=200240"},{"taxonomy":"post_tag","embeddable":true,"href":"https:\/\/www.europesays.com\/fr\/wp-json\/wp\/v2\/tags?post=200240"}],"curies":[{"name":"wp","href":"https:\/\/api.w.org\/{rel}","templated":true}]}}