{"id":200242,"date":"2025-06-24T08:11:12","date_gmt":"2025-06-24T08:11:12","guid":{"rendered":"https:\/\/www.europesays.com\/fr\/200242\/"},"modified":"2025-06-24T08:11:12","modified_gmt":"2025-06-24T08:11:12","slug":"116-gendarmes-15-interpellations-9-armes-a-feu-un-reseau-de-trafiquants-tombe-a-maurepas-2","status":"publish","type":"post","link":"https:\/\/www.europesays.com\/fr\/200242\/","title":{"rendered":"116 gendarmes, 15 interpellations, 9 armes \u00e0 feu\u2026 Un r\u00e9seau de trafiquants tombe \u00e0 Maurepas"},"content":{"rendered":"<p><strong>coup de filet &#8211; Les gendarmes ont saisi de la drogue, des armes et 34.000 euros en liquide lors d\u2019une vaste op\u00e9ration<\/strong><\/p>\n<p>Ils sont huit \u00e0 dormir en prison depuis ce week-end. Huit hommes tous d\u00e9j\u00e0 connus de la justice et qui sont soup\u00e7onn\u00e9s d\u2019avoir particip\u00e9, de pr\u00e8s ou de loin, <a href=\"https:\/\/www.20minutes.fr\/faits_divers\/4127855-20241206-rennes-huit-hommes-mis-examen-armes-saisies-apres-fusillades-maurepas?at_medium=RSS%20feed&amp;at_campaign=ynews&amp;utm_source=yahoo&amp;utm_medium=rss&amp;utm_campaign=news_feed&amp;utm_content=in_article_link\" rel=\"nofollow noopener\" target=\"_blank\" data-ylk=\"slk:\u00e0 l\u2019organisation d\u2019un trafic de stup\u00e9fiants \u00e0 Maurepas;elm:context_link;itc:0;sec:content-canvas\" class=\"link \">\u00e0 l\u2019organisation d\u2019un trafic de stup\u00e9fiants \u00e0 Maurepas<\/a>. Un homme et une femme, moins impliqu\u00e9s, ont \u00e9t\u00e9 plac\u00e9s sous contr\u00f4le judiciaire. C\u2019est dans ce quartier du nord de Rennes <a href=\"https:\/\/www.20minutes.fr\/faits_divers\/faits-divers-rennes\/4127380-20241204-rennes-trois-hommes-soupconnes-avoir-tire-enfant-5-ans-mis-examen?at_medium=RSS%20feed&amp;at_campaign=ynews&amp;utm_source=yahoo&amp;utm_medium=rss&amp;utm_campaign=news_feed&amp;utm_content=in_article_link\" rel=\"nofollow noopener\" target=\"_blank\" data-ylk=\"slk:que le p\u00e8re de l\u2019enfant de 5 ans touch\u00e9 par une balle;elm:context_link;itc:0;sec:content-canvas\" class=\"link \">que le p\u00e8re de l\u2019enfant de 5 ans touch\u00e9 par une balle<\/a> lors d\u2019une tentative de r\u00e8glement de compte r\u00e9sidait. Un quartier gangren\u00e9 par le trafic de stup\u00e9fiants dans lequel de nombreux consommateurs viennent s\u2019approvisionner, donnant lieu<a href=\"https:\/\/www.20minutes.fr\/faits_divers\/faits-divers-rennes\/4152436-20250508-rennes-apres-fusillade-kalachnikov-retrouvee-trois-hommes-mis-examen?at_medium=RSS%20feed&amp;at_campaign=ynews&amp;utm_source=yahoo&amp;utm_medium=rss&amp;utm_campaign=news_feed&amp;utm_content=in_article_link\" rel=\"nofollow noopener\" target=\"_blank\" data-ylk=\"slk:\u00e0 d\u2019intenses guerres de territoire entre bandes rivales;elm:context_link;itc:0;sec:content-canvas\" class=\"link \"> \u00e0 d\u2019intenses guerres de territoire entre bandes rivales<\/a>. Depuis quelques jours, le r\u00e9seau a \u00e9t\u00e9 \u00e9teint, \u00e0 la faveur d\u2019une grosse op\u00e9ration des forces de l\u2019ordre.<\/p>\n<p>Le mardi 17\u00a0juin au matin, un important coup de filet a \u00e9t\u00e9 r\u00e9alis\u00e9 lors d\u2019une op\u00e9ration coordonn\u00e9e par le parquet de <a href=\"https:\/\/www.20minutes.fr\/rennes\/?at_medium=RSS%20feed&amp;at_campaign=ynews&amp;utm_source=yahoo&amp;utm_medium=rss&amp;utm_campaign=news_feed&amp;utm_content=in_article_link\" rel=\"nofollow noopener\" target=\"_blank\" data-ylk=\"slk:Rennes;elm:context_link;itc:0;sec:content-canvas\" class=\"link \">Rennes<\/a>. Au total, 116 gendarmes \u00e9taient mobilis\u00e9s en Ille-et-Vilaine, \u00e0 Rennes et aux alentours, mais aussi en Vend\u00e9e pour interpeller 15 individus. Onze d\u2019entre eux ont \u00e9t\u00e9 plac\u00e9s en garde \u00e0 vue. \u00ab\u00a0un trafic particuli\u00e8rement actif et solidement implant\u00e9 avec des approvisionnements r\u00e9guliers et cons\u00e9quents\u00a0\u00bb, selon le procureur Fr\u00e9d\u00e9ric Teillet.<\/p>\n<p>Les perquisitions ont \u00e9galement permis aux gendarmes de mettre la main sur d\u2019importantes quantit\u00e9s de drogue et des armes. Bilan de l\u2019op\u00e9ration\u00a0: 50\u00a0kg de r\u00e9sine de cannabis et 7\u00a0kg d\u2019herbe, 2\u00a0kg de coca\u00efne mais aussi 34.000 euros saisis en liquide et neuf armes \u00e0 feu. Les perquisitions ont \u00e9galem(&#8230;)<\/p>\n<p><a href=\"https:\/\/www.20minutes.fr\/faits_divers\/faits-divers-rennes\/4160067-20250624-rennes-116-gendarmes-15-interpellations-9-armes-feu-reseau-trafiquants-tombe-maurepas?at_medium=RSS%20feed&amp;at_campaign=ynews&amp;utm_source=yahoo&amp;utm_medium=rss&amp;utm_campaign=news_feed&amp;utm_content=read_more_link&quot;\" rel=\"nofollow noopener\" target=\"_blank\" data-ylk=\"slk:Lire la suite sur 20minutes;elm:context_link;itc:0;sec:content-canvas\" class=\"link \">Lire la suite sur 20minutes<\/a><\/p>\n<p>\u00c0 lire aussi :<br \/><a href=\"https:\/\/www.20minutes.fr\/faits_divers\/faits-divers-rennes\/4157641-20250609-bretagne-reseau-trafic-drogue-demantele-plus-30-kg-stupefiants-saisis?at_medium=RSS%20feed&amp;at_campaign=ynews&amp;utm_source=yahoo&amp;utm_medium=rss&amp;utm_campaign=news_feed&amp;utm_content=related_content_link\" rel=\"nofollow noopener\" target=\"_blank\" data-ylk=\"slk:Bretagne\u00a0: Un trafic de drogue d\u00e9mantel\u00e9, plus de 30\u00a0kg de stup\u00e9fiants saisis;elm:context_link;itc:0;sec:content-canvas\" class=\"link \">Bretagne\u00a0: Un trafic de drogue d\u00e9mantel\u00e9, plus de 30\u00a0kg de stup\u00e9fiants saisis<\/a><br \/><a href=\"https:\/\/www.20minutes.fr\/faits_divers\/faits-divers-rennes\/4155221-20250524-rennes-six-hommes-soupconnes-etre-impliques-fusillades-envoyes-prison?at_medium=RSS%20feed&amp;at_campaign=ynews&amp;utm_source=yahoo&amp;utm_medium=rss&amp;utm_campaign=news_feed&amp;utm_content=related_content_link\" rel=\"nofollow noopener\" target=\"_blank\" data-ylk=\"slk:Rennes\u00a0: Six hommes soup\u00e7onn\u00e9s d\u2019\u00eatre impliqu\u00e9s dans des fusillades envoy\u00e9s en prison;elm:context_link;itc:0;sec:content-canvas\" class=\"link \">Rennes\u00a0: Six hommes soup\u00e7onn\u00e9s d\u2019\u00eatre impliqu\u00e9s dans des fusillades envoy\u00e9s en prison<\/a><\/p>\n","protected":false},"excerpt":{"rendered":"coup de filet &#8211; Les gendarmes ont saisi de la drogue, des armes et 34.000 euros en liquide&hellip;\n","protected":false},"author":2,"featured_media":200243,"comment_status":"","ping_status":"","sticky":false,"template":"","format":"standard","meta":{"footnotes":""},"categories":[2821],"tags":[1111,11,829,33960,1777,674,3160,1011,27,13369,12,10210,584,25,33959],"class_list":{"0":"post-200242","1":"post","2":"type-post","3":"status-publish","4":"format-standard","5":"has-post-thumbnail","7":"category-rennes","8":"tag-actu","9":"tag-actualites","10":"tag-bretagne","11":"tag-coup-de-filet","12":"tag-eu","13":"tag-europe","14":"tag-forces-de-lordre","15":"tag-fr","16":"tag-france","17":"tag-gendarmes","18":"tag-news","19":"tag-reglement-de-compte","20":"tag-rennes","21":"tag-republique-francaise","22":"tag-un-homme-et-une-femme"},"share_on_mastodon":{"url":"https:\/\/pubeurope.com\/@fr\/114737334457828863","error":""},"_links":{"self":[{"href":"https:\/\/www.europesays.com\/fr\/wp-json\/wp\/v2\/posts\/200242","targetHints":{"allow":["GET"]}}],"collection":[{"href":"https:\/\/www.europesays.com\/fr\/wp-json\/wp\/v2\/posts"}],"about":[{"href":"https:\/\/www.europesays.com\/fr\/wp-json\/wp\/v2\/types\/post"}],"author":[{"embeddable":true,"href":"https:\/\/www.europesays.com\/fr\/wp-json\/wp\/v2\/users\/2"}],"replies":[{"embeddable":true,"href":"https:\/\/www.europesays.com\/fr\/wp-json\/wp\/v2\/comments?post=200242"}],"version-history":[{"count":0,"href":"https:\/\/www.europesays.com\/fr\/wp-json\/wp\/v2\/posts\/200242\/revisions"}],"wp:featuredmedia":[{"embeddable":true,"href":"https:\/\/www.europesays.com\/fr\/wp-json\/wp\/v2\/media\/200243"}],"wp:attachment":[{"href":"https:\/\/www.europesays.com\/fr\/wp-json\/wp\/v2\/media?parent=200242"}],"wp:term":[{"taxonomy":"category","embeddable":true,"href":"https:\/\/www.europesays.com\/fr\/wp-json\/wp\/v2\/categories?post=200242"},{"taxonomy":"post_tag","embeddable":true,"href":"https:\/\/www.europesays.com\/fr\/wp-json\/wp\/v2\/tags?post=200242"}],"curies":[{"name":"wp","href":"https:\/\/api.w.org\/{rel}","templated":true}]}}