{"id":200244,"date":"2025-06-24T08:12:08","date_gmt":"2025-06-24T08:12:08","guid":{"rendered":"https:\/\/www.europesays.com\/fr\/200244\/"},"modified":"2025-06-24T08:12:08","modified_gmt":"2025-06-24T08:12:08","slug":"deux-bureaux-vont-definitivement-fermer-a-strasbourg-tres-prochainement","status":"publish","type":"post","link":"https:\/\/www.europesays.com\/fr\/200244\/","title":{"rendered":"deux bureaux vont d\u00e9finitivement fermer \u00e0 Strasbourg tr\u00e8s prochainement"},"content":{"rendered":"<p>            Par<br \/>\n        <strong><br \/>\n            <a href=\"https:\/\/actu.fr\/auteur\/ivan-capecchi\" title=\"Consulter tous les articles de Ivan CAPECCHI\" rel=\"nofollow noopener\" target=\"_blank\">Ivan CAPECCHI<\/a><br \/>\n        <\/strong><\/p>\n<p>        Publi\u00e9 le<\/p>\n<p>            24 juin 2025 \u00e0 9h33        <\/p>\n<p>Les <strong>bureaux de poste<\/strong> de la <strong>place des Halles<\/strong> et de <strong>Porte-Blanche<\/strong>, \u00e0 Strasbourg, fermeront d\u00e9finitivement leurs portes le <strong>30\u00a0juin 2025<\/strong>.<\/p>\n<p class=\" wall-content\"><a href=\"https:\/\/actu.fr\/tag\/la-poste\" rel=\"nofollow noopener\" target=\"_blank\">La Poste<\/a> justifie cette d\u00e9cision par une <strong>forte baisse de la fr\u00e9quentation<\/strong> sur les deux sites au cours des dix derni\u00e8res ann\u00e9es\u2009: -48\u2009% pour la place des Halles, -51\u2009% pour Porte-Blanche.<\/p>\n<p class=\" wall-content\">Toujours selon La Poste, cette \u00e9volution refl\u00e8te une tendance nationale marqu\u00e9e par la <strong>mont\u00e9e en puissance des services en ligne<\/strong> et la <strong>g\u00e9n\u00e9ralisation du num\u00e9rique<\/strong>, par exemple pour les op\u00e9rations courantes comme <strong>l\u2019affranchissement<\/strong> ou le <strong>suivi d\u2019envois<\/strong>.<\/p>\n<p>Davantage de points relais, met en avant La Poste<\/p>\n<p class=\" wall-content\">Pour compenser ces fermetures, La Poste met en avant la <strong>pr\u00e9sence renforc\u00e9e de points relais<\/strong>, notamment chez des commer\u00e7ants \u00e0 proximit\u00e9 imm\u00e9diate, et la disponibilit\u00e9 de bureaux voisins comme ceux de la <strong>rue de la Fonderie<\/strong> ou de la <a href=\"https:\/\/actu.fr\/grand-est\/strasbourg_67482\/strasbourg-dans-la-rue-du-22-novembre-l-arrete-anti-alcool-ne-convainc-pas-c-est-parfois-pire_62590744.html\" rel=\"nofollow noopener\" target=\"_blank\">rue du 22-Novembre<\/a>.<\/p>\n<p class=\" wall-content\">\u00c0 l\u2019\u00e9chelle de la ville, le r\u00e9seau comptera \u00e0 partir de juillet <strong>18 bureaux de poste<\/strong>, <strong>17 relais commer\u00e7ants<\/strong>, <strong>66 relais Pickup<\/strong> et <strong>23 consignes automatiques<\/strong>.<\/p>\n<p>Vid\u00e9os : en ce moment sur Actu<\/p>\n<p class=\" wall-content\">Suivez toute l\u2019actualit\u00e9 de vos villes et m\u00e9dias favoris en vous inscrivant \u00e0 <a href=\"https:\/\/moncompte.actu.fr\" title=\"D\u00e9couvez Mon Actu\" rel=\"nofollow noopener\" data-trk=\"{&quot;cta&quot;:{&quot;action&quot;:&quot;https:\\\/\\\/moncompte.actu.fr&quot;,&quot;category&quot;:&quot;mon compte&quot;,&quot;from&quot;:&quot;article footer&quot;,&quot;name&quot;:&quot;Mon actu&quot;,&quot;type&quot;:&quot;cta&quot;}}\" target=\"_blank\">Mon Actu<\/a>.<\/p>\n","protected":false},"excerpt":{"rendered":"Par Ivan CAPECCHI Publi\u00e9 le 24 juin 2025 \u00e0 9h33 Les bureaux de poste de la place des&hellip;\n","protected":false},"author":2,"featured_media":200245,"comment_status":"","ping_status":"","sticky":false,"template":"","format":"standard","meta":{"footnotes":""},"categories":[2820],"tags":[1111,11,1777,674,1011,27,775,3316,12,25,104,640],"class_list":{"0":"post-200244","1":"post","2":"type-post","3":"status-publish","4":"format-standard","5":"has-post-thumbnail","7":"category-strasbourg","8":"tag-actu","9":"tag-actualites","10":"tag-eu","11":"tag-europe","12":"tag-fr","13":"tag-france","14":"tag-grand-est","15":"tag-la-poste","16":"tag-news","17":"tag-republique-francaise","18":"tag-societe","19":"tag-strasbourg"},"share_on_mastodon":{"url":"https:\/\/pubeurope.com\/@fr\/114737338381632340","error":""},"_links":{"self":[{"href":"https:\/\/www.europesays.com\/fr\/wp-json\/wp\/v2\/posts\/200244","targetHints":{"allow":["GET"]}}],"collection":[{"href":"https:\/\/www.europesays.com\/fr\/wp-json\/wp\/v2\/posts"}],"about":[{"href":"https:\/\/www.europesays.com\/fr\/wp-json\/wp\/v2\/types\/post"}],"author":[{"embeddable":true,"href":"https:\/\/www.europesays.com\/fr\/wp-json\/wp\/v2\/users\/2"}],"replies":[{"embeddable":true,"href":"https:\/\/www.europesays.com\/fr\/wp-json\/wp\/v2\/comments?post=200244"}],"version-history":[{"count":0,"href":"https:\/\/www.europesays.com\/fr\/wp-json\/wp\/v2\/posts\/200244\/revisions"}],"wp:featuredmedia":[{"embeddable":true,"href":"https:\/\/www.europesays.com\/fr\/wp-json\/wp\/v2\/media\/200245"}],"wp:attachment":[{"href":"https:\/\/www.europesays.com\/fr\/wp-json\/wp\/v2\/media?parent=200244"}],"wp:term":[{"taxonomy":"category","embeddable":true,"href":"https:\/\/www.europesays.com\/fr\/wp-json\/wp\/v2\/categories?post=200244"},{"taxonomy":"post_tag","embeddable":true,"href":"https:\/\/www.europesays.com\/fr\/wp-json\/wp\/v2\/tags?post=200244"}],"curies":[{"name":"wp","href":"https:\/\/api.w.org\/{rel}","templated":true}]}}