{"id":200251,"date":"2025-06-24T08:16:35","date_gmt":"2025-06-24T08:16:35","guid":{"rendered":"https:\/\/www.europesays.com\/fr\/200251\/"},"modified":"2025-06-24T08:16:35","modified_gmt":"2025-06-24T08:16:35","slug":"gens-du-voyage-un-schema-departemental-et-une-exposition-a-nantes","status":"publish","type":"post","link":"https:\/\/www.europesays.com\/fr\/200251\/","title":{"rendered":"Gens du voyage, un sch\u00e9ma d\u00e9partemental et une exposition \u00e0 Nantes"},"content":{"rendered":"<p>Les \u00e9lus de la Loire-Atlantique ont vot\u00e9 le sch\u00e9ma d\u00e9partemental des gens du voyage pour 2025-2031, en pr\u00e9sence de repr\u00e9sentants nombreux de la communaut\u00e9. L\u2019objectif de ce document est de se projeter dans les ann\u00e9es \u00e0 venir pour r\u00e9pondre \u00e0 leurs besoins. Leur nombre est estim\u00e9 \u00e0 10\u00a0000\u00a0personnes en Loire-Atlantique. S\u2019ils veulent toujours vivre en caravane, un grand nombre d\u2019entre eux deviennent de plus en plus s\u00e9dentaires. Il faut donc \u00e0 la fois des aires d\u2019accueil permanentes et pour les grands passages, ainsi que des terrains familiaux, pour ceux qui ne bougent quasiment plus.<\/p>\n<p><strong>Lire aussi\u00a0:<\/strong> <a href=\"https:\/\/nantes.maville.com\/actu\/actudet_-manque-de-terrains-cohabitation...-la-difficile-installation-des-gens-du-voyage-dans-le-vignoble-_8-6755717_actu.Htm\" target=\"_blank\" rel=\"noopener\">Manque de terrains, cohabitation\u2026 La difficile installation des gens du voyage dans le vignoble<\/a><\/p>\n<p>Les id\u00e9es re\u00e7ues sur les gens du voyage sont encore l\u00e9gion et ont m\u00eame, semble-t-il, tendance \u00e0 se renforcer. Pour apprendre aux uns et aux autres \u00e0 mieux se conna\u00eetre, pour d\u00e9passer les st\u00e9r\u00e9otypes, le conseil d\u00e9partemental propose une exposition r\u00e9alis\u00e9e par l\u2019association Tiss\u00e9 M\u00e9tisse. Il est par exemple rappel\u00e9 que jusqu\u2019en 2017, elles et ils avaient besoin d\u2019un titre de circulation pour se d\u00e9placer dans leur pays, la France.<\/p>\n<p><strong>Lire aussi\u00a0:<\/strong> <a href=\"https:\/\/nantes.maville.com\/actu\/actudet_-habitat-des-gens-du-voyage-une-feuille-de-route-ambitieuse-dans-la-metropole-de-nantes-_8-6744403_actu.Htm\" target=\"_blank\" rel=\"noopener\">Habitat des gens du voyage, une feuille de route ambitieuse dans la m\u00e9tropole de Nantes<\/a><\/p>\n<p>Le film Voyageurs, de Julien Sellenet, tourn\u00e9 \u00e0 Saint-Nazaire et dans les environs, donne la parole \u00e0 des membres des communaut\u00e9s nomades, croisant r\u00e9cits de vie et analyses de sociologues.<\/p>\n<p><strong>Jusqu\u2019au vendredi 4\u00a0juillet,<\/strong> du lundi au vendredi, de 8\u00a0h\u00a030 \u00e0 18\u00a0h, 3, quai Ceineray, \u00e0 Nantes, entr\u00e9e libre.<\/p>\n<p>\u00a0<\/p>\n","protected":false},"excerpt":{"rendered":"Les \u00e9lus de la Loire-Atlantique ont vot\u00e9 le sch\u00e9ma d\u00e9partemental des gens du voyage pour 2025-2031, en pr\u00e9sence&hellip;\n","protected":false},"author":2,"featured_media":200252,"comment_status":"","ping_status":"","sticky":false,"template":"","format":"standard","meta":{"footnotes":""},"categories":[2818],"tags":[1111,11,33961,1777,674,3293,1011,27,7397,766,12,2636,25,17793,586],"class_list":{"0":"post-200251","1":"post","2":"type-post","3":"status-publish","4":"format-standard","5":"has-post-thumbnail","7":"category-nantes","8":"tag-actu","9":"tag-actualites","10":"tag-departemental","11":"tag-eu","12":"tag-europe","13":"tag-exposition","14":"tag-fr","15":"tag-france","16":"tag-gens","17":"tag-nantes","18":"tag-news","19":"tag-pays-de-la-loire","20":"tag-republique-francaise","21":"tag-schema","22":"tag-voyage"},"share_on_mastodon":{"url":"https:\/\/pubeurope.com\/@fr\/114737354114724355","error":""},"_links":{"self":[{"href":"https:\/\/www.europesays.com\/fr\/wp-json\/wp\/v2\/posts\/200251","targetHints":{"allow":["GET"]}}],"collection":[{"href":"https:\/\/www.europesays.com\/fr\/wp-json\/wp\/v2\/posts"}],"about":[{"href":"https:\/\/www.europesays.com\/fr\/wp-json\/wp\/v2\/types\/post"}],"author":[{"embeddable":true,"href":"https:\/\/www.europesays.com\/fr\/wp-json\/wp\/v2\/users\/2"}],"replies":[{"embeddable":true,"href":"https:\/\/www.europesays.com\/fr\/wp-json\/wp\/v2\/comments?post=200251"}],"version-history":[{"count":0,"href":"https:\/\/www.europesays.com\/fr\/wp-json\/wp\/v2\/posts\/200251\/revisions"}],"wp:featuredmedia":[{"embeddable":true,"href":"https:\/\/www.europesays.com\/fr\/wp-json\/wp\/v2\/media\/200252"}],"wp:attachment":[{"href":"https:\/\/www.europesays.com\/fr\/wp-json\/wp\/v2\/media?parent=200251"}],"wp:term":[{"taxonomy":"category","embeddable":true,"href":"https:\/\/www.europesays.com\/fr\/wp-json\/wp\/v2\/categories?post=200251"},{"taxonomy":"post_tag","embeddable":true,"href":"https:\/\/www.europesays.com\/fr\/wp-json\/wp\/v2\/tags?post=200251"}],"curies":[{"name":"wp","href":"https:\/\/api.w.org\/{rel}","templated":true}]}}