{"id":200256,"date":"2025-06-24T08:19:08","date_gmt":"2025-06-24T08:19:08","guid":{"rendered":"https:\/\/www.europesays.com\/fr\/200256\/"},"modified":"2025-06-24T08:19:08","modified_gmt":"2025-06-24T08:19:08","slug":"lus-saint-malo-recrute-un-joueur-phare-des-girondins","status":"publish","type":"post","link":"https:\/\/www.europesays.com\/fr\/200256\/","title":{"rendered":"l&rsquo;US Saint-Malo recrute un joueur phare des Girondins"},"content":{"rendered":"<p>            Par<br \/>\n        <strong><br \/>\n            <a href=\"https:\/\/actu.fr\/auteur\/journaliste-pm\" title=\"Consulter tous les articles de R\u00e9daction Saint-Malo\" target=\"_blank\" rel=\"noopener\">R\u00e9daction Saint-Malo<\/a><br \/>\n        <\/strong><\/p>\n<p>        Publi\u00e9 le<\/p>\n<p>            24 juin 2025 \u00e0 10h16        <\/p>\n<p>C\u2019est un tr\u00e8s gros coup r\u00e9alis\u00e9 par les dirigeants de <a href=\"https:\/\/actu.fr\/bretagne\/saint-malo_35288\" target=\"_blank\" rel=\"noopener\">Saint-Malo<\/a> (Ille-et-Vilaine) qui viennent de faire signer Nathana\u00ebl Bai. Ce gaucher, qui a \u00e9volu\u00e9 au poste de lat\u00e9ral droit sur la majeure partie de la saison, avait fait forte impression lors des deux rencontres entre l\u2019USSM et les <a href=\"https:\/\/actu.fr\/tag\/girondins-de-bordeaux\" target=\"_blank\" rel=\"noopener\">Girondins de Bordeaux<\/a>, en championnat de National 2.<\/p>\n<p class=\" wall-content\">\u00c9l\u00e9ment le plus utilis\u00e9 par Bruni Irles, l\u2019entra\u00eeneur bordelais, avec 33 rencontres disput\u00e9es, Nathana\u00ebl Bai \u00e9tait l\u2019un des joueurs que les supporters Girondins souhaitaient absolument conserver.<\/p>\n<p>\u00ab\u00a0Grosse perte pour Bordeaux\u00a0\u00bb<\/p>\n<p class=\" wall-content\">\u00c0 en lire les r\u00e9actions sur les r\u00e9seaux sociaux du club scapulaire, c\u2019est un m\u00eame vrai bon coup r\u00e9alis\u00e9 par l\u2019US Saint-Malo : \u00ab Quel regret de le voir quitter le club \u00bb, \u00ab C\u2019est vraiment dommage. Il fait partie des rares satisfactions de la saison \u00e9coul\u00e9e \u00bb ou encore \u00ab Grosse perte pour Bordeaux \u00bb pouvait-on lire de la part des supporters bordelais \u00e0 l\u2019annonce du d\u00e9part du nouveau d\u00e9fenseur malouin.<\/p>\n<p class=\" wall-content\">Suivez toute l\u2019actualit\u00e9 de vos villes et m\u00e9dias favoris en vous inscrivant \u00e0 <a href=\"https:\/\/moncompte.actu.fr\" title=\"D\u00e9couvez Mon Actu\" rel=\"nofollow noopener\" data-trk=\"{&quot;cta&quot;:{&quot;action&quot;:&quot;https:\\\/\\\/moncompte.actu.fr&quot;,&quot;category&quot;:&quot;mon compte&quot;,&quot;from&quot;:&quot;article footer&quot;,&quot;name&quot;:&quot;Mon actu&quot;,&quot;type&quot;:&quot;cta&quot;}}\" target=\"_blank\">Mon Actu<\/a>.<\/p>\n<ul class=\"ac-article-tag wall-content\">\n<li><a href=\"https:\/\/actu.fr\/tag\/girondins-de-bordeaux\" data-trk=\"{&quot;cta&quot;:{&quot;action&quot;:&quot;Girondins de Bordeaux&quot;,&quot;category&quot;:&quot;tag&quot;,&quot;from&quot;:&quot;article footer&quot;,&quot;name&quot;:&quot;Girondins de Bordeaux&quot;,&quot;type&quot;:&quot;cta&quot;}}\" target=\"_blank\" rel=\"noopener\">#Girondins de Bordeaux<\/a><\/li>\n<li><a href=\"https:\/\/actu.fr\/tag\/mercato\" data-trk=\"{&quot;cta&quot;:{&quot;action&quot;:&quot;Mercato&quot;,&quot;category&quot;:&quot;tag&quot;,&quot;from&quot;:&quot;article footer&quot;,&quot;name&quot;:&quot;Mercato&quot;,&quot;type&quot;:&quot;cta&quot;}}\" target=\"_blank\" rel=\"noopener\">#Mercato<\/a><\/li>\n<\/ul>\n","protected":false},"excerpt":{"rendered":"Par R\u00e9daction Saint-Malo Publi\u00e9 le 24 juin 2025 \u00e0 10h16 C\u2019est un tr\u00e8s gros coup r\u00e9alis\u00e9 par les&hellip;\n","protected":false},"author":2,"featured_media":200257,"comment_status":"","ping_status":"","sticky":false,"template":"","format":"standard","meta":{"footnotes":""},"categories":[2817],"tags":[1111,11,1997,1777,674,63,1011,27,2908,1434,12,2219,25,60],"class_list":{"0":"post-200256","1":"post","2":"type-post","3":"status-publish","4":"format-standard","5":"has-post-thumbnail","7":"category-bordeaux","8":"tag-actu","9":"tag-actualites","10":"tag-bordeaux","11":"tag-eu","12":"tag-europe","13":"tag-football","14":"tag-fr","15":"tag-france","16":"tag-girondins-de-bordeaux","17":"tag-mercato","18":"tag-news","19":"tag-nouvelle-aquitaine","20":"tag-republique-francaise","21":"tag-sports"},"share_on_mastodon":{"url":"https:\/\/pubeurope.com\/@fr\/114737365974798848","error":""},"_links":{"self":[{"href":"https:\/\/www.europesays.com\/fr\/wp-json\/wp\/v2\/posts\/200256","targetHints":{"allow":["GET"]}}],"collection":[{"href":"https:\/\/www.europesays.com\/fr\/wp-json\/wp\/v2\/posts"}],"about":[{"href":"https:\/\/www.europesays.com\/fr\/wp-json\/wp\/v2\/types\/post"}],"author":[{"embeddable":true,"href":"https:\/\/www.europesays.com\/fr\/wp-json\/wp\/v2\/users\/2"}],"replies":[{"embeddable":true,"href":"https:\/\/www.europesays.com\/fr\/wp-json\/wp\/v2\/comments?post=200256"}],"version-history":[{"count":0,"href":"https:\/\/www.europesays.com\/fr\/wp-json\/wp\/v2\/posts\/200256\/revisions"}],"wp:featuredmedia":[{"embeddable":true,"href":"https:\/\/www.europesays.com\/fr\/wp-json\/wp\/v2\/media\/200257"}],"wp:attachment":[{"href":"https:\/\/www.europesays.com\/fr\/wp-json\/wp\/v2\/media?parent=200256"}],"wp:term":[{"taxonomy":"category","embeddable":true,"href":"https:\/\/www.europesays.com\/fr\/wp-json\/wp\/v2\/categories?post=200256"},{"taxonomy":"post_tag","embeddable":true,"href":"https:\/\/www.europesays.com\/fr\/wp-json\/wp\/v2\/tags?post=200256"}],"curies":[{"name":"wp","href":"https:\/\/api.w.org\/{rel}","templated":true}]}}