{"id":20026,"date":"2025-04-12T15:39:08","date_gmt":"2025-04-12T15:39:08","guid":{"rendered":"https:\/\/www.europesays.com\/fr\/20026\/"},"modified":"2025-04-12T15:39:08","modified_gmt":"2025-04-12T15:39:08","slug":"quel-temps-vont-avoir-les-55-000-coureurs-du-marathon-de-paris-ce-dimanche-13-avril","status":"publish","type":"post","link":"https:\/\/www.europesays.com\/fr\/20026\/","title":{"rendered":"quel temps vont avoir les 55 000 coureurs du Marathon de Paris ce dimanche 13 avril\u00a0?"},"content":{"rendered":"<p>            Par<br \/>\n        <strong><br \/>\n            <a href=\"https:\/\/actu.fr\/auteur\/redaction-paris\" title=\"Consulter tous les articles de R\u00e9daction Paris\" rel=\"nofollow noopener\" target=\"_blank\">R\u00e9daction Paris<\/a><br \/>\n        <\/strong><\/p>\n<p>        Publi\u00e9 le<\/p>\n<p>            12 avr. 2025 \u00e0 16h51        <\/p>\n<p>Avec <strong>plus de 55 000 coureurs<\/strong> au d\u00e9part, dont la moiti\u00e9 participeront dimanche 13 avril \u00e0 leur premier marathon, le <strong>Marathon de Paris<\/strong> est l\u2019un des plus pris\u00e9s du monde, moins pour la performance \u2013 le parcours n\u2019incite pas aux gros chronos \u2013 que pour l\u2019ambiance de f\u00eate au pied des grands monuments. Si la <a href=\"https:\/\/actu.fr\/meteo\/apres-le-soleil-la-meteo-change-de-visage-retour-des-nuages-et-de-la-pluie-a-paris-et-en-ile-de-france_62501921.html\" rel=\"nofollow noopener\" target=\"_blank\">m\u00e9t\u00e9o<\/a> est de la partie, c\u2019est encore mieux. Que pr\u00e9voit <a href=\"https:\/\/actu.fr\/tag\/meteo-france\" rel=\"nofollow noopener\" target=\"_blank\">M\u00e9t\u00e9o-France<\/a> ?\u00a0<\/p>\n<p>Beaucoup de nuages mais pas de pluie<\/p>\n<p class=\" wall-content\">Le d\u00e9part sera donn\u00e9 peu apr\u00e8s 8 h, ce dimanche 13 avril, et sera \u00e9chelonn\u00e9. Les coureurs les plus rapides s\u2019\u00e9lanceront en premier.<\/p>\n<p class=\" wall-content\">Ils quitteront les Champs \u00c9lys\u00e9es, direction le bois de Vincennes, avant de revenir sur leur pas pour repartir vers l\u2019hippodrome d\u2019Auteuil (16e) et terminer les 42,195 kilom\u00e8tres de course sur l\u2019avenue Foch.\u00a0<\/p>\n<p class=\" wall-content\">Apr\u00e8s une nuit de samedi \u00e0 dimanche marqu\u00e9e par quelques petites pluies faibles, le temps devrait \u00eatre sec dimanche matin avec de nombreux nuages malgr\u00e9 quelques rares \u00e9claircies. Pas de pluie ni de vent \u00e0 craindre a priori.\u00a0<\/p>\n<p class=\" wall-content\">C\u00f4t\u00e9 temp\u00e9ratures, M\u00e9t\u00e9o-France pr\u00e9voir 13\u00b0C \u00e0 8h. Des conditions somme toutes assez agr\u00e9ables pour courir un marathon mais \u00e9galement pour les spectateurs venus encourager les participants.\u00a0<\/p>\n<p>Vid\u00e9os : en ce moment sur Actu<\/p>\n<p class=\" wall-content\"><strong>Avec AFP<\/strong><\/p>\n<p class=\" wall-content\">Suivez toute l\u2019actualit\u00e9 de vos villes et m\u00e9dias favoris en vous inscrivant \u00e0 <a href=\"https:\/\/moncompte.actu.fr\" title=\"D\u00e9couvez Mon Actu\" rel=\"nofollow noopener\" data-trk=\"{&quot;cta&quot;:{&quot;action&quot;:&quot;https:\\\/\\\/moncompte.actu.fr&quot;,&quot;category&quot;:&quot;mon compte&quot;,&quot;from&quot;:&quot;article footer&quot;,&quot;name&quot;:&quot;Mon actu&quot;,&quot;type&quot;:&quot;cta&quot;}}\" target=\"_blank\">Mon Actu<\/a>.<\/p>\n","protected":false},"excerpt":{"rendered":"Par R\u00e9daction Paris Publi\u00e9 le 12 avr. 2025 \u00e0 16h51 Avec plus de 55 000 coureurs au d\u00e9part,&hellip;\n","protected":false},"author":2,"featured_media":20027,"comment_status":"","ping_status":"","sticky":false,"template":"","format":"standard","meta":{"footnotes":""},"categories":[1888],"tags":[1111,1928,11,1927,1777,674,1011,27,2487,2357,12,1926,626,1925,25],"class_list":{"0":"post-20026","1":"post","2":"type-post","3":"status-publish","4":"format-standard","5":"has-post-thumbnail","7":"category-paris","8":"tag-actu","9":"tag-actu-paris","10":"tag-actualites","11":"tag-actualites-paris","12":"tag-eu","13":"tag-europe","14":"tag-fr","15":"tag-france","16":"tag-meteo","17":"tag-meteo-france","18":"tag-news","19":"tag-news-paris","20":"tag-paris","21":"tag-paris-news","22":"tag-republique-francaise"},"share_on_mastodon":{"url":"https:\/\/pubeurope.com\/@fr\/114325747351375511","error":""},"_links":{"self":[{"href":"https:\/\/www.europesays.com\/fr\/wp-json\/wp\/v2\/posts\/20026","targetHints":{"allow":["GET"]}}],"collection":[{"href":"https:\/\/www.europesays.com\/fr\/wp-json\/wp\/v2\/posts"}],"about":[{"href":"https:\/\/www.europesays.com\/fr\/wp-json\/wp\/v2\/types\/post"}],"author":[{"embeddable":true,"href":"https:\/\/www.europesays.com\/fr\/wp-json\/wp\/v2\/users\/2"}],"replies":[{"embeddable":true,"href":"https:\/\/www.europesays.com\/fr\/wp-json\/wp\/v2\/comments?post=20026"}],"version-history":[{"count":0,"href":"https:\/\/www.europesays.com\/fr\/wp-json\/wp\/v2\/posts\/20026\/revisions"}],"wp:featuredmedia":[{"embeddable":true,"href":"https:\/\/www.europesays.com\/fr\/wp-json\/wp\/v2\/media\/20027"}],"wp:attachment":[{"href":"https:\/\/www.europesays.com\/fr\/wp-json\/wp\/v2\/media?parent=20026"}],"wp:term":[{"taxonomy":"category","embeddable":true,"href":"https:\/\/www.europesays.com\/fr\/wp-json\/wp\/v2\/categories?post=20026"},{"taxonomy":"post_tag","embeddable":true,"href":"https:\/\/www.europesays.com\/fr\/wp-json\/wp\/v2\/tags?post=20026"}],"curies":[{"name":"wp","href":"https:\/\/api.w.org\/{rel}","templated":true}]}}