{"id":200265,"date":"2025-06-24T08:24:16","date_gmt":"2025-06-24T08:24:16","guid":{"rendered":"https:\/\/www.europesays.com\/fr\/200265\/"},"modified":"2025-06-24T08:24:16","modified_gmt":"2025-06-24T08:24:16","slug":"une-explosion-entendue-et-une-vingtaine-de-vehicules-brules","status":"publish","type":"post","link":"https:\/\/www.europesays.com\/fr\/200265\/","title":{"rendered":"une \u00ab\u00a0explosion\u00a0\u00bb entendue et une vingtaine de v\u00e9hicules br\u00fbl\u00e9s"},"content":{"rendered":"<p>            Par<br \/>\n        <strong><br \/>\n            <a href=\"https:\/\/actu.fr\/auteur\/thibault-nadal-actu-fr\" title=\"Consulter tous les articles de Thibault Nadal\" rel=\"nofollow noopener\" target=\"_blank\">Thibault Nadal<\/a><br \/>\n        <\/strong><\/p>\n<p>        Publi\u00e9 le<\/p>\n<p>            24 juin 2025 \u00e0 9h48        <\/p>\n<p>Des images impressionnantes et de la fum\u00e9e visible sur des kilom\u00e8tres. Ce lundi soir, le centre-ville <a href=\"https:\/\/actu.fr\/provence-alpes-cote-d-azur\/aix-en-provence_13001\" rel=\"nofollow noopener\" target=\"_blank\">d\u2019Aix-en-Provence<\/a> a \u00e9t\u00e9 le th\u00e9\u00e2tre d\u2019un violent <a href=\"https:\/\/actu.fr\/tag\/incendie\" rel=\"nofollow noopener\" target=\"_blank\">incendie<\/a>. Le feu s\u2019est d\u00e9clar\u00e9 dans une concession automobile, indique les pompiers des <a href=\"https:\/\/actu.fr\/provence-alpes-cote-d-azur\/bouches-du-rhone_13\" rel=\"nofollow noopener\" target=\"_blank\">Bouches-du-Rh\u00f4ne<\/a>.<\/p>\n<p>23 v\u00e9hicules br\u00fbl\u00e9s<\/p>\n<p class=\" wall-content\">Cette \u00e9paisse fum\u00e9e, largement relay\u00e9e sur les r\u00e9seaux sociaux, est due \u00e0 <strong>l\u2019incendie de plusieurs v\u00e9hicules hybrides et \u00e9lectriques<\/strong>. Les secours expliquent \u00eatre intervenus \u00e0 19h30 pour un feu dans une concession Mercedes, situ\u00e9e rue Irma Marceau. Ce dernier n\u2019a \u00e9t\u00e9 totalement ma\u00eetris\u00e9 que ce mardi matin \u00e0 l\u2019aube.<\/p>\n<p class=\" wall-content\">\u00ab\u2009Le feu a d\u00e9truit 23 v\u00e9hicules dans le parc ext\u00e9rieur d\u2019une concession automobile\u2009\u00bb, d\u00e9taillent les pompiers ce mardi matin.<\/p>\n<p>    <a href=\"https:\/\/www.facebook.com\/plugins\/post.php?href=https%3A%2F%2Fwww.facebook.com%2FWhatsupPACA%2Fposts%2Fpfbid02y4mYqxZsWjxkuXFPMAmobN5w86qm5gKFqtYRDnpYDv89Nr9aLedGyrv9f8NekUTcl&amp;show_text=false&amp;width=350\" title=\"Ouvrie le lien\" rel=\"nofollow noopener\" target=\"_blank\">Cliquez ici pour visualiser le contenu<\/a><\/p>\n<p>L\u2019origine du feu encore inconnu<\/p>\n<p class=\" wall-content\">Toute la soir\u00e9e et la nuit, les services ont lutt\u00e9 pour \u00e9viter que le feu ne se propage aux trois b\u00e2timents attenants (4\u2009000\u00a0m2).<\/p>\n<p>Vid\u00e9os : en ce moment sur Actu<\/p>\n<p class=\" wall-content\">\n<p class=\" wall-content\">Pour le moment, les raisons de cet incendie ne sont pas connues. Aupr\u00e8s de La Provence, le directeur de la concession automobile explique avoir mis \u00e0 disposition ses cam\u00e9ras de surveillance. Un t\u00e9moin raconte avoir entendu \u00ab\u2009des explosions\u2009\u00bb. Une enqu\u00eate a \u00e9t\u00e9 ouverte.<\/p>\n<p class=\" wall-content\">Les pompiers pr\u00e9cisent que les salari\u00e9s de la concession Mercedes n\u2019ont <strong>pas \u00e9t\u00e9 plac\u00e9s en ch\u00f4mage technique<\/strong>.<\/p>\n<p class=\" wall-content\">Au total, une cinquantaine de pompiers et une vingtaine de v\u00e9hicules ont \u00e9t\u00e9 mobilis\u00e9s.<\/p>\n<p class=\" wall-content\">Suivez toute l\u2019actualit\u00e9 de vos villes et m\u00e9dias favoris en vous inscrivant \u00e0 <a href=\"https:\/\/moncompte.actu.fr\" title=\"D\u00e9couvez Mon Actu\" rel=\"nofollow noopener\" data-trk=\"{&quot;cta&quot;:{&quot;action&quot;:&quot;https:\\\/\\\/moncompte.actu.fr&quot;,&quot;category&quot;:&quot;mon compte&quot;,&quot;from&quot;:&quot;article footer&quot;,&quot;name&quot;:&quot;Mon actu&quot;,&quot;type&quot;:&quot;cta&quot;}}\" target=\"_blank\">Mon Actu<\/a>.<\/p>\n","protected":false},"excerpt":{"rendered":"Par Thibault Nadal Publi\u00e9 le 24 juin 2025 \u00e0 9h48 Des images impressionnantes et de la fum\u00e9e visible&hellip;\n","protected":false},"author":2,"featured_media":200266,"comment_status":"","ping_status":"","sticky":false,"template":"","format":"standard","meta":{"footnotes":""},"categories":[2814],"tags":[1111,11,1777,674,118,1011,27,1310,884,12,1311,882,25],"class_list":{"0":"post-200265","1":"post","2":"type-post","3":"status-publish","4":"format-standard","5":"has-post-thumbnail","7":"category-marseille","8":"tag-actu","9":"tag-actualites","10":"tag-eu","11":"tag-europe","12":"tag-faits-divers","13":"tag-fr","14":"tag-france","15":"tag-incendie","16":"tag-marseille","17":"tag-news","18":"tag-pompiers","19":"tag-provence-alpes-cote-dazur","20":"tag-republique-francaise"},"share_on_mastodon":{"url":"https:\/\/pubeurope.com\/@fr\/114737385672760967","error":""},"_links":{"self":[{"href":"https:\/\/www.europesays.com\/fr\/wp-json\/wp\/v2\/posts\/200265","targetHints":{"allow":["GET"]}}],"collection":[{"href":"https:\/\/www.europesays.com\/fr\/wp-json\/wp\/v2\/posts"}],"about":[{"href":"https:\/\/www.europesays.com\/fr\/wp-json\/wp\/v2\/types\/post"}],"author":[{"embeddable":true,"href":"https:\/\/www.europesays.com\/fr\/wp-json\/wp\/v2\/users\/2"}],"replies":[{"embeddable":true,"href":"https:\/\/www.europesays.com\/fr\/wp-json\/wp\/v2\/comments?post=200265"}],"version-history":[{"count":0,"href":"https:\/\/www.europesays.com\/fr\/wp-json\/wp\/v2\/posts\/200265\/revisions"}],"wp:featuredmedia":[{"embeddable":true,"href":"https:\/\/www.europesays.com\/fr\/wp-json\/wp\/v2\/media\/200266"}],"wp:attachment":[{"href":"https:\/\/www.europesays.com\/fr\/wp-json\/wp\/v2\/media?parent=200265"}],"wp:term":[{"taxonomy":"category","embeddable":true,"href":"https:\/\/www.europesays.com\/fr\/wp-json\/wp\/v2\/categories?post=200265"},{"taxonomy":"post_tag","embeddable":true,"href":"https:\/\/www.europesays.com\/fr\/wp-json\/wp\/v2\/tags?post=200265"}],"curies":[{"name":"wp","href":"https:\/\/api.w.org\/{rel}","templated":true}]}}